{"id":104943,"date":"2023-02-14T14:32:46","date_gmt":"2023-02-14T17:32:46","guid":{"rendered":"https:\/\/tvtecjundiai.com.br\/news\/?p=104943"},"modified":"2023-02-14T14:33:50","modified_gmt":"2023-02-14T17:33:50","slug":"acordo-preve-reestruturacao-do-cadastro-unico","status":"publish","type":"post","link":"https:\/\/tvtecjundiai.com.br\/news\/2023\/02\/14\/acordo-preve-reestruturacao-do-cadastro-unico\/","title":{"rendered":"Acordo prev\u00ea reestrutura\u00e7\u00e3o do Cadastro \u00danico"},"content":{"rendered":"\n<p>Acordo judicial assinado por Minist\u00e9rio do Desenvolvimento e Assist\u00eancia Social, Fam\u00edlia e Combate \u00e0 Fome (MDS), Defensoria P\u00fablica da Uni\u00e3o (DPU) e Advocacia-Geral da Uni\u00e3o (AGU) vai reestruturar o Cadastro \u00danico (Cad\u00danico), de forma a facilitar o acesso aos programas sociais do governo federal.<img decoding=\"async\" src=\"https:\/\/agenciabrasil.ebc.com.br\/ebc.png?id=1510312&amp;o=node\"><img decoding=\"async\" src=\"https:\/\/agenciabrasil.ebc.com.br\/ebc.gif?id=1510312&amp;o=node\"><\/p>\n\n\n\n<p>Al\u00e9m de garantir o benef\u00edcio a cidad\u00e3os que atendam aos requisitos dos programas, o acordo prev\u00ea, em car\u00e1ter emergencial, o repasse de R$ 200 milh\u00f5es a munic\u00edpios e estados em mar\u00e7o e abril, para auxiliar na reestrutura\u00e7\u00e3o da rede do Sistema \u00danico de Assist\u00eancia Social (Suas), possibilitando a busca ativa pelas pessoas que t\u00eam direito aos benef\u00edcios sociais.<\/p>\n\n\n\n<p>\u201cNesta a\u00e7\u00e3o, o olhar ser\u00e1 especial nos grupos de popula\u00e7\u00e3o em reconhecido grau de extrema vulnerabilidade, como pessoas em situa\u00e7\u00e3o de rua, povos ind\u00edgenas e crian\u00e7as submetidas ao trabalho\u201d, informou o MDS.<\/p>\n\n\n\n<p>Para tanto, ser\u00e3o capacitados 12 mil agentes nas 12 unidades do Suas no pa\u00eds, de forma a aprimorar a capacidade de atendimento da assist\u00eancia social.<\/p>\n\n\n\n<figure class=\"wp-block-image size-full\"><img loading=\"lazy\" decoding=\"async\" width=\"1170\" height=\"700\" src=\"https:\/\/tvtecjundiai.com.br\/news\/wp-content\/uploads\/sites\/2\/2023\/02\/13042015-_tng8681.jpg\" alt=\"\" class=\"wp-image-104947\" srcset=\"https:\/\/tvtecjundiai.com.br\/news\/wp-content\/uploads\/sites\/2\/2023\/02\/13042015-_tng8681.jpg 1170w, https:\/\/tvtecjundiai.com.br\/news\/wp-content\/uploads\/sites\/2\/2023\/02\/13042015-_tng8681-300x179.jpg 300w, https:\/\/tvtecjundiai.com.br\/news\/wp-content\/uploads\/sites\/2\/2023\/02\/13042015-_tng8681-768x459.jpg 768w\" sizes=\"auto, (max-width: 1170px) 100vw, 1170px\" \/><\/figure>\n\n\n\n<p><strong>Programas<br><\/strong>Em nota, o ministro do MDA, Wellington Dias, disse que, de imediato, \u201cmilh\u00f5es de pessoas ter\u00e3o as portas abertas\u201d para acessarem programas sociais. \u201cUm direito que foi negado a essas pessoas, que foram l\u00e1 no Centro Refer\u00eancia de Assist\u00eancia Social (Cras) de algum munic\u00edpio do Brasil, se cadastraram, preencheram requisitos e ficaram de fora. Pessoas que nem direito \u00e0 inscri\u00e7\u00e3o tiveram, enquanto outros com renda bem elevada est\u00e3o recebendo\u201d, disse o ministro.<\/p>\n\n\n\n<p>De acordo com a pasta, o Cad\u00danico representa a \u201cporta de entrada para 32 programas sociais do Governo Federal\u201d. Sua reconstru\u00e7\u00e3o teve in\u00edcio em meio \u00e0s articula\u00e7\u00f5es feitas no \u00e2mbito do Suas.<\/p>\n\n\n\n<p>O advogado-geral da Uni\u00e3o, Jorge Messias, informou que a iniciativa n\u00e3o trata apenas de sistema, cadastro, processo e ato administrativo. \u201cEstamos falando de vidas; de pessoas que precisam muito do amparo do Estado\u201d, disse.<\/p>\n\n\n\n<p>Segundo o MDS, o acordo foi poss\u00edvel a partir uma a\u00e7\u00e3o de 2020 da Defensoria P\u00fablica da Uni\u00e3o que questionou a paralisa\u00e7\u00e3o das atividades de cadastramento e atualiza\u00e7\u00e3o do Cad\u00daNico durante a pandemia da COVID-19.<\/p>\n\n\n\n<p>Tamb\u00e9m favoreceram a chegada a um acordo a desestrutura\u00e7\u00e3o da rede descentralizada de atendimento \u00e0s fam\u00edlias no Suas; a falta de articula\u00e7\u00e3o federativa e de orienta\u00e7\u00e3o aos munic\u00edpios e \u00e0 sociedade; e o aumento de n\u00famero de cadastros com diverg\u00eancia de renda.<\/p>\n\n\n\n<p>O acordo prev\u00ea que o MDS dever\u00e1 disponibilizar novas funcionalidades no aplicativo do Cadastro \u00danico \u201cpara que as pessoas que nele ingressaram de forma incorreta, cadastrando-se isoladamente, ainda que morem com suas fam\u00edlias, possam solicitar o cancelamento do cadastro feito de forma equivocada, seguida de nova inclus\u00e3o da fam\u00edlia de forma correta\u201d.<\/p>\n\n\n\n<p>Est\u00e1 tamb\u00e9m previsto, entre as novas funcionalidades do aplicativo, a op\u00e7\u00e3o de desligamento volunt\u00e1rio do programa.<\/p>\n\n\n\n<p><em><strong>(Fonte: Ag\u00eancia Brasil\/Imagem: T\u00e2nia R\u00eago\/Ag\u00eancia Brasil)<\/strong><\/em><\/p>\n","protected":false},"excerpt":{"rendered":"<p>O objetivo \u00e9 facilitar o acesso aos programas sociais do governo federal<\/p>\n","protected":false},"author":30,"featured_media":104947,"comment_status":"closed","ping_status":"0","sticky":false,"template":"","format":"standard","meta":{"footnotes":""},"categories":[8392,8356,1],"tags":[],"class_list":["post-104943","post","type-post","status-publish","format-standard","has-post-thumbnail","hentry","category-assistencia-social","category-jundiai","category-noticias"],"_links":{"self":[{"href":"https:\/\/tvtecjundiai.com.br\/news\/wp-json\/wp\/v2\/posts\/104943","targetHints":{"allow":["GET"]}}],"collection":[{"href":"https:\/\/tvtecjundiai.com.br\/news\/wp-json\/wp\/v2\/posts"}],"about":[{"href":"https:\/\/tvtecjundiai.com.br\/news\/wp-json\/wp\/v2\/types\/post"}],"author":[{"embeddable":true,"href":"https:\/\/tvtecjundiai.com.br\/news\/wp-json\/wp\/v2\/users\/30"}],"replies":[{"embeddable":true,"href":"https:\/\/tvtecjundiai.com.br\/news\/wp-json\/wp\/v2\/comments?post=104943"}],"version-history":[{"count":2,"href":"https:\/\/tvtecjundiai.com.br\/news\/wp-json\/wp\/v2\/posts\/104943\/revisions"}],"predecessor-version":[{"id":104949,"href":"https:\/\/tvtecjundiai.com.br\/news\/wp-json\/wp\/v2\/posts\/104943\/revisions\/104949"}],"wp:featuredmedia":[{"embeddable":true,"href":"https:\/\/tvtecjundiai.com.br\/news\/wp-json\/wp\/v2\/media\/104947"}],"wp:attachment":[{"href":"https:\/\/tvtecjundiai.com.br\/news\/wp-json\/wp\/v2\/media?parent=104943"}],"wp:term":[{"taxonomy":"category","embeddable":true,"href":"https:\/\/tvtecjundiai.com.br\/news\/wp-json\/wp\/v2\/categories?post=104943"},{"taxonomy":"post_tag","embeddable":true,"href":"https:\/\/tvtecjundiai.com.br\/news\/wp-json\/wp\/v2\/tags?post=104943"}],"curies":[{"name":"wp","href":"https:\/\/api.w.org\/{rel}","templated":true}]}}