{"id":104950,"date":"2023-02-14T17:16:08","date_gmt":"2023-02-14T20:16:08","guid":{"rendered":"https:\/\/tvtecjundiai.com.br\/news\/?p=104950"},"modified":"2023-02-14T17:16:14","modified_gmt":"2023-02-14T20:16:14","slug":"para-auxiliar-familias-jundiai-disponibiliza-lista-de-transportadores-escolares","status":"publish","type":"post","link":"https:\/\/tvtecjundiai.com.br\/news\/2023\/02\/14\/para-auxiliar-familias-jundiai-disponibiliza-lista-de-transportadores-escolares\/","title":{"rendered":"Para auxiliar fam\u00edlias, Jundia\u00ed disponibiliza lista de transportadores escolares"},"content":{"rendered":"\n<p>Com o retorno das aulas em todas as unidades escolares de Jundia\u00ed, a Prefeitura, por meio da Unidade de Gest\u00e3o de Mobilidade e Transporte (UGMT), divulga a lista com transportadores escolares que est\u00e3o cadastrados e oficialmente autorizados a atender a demanda de estudantes no munic\u00edpio.<\/p>\n\n\n\n<p>O cadastro e as medidas de fiscaliza\u00e7\u00e3o permitem a seguran\u00e7a aos alunos, e proporcionam tranquilidade aos pais e respons\u00e1veis, uma vez que estar\u00e3o contratando condutores credenciados para oferecer presta\u00e7\u00e3o de servi\u00e7o de locomo\u00e7\u00e3o entre as resid\u00eancias e unidades de ensino.<\/p>\n\n\n\n<p>Jundia\u00ed conta com mais de 300 condutores cadastrados na Prefeitura, que atuam nas diversas regi\u00f5es da cidade.<\/p>\n\n\n\n<p>A lista est\u00e1 dispon\u00edvel no\u00a0<a href=\"https:\/\/jundiai.sp.gov.br\/transportes\/transporte-publico\/escolar\">site<\/a>\u00a0(Mobilidade e Transporte) e tamb\u00e9m na p\u00e1gina inicial \u2013 servi\u00e7os mais acessados -, no \u00edcone\u00a0<strong>\u2018Transportador Escolar\u2019<\/strong>.<\/p>\n\n\n\n<figure class=\"wp-block-image size-large\"><img loading=\"lazy\" decoding=\"async\" width=\"1200\" height=\"868\" src=\"https:\/\/tvtecjundiai.com.br\/news\/wp-content\/uploads\/sites\/2\/2023\/02\/veiculos-de-transporte-escolar-1200x868.jpg\" alt=\"\" class=\"wp-image-104951\" srcset=\"https:\/\/tvtecjundiai.com.br\/news\/wp-content\/uploads\/sites\/2\/2023\/02\/veiculos-de-transporte-escolar-1200x868.jpg 1200w, https:\/\/tvtecjundiai.com.br\/news\/wp-content\/uploads\/sites\/2\/2023\/02\/veiculos-de-transporte-escolar-300x217.jpg 300w, https:\/\/tvtecjundiai.com.br\/news\/wp-content\/uploads\/sites\/2\/2023\/02\/veiculos-de-transporte-escolar-768x556.jpg 768w, https:\/\/tvtecjundiai.com.br\/news\/wp-content\/uploads\/sites\/2\/2023\/02\/veiculos-de-transporte-escolar.jpg 1215w\" sizes=\"auto, (max-width: 1200px) 100vw, 1200px\" \/><figcaption class=\"wp-element-caption\">Jundia\u00ed conta com mais de 300 transportadores escolares credenciados para atenderem demanda de estudantes<\/figcaption><\/figure>\n\n\n\n<p><strong><em>(Fonte\/Imagem: Prefeitura de Jundia\u00ed)<\/em><\/strong><\/p>\n","protected":false},"excerpt":{"rendered":"<p>Jundia\u00ed conta com mais de 300 condutores cadastrados na Prefeitura<\/p>\n","protected":false},"author":30,"featured_media":104951,"comment_status":"closed","ping_status":"0","sticky":false,"template":"","format":"standard","meta":{"footnotes":""},"categories":[8356,5697,1,3059],"tags":[],"class_list":["post-104950","post","type-post","status-publish","format-standard","has-post-thumbnail","hentry","category-jundiai","category-mobilidade-noticias","category-noticias","category-transportes"],"_links":{"self":[{"href":"https:\/\/tvtecjundiai.com.br\/news\/wp-json\/wp\/v2\/posts\/104950","targetHints":{"allow":["GET"]}}],"collection":[{"href":"https:\/\/tvtecjundiai.com.br\/news\/wp-json\/wp\/v2\/posts"}],"about":[{"href":"https:\/\/tvtecjundiai.com.br\/news\/wp-json\/wp\/v2\/types\/post"}],"author":[{"embeddable":true,"href":"https:\/\/tvtecjundiai.com.br\/news\/wp-json\/wp\/v2\/users\/30"}],"replies":[{"embeddable":true,"href":"https:\/\/tvtecjundiai.com.br\/news\/wp-json\/wp\/v2\/comments?post=104950"}],"version-history":[{"count":1,"href":"https:\/\/tvtecjundiai.com.br\/news\/wp-json\/wp\/v2\/posts\/104950\/revisions"}],"predecessor-version":[{"id":104952,"href":"https:\/\/tvtecjundiai.com.br\/news\/wp-json\/wp\/v2\/posts\/104950\/revisions\/104952"}],"wp:featuredmedia":[{"embeddable":true,"href":"https:\/\/tvtecjundiai.com.br\/news\/wp-json\/wp\/v2\/media\/104951"}],"wp:attachment":[{"href":"https:\/\/tvtecjundiai.com.br\/news\/wp-json\/wp\/v2\/media?parent=104950"}],"wp:term":[{"taxonomy":"category","embeddable":true,"href":"https:\/\/tvtecjundiai.com.br\/news\/wp-json\/wp\/v2\/categories?post=104950"},{"taxonomy":"post_tag","embeddable":true,"href":"https:\/\/tvtecjundiai.com.br\/news\/wp-json\/wp\/v2\/tags?post=104950"}],"curies":[{"name":"wp","href":"https:\/\/api.w.org\/{rel}","templated":true}]}}