{"id":104966,"date":"2023-02-15T10:27:33","date_gmt":"2023-02-15T13:27:33","guid":{"rendered":"https:\/\/tvtecjundiai.com.br\/news\/?p=104966"},"modified":"2023-02-15T10:27:40","modified_gmt":"2023-02-15T13:27:40","slug":"ugmt-realiza-monitoramento-e-desvio-de-transito-para-desfiles-de-blocos","status":"publish","type":"post","link":"https:\/\/tvtecjundiai.com.br\/news\/2023\/02\/15\/ugmt-realiza-monitoramento-e-desvio-de-transito-para-desfiles-de-blocos\/","title":{"rendered":"UGMT realiza monitoramento e desvio de tr\u00e2nsito para desfiles de blocos"},"content":{"rendered":"\n<p>Para promover a seguran\u00e7a da popula\u00e7\u00e3o e a fluidez no tr\u00e2nsito, a Unidade de Gest\u00e3o de Mobilidade e Transporte (UGMT) realizar\u00e1 opera\u00e7\u00e3o com sinaliza\u00e7\u00e3o, monitoramento e orienta\u00e7\u00e3o de agentes durante os desvios nas vias por onde ir\u00e3o desfilar os blocos de rua carnavalescos, de sexta-feira (17) at\u00e9 a pr\u00f3xima ter\u00e7a-feira (21).<\/p>\n\n\n\n<p>O acompanhamento em tempo real, ser\u00e1 realizado tanto pelos agentes posicionados nas ruas, bem como na Sala de Situa\u00e7\u00e3o do Pa\u00e7o Municipal, com o Comit\u00ea Integrado de Monitoramento do Carnaval.<\/p>\n\n\n\n<figure class=\"wp-block-image size-large\"><img loading=\"lazy\" decoding=\"async\" width=\"1200\" height=\"645\" src=\"https:\/\/tvtecjundiai.com.br\/news\/wp-content\/uploads\/sites\/2\/2023\/02\/monitoramento-e-desvio-transito-1-1200x645.jpg\" alt=\"\" class=\"wp-image-104968\" srcset=\"https:\/\/tvtecjundiai.com.br\/news\/wp-content\/uploads\/sites\/2\/2023\/02\/monitoramento-e-desvio-transito-1-1200x645.jpg 1200w, https:\/\/tvtecjundiai.com.br\/news\/wp-content\/uploads\/sites\/2\/2023\/02\/monitoramento-e-desvio-transito-1-300x161.jpg 300w, https:\/\/tvtecjundiai.com.br\/news\/wp-content\/uploads\/sites\/2\/2023\/02\/monitoramento-e-desvio-transito-1-768x413.jpg 768w, https:\/\/tvtecjundiai.com.br\/news\/wp-content\/uploads\/sites\/2\/2023\/02\/monitoramento-e-desvio-transito-1.jpg 1280w\" sizes=\"auto, (max-width: 1200px) 100vw, 1200px\" \/><figcaption class=\"wp-element-caption\">Agentes de tr\u00e2nsito monitoram desfiles, em tempo real, para proporcionar seguran\u00e7a de foli\u00f5es<\/figcaption><\/figure>\n\n\n\n<p><strong>Sexta-feira (17)&nbsp;<\/strong><\/p>\n\n\n\n<p><strong>&gt; Bloco Refogado do Sandi<\/strong><\/p>\n\n\n\n<ul class=\"wp-block-list\">\n<li><strong>Concentra\u00e7\u00e3o: a<\/strong>&nbsp;partir das 15h, na Pra\u00e7a Ruy Barbosa \u2013 Centro<\/li>\n\n\n\n<li><strong>Desfile: sa\u00edda \u00e0s 15h30, com trajeto pela rua Bar\u00e3o de Jundia\u00ed, rua Siqueira de Moraes e rua do Ros\u00e1rio<\/strong><\/li>\n\n\n\n<li><strong>Dispers\u00e3o:&nbsp;<\/strong>\u00e0s 19h30, na rua do Ros\u00e1rio, altura do n\u00famero 295, em frente ao ponto de t\u00e1xi da Catedral<\/li>\n<\/ul>\n\n\n\n<p>A sexta-feira contar\u00e1 com anima\u00e7\u00e3o do tradicional bloco de rua Refogado do Sandi, na Regi\u00e3o Central. A concentra\u00e7\u00e3o, \u00e0s 15h, ser\u00e1 na pra\u00e7a Ruy Barbosa (Centro), sa\u00edda prevista \u00e0s 15h30 pela Rua Bar\u00e3o de Jundia\u00ed, entra \u00e0 esquerda na Rua Cel. Siqueira de Moraes e vira \u00e0 esquerda na Rua do Ros\u00e1rio, onde o desfile dever\u00e1 terminar ao lado da Pra\u00e7a Governador Pedro de Toledo (Rua do Ros\u00e1rio, 295 \u2013 antes da Rua Bernardino de Campos), \u00e0s 19h30.<\/p>\n\n\n\n<p>As interdi\u00e7\u00f5es ser\u00e3o a partir das 13h (parte das vias ser\u00e3o interditadas de acordo com o deslocamento do Trio El\u00e9trico), sendo impedido o tr\u00e2nsito de ve\u00edculos no cruzamento da Rua Bar\u00e3o de Jundia\u00ed com a Rua Secundino Veiga, da Rua Vig\u00e1rio J. J. Rodrigues com a Rua C\u00e2ndido Rodrigues, da Rua do Ros\u00e1rio com a Rua S\u00e3o Bento, da Rua Cel. Siqueira de Moraes com a Rua Senador Fonseca e da Rua Bernardino de Campos com a Rua Senador Fonseca, at\u00e9 a dispers\u00e3o total dos participantes por volta das 23h.<\/p>\n\n\n\n<p><strong>S\u00e1bado (18)<\/strong><\/p>\n\n\n\n<p><strong>&gt; Bloco da Drop<\/strong><\/p>\n\n\n\n<ul class=\"wp-block-list\">\n<li><strong>Concentra\u00e7\u00e3o:&nbsp;<\/strong>a partir das 13h, na Cidade Administrativa (avenida Alexandre Ludke, 700 \u2013 em frente ao terminal Hortol\u00e2ndia)<\/li>\n\n\n\n<li><strong>Desfile:&nbsp;<\/strong>a partir das 14h<\/li>\n\n\n\n<li><strong>Dispers\u00e3o:&nbsp;<\/strong>19h<\/li>\n<\/ul>\n\n\n\n<p>Por volta das 13h ser\u00e1 interditada a Av. Odair Milamonti (no sentido da Av. Navarro de Andrade para a Av. Alexandre Ludke), a princ\u00edpio Av. Alexandre Ludke ser\u00e1 interditada ap\u00f3s o acesso \u00e0 Rodovia Vereador Geraldo Dias (pr\u00f3ximo ao Terminal Urbano da Vila Hortol\u00e2ndia) e, caso seja necess\u00e1rio, a Av. Alexandre Ludke poder\u00e1 ser interditada no cruzamento com a Av. Odair Milamonti \u2013 nesse caso, o acesso \u00e0 Rodovia Vereador Geraldo Dias ser\u00e1 pela rotat\u00f3ria do pa\u00e7o municipal (Av. Navarro de Andrade \u2013 pr\u00f3ximo \u00e0 entrada do Jardim Bot\u00e2nico).<\/p>\n\n\n\n<p>Os acessos \u00e0 DAE e bairros da regi\u00e3o ser\u00e3o preservados com a circula\u00e7\u00e3o do tr\u00e2nsito liberada pela Av. Navarro de Andrade.<\/p>\n\n\n\n<p><strong>&gt; Bloco Ponte Torta<\/strong><\/p>\n\n\n\n<ul class=\"wp-block-list\">\n<li><strong>Concentra\u00e7\u00e3o:<\/strong>&nbsp;a partir das 15h, na Pra\u00e7a Marechal Floriano Peixoto \u2013 Pra\u00e7a do Coreto (Centro)<\/li>\n\n\n\n<li><strong>Desfile:&nbsp;<\/strong>sa\u00edda \u00e0s 16h, com trajeto pela rua Bar\u00e3o de Jundia\u00ed, rua Siqueira de Moraes e rua do Ros\u00e1rio<\/li>\n\n\n\n<li><strong>Dispers\u00e3o:&nbsp;<\/strong>\u00e0s 19h, na rua do Ros\u00e1rio, altura do n\u00famero 295, em frente ao ponto de t\u00e1xi da Catedral<\/li>\n<\/ul>\n\n\n\n<p>A concentra\u00e7\u00e3o do bloco Ponte Torta ser\u00e1 \u00e0s 15h do lado do coreto da Pra\u00e7a Marechal Floriano Peixoto. O desfile sair\u00e1 pela rua Bar\u00e3o de Jundia\u00ed, entrando \u00e0 esquerda na Rua Cel. Siqueira de Moraes e novamente \u00e0 esquerda na Rua do Ros\u00e1rio, onde o desfile dever\u00e1 terminar ao lado da Pra\u00e7a Governador Pedro de Toledo (Rua do Ros\u00e1rio, 295 \u2013 antes da Rua Bernardino de Campos), \u00e0s 19h.<\/p>\n\n\n\n<p>As interdi\u00e7\u00f5es ser\u00e3o a partir das 13h (parte das vias ser\u00e3o interditadas de acordo com o deslocamento do Trio El\u00e9trico), sendo impedido o tr\u00e2nsito de ve\u00edculos nos cruzamentos da Rua Bar\u00e3o de Jundia\u00ed com a Rua Engenheiro Monlevade, da Rua do Ros\u00e1rio com a Rua S\u00e3o Bento, da Rua Cel. Siqueira de Moraes com a Rua Senador Fonseca e da Rua Bernardino de Campos com a Rua Senador Fonseca, at\u00e9 a dispers\u00e3o total dos participantes por volta das 22h.<\/p>\n\n\n\n<p>Os ve\u00edculos que j\u00e1 estiverem estacionados neste trajeto do bloco somente poder\u00e3o sair ap\u00f3s a passagem total dos participantes, com aux\u00edlio ou libera\u00e7\u00e3o dos agentes de tr\u00e2nsito.<\/p>\n\n\n\n<figure class=\"wp-block-image size-large\"><img loading=\"lazy\" decoding=\"async\" width=\"1200\" height=\"811\" src=\"https:\/\/tvtecjundiai.com.br\/news\/wp-content\/uploads\/sites\/2\/2023\/02\/monitoramento-ugmt-1-1200x811.jpg\" alt=\"\" class=\"wp-image-104969\" srcset=\"https:\/\/tvtecjundiai.com.br\/news\/wp-content\/uploads\/sites\/2\/2023\/02\/monitoramento-ugmt-1-1200x811.jpg 1200w, https:\/\/tvtecjundiai.com.br\/news\/wp-content\/uploads\/sites\/2\/2023\/02\/monitoramento-ugmt-1-300x203.jpg 300w, https:\/\/tvtecjundiai.com.br\/news\/wp-content\/uploads\/sites\/2\/2023\/02\/monitoramento-ugmt-1-768x519.jpg 768w, https:\/\/tvtecjundiai.com.br\/news\/wp-content\/uploads\/sites\/2\/2023\/02\/monitoramento-ugmt-1.jpg 1280w\" sizes=\"auto, (max-width: 1200px) 100vw, 1200px\" \/><figcaption class=\"wp-element-caption\">Equipes da Prefeitura e diversos \u00f3rg\u00e3os de Seguran\u00e7a atuam no Comit\u00ea Integrado de Monitoramento do Carnaval<\/figcaption><\/figure>\n\n\n\n<p><strong>Domingo (19)<\/strong><\/p>\n\n\n\n<p><strong>&gt; Bloco do Dick<\/strong><\/p>\n\n\n\n<ul class=\"wp-block-list\">\n<li><strong>Concentra\u00e7\u00e3o:&nbsp;<\/strong>a partir das 13h, na Cidade Administrativa (avenida Alexandre Ludke, 700 \u2013 em frente ao terminal Hortol\u00e2ndia)<\/li>\n\n\n\n<li><strong>Desfile:&nbsp;<\/strong>a partir das 14h<\/li>\n\n\n\n<li><strong>Dispers\u00e3o:&nbsp;<\/strong>\u00e0s 20h<\/li>\n<\/ul>\n\n\n\n<p>As interdi\u00e7\u00f5es na regi\u00e3o ocorrer\u00e3o por volta das 13h, sendo interditada a Av. Odair Milamonti (no sentido da Av. Navarro de Andrade para a Av. Alexandre Ludke), a princ\u00edpio Av. Alexandre Ludke ser\u00e1 interditada ap\u00f3s o acesso \u00e0 Rodovia Vereador Geraldo Dias (pr\u00f3ximo ao Terminal Urbano da Vila Hortol\u00e2ndia), caso seja necess\u00e1rio a Av. Alexandre Ludke poder\u00e1 ser interditada no cruzamento com a Av. Odair Milamonti \u2013 nesse caso, o acesso \u00e0 Rodovia Vereador Geraldo Dias ser\u00e1 pela rotat\u00f3ria do pa\u00e7o municipal (Av. Navarro de Andrade \u2013 pr\u00f3ximo \u00e0 entrada do Jardim Bot\u00e2nico). Acessos a DAE e aos bairros da regi\u00e3o ser\u00e3o preservados atrav\u00e9s da Av. Navarro de Andrade.<\/p>\n\n\n\n<p><strong>&gt; Baile da Maravilha<\/strong><\/p>\n\n\n\n<ul class=\"wp-block-list\">\n<li><strong>Concentra\u00e7\u00e3o:&nbsp;<\/strong>a partir das 13h30, na Pra\u00e7a Ruy Barbosa \u2013 Centro<\/li>\n\n\n\n<li><strong>Desfile:&nbsp;<\/strong>\u00e0s 14h, na Pra\u00e7a Ruy Barbosa (Trio el\u00e9trico fixo)<\/li>\n\n\n\n<li><strong>Dispers\u00e3o:&nbsp;<\/strong>\u00e0s 19h<\/li>\n<\/ul>\n\n\n\n<p>As interdi\u00e7\u00f5es acontecer\u00e3o a partir das 12h, sendo impedido o tr\u00e2nsito de ve\u00edculos no cruzamento da Rua Bar\u00e3o de Jundia\u00ed com a Rua Secundino Veiga, da Rua Vig\u00e1rio J. J. Rodrigues com a Rua C\u00e2ndido Rodrigues, da Rua do Ros\u00e1rio com a Rua Engenheiro Monlevade, a Rua Engenheiro Monlevade ter\u00e1 invers\u00e3o da m\u00e3o de dire\u00e7\u00e3o no quarteir\u00e3o entre a Rua do Ros\u00e1rio e a Rua Bar\u00e3o de Jundia\u00ed, at\u00e9 a dispers\u00e3o total dos participantes por volta das 22h.<\/p>\n\n\n\n<p><strong>&nbsp;Segunda-feira (20)<\/strong><\/p>\n\n\n\n<p><strong>&nbsp;&gt; Bloco Continuamos na Nossa<\/strong><\/p>\n\n\n\n<ul class=\"wp-block-list\">\n<li><strong>Concentra\u00e7\u00e3o:&nbsp;<\/strong>a partir das 10h, na avenida Padre \u00c2ngelo Cremonti, (em frente ao Clube Estrela da Ponte), Ponte S\u00e3o Jo\u00e3o<\/li>\n\n\n\n<li><strong>Desfile:&nbsp;<\/strong>a partir das 11h \u2013 Clube Estrela da Ponte (Trio el\u00e9trico fixo)<\/li>\n\n\n\n<li><strong>Dispers\u00e3o:&nbsp;<\/strong>\u00e0s 15h<\/li>\n<\/ul>\n\n\n\n<p>A interdi\u00e7\u00e3o da Av. Padre \u00c2ngelo Cremonti ser\u00e1 \u00e0s 9 horas (entre a Rua Dino e a Rua Carlos Gomes \u2013 sentido centro), a princ\u00edpio a Rua Dino ficar\u00e1 liberada ao tr\u00e2nsito de ve\u00edculos, por\u00e9m, caso seja necess\u00e1rio interditar a Rua Dino o desvio ser\u00e1: \u00e0 direita na Rua Eliza, \u00e0 esquerda na Rua S\u00e3o Pedro, \u00e0 esquerda na Rua Cl\u00e9lia e retorna \u00e0 direita na Rua Dino.<\/p>\n\n\n\n<p><strong>&nbsp;Ter\u00e7a-feira (21)<\/strong><\/p>\n\n\n\n<p><strong>&gt; Bloco do Rato<\/strong><\/p>\n\n\n\n<ul class=\"wp-block-list\">\n<li><strong>Concentra\u00e7\u00e3o:&nbsp;<\/strong>a partir das 10h, na avenida Carmine Todaro, 2900 \u2013 jardim Novo Horizonte \u2013 altura da Emeb Beatriz Blattner Pupo<\/li>\n\n\n\n<li><strong>Desfile:&nbsp;<\/strong>a partir das 11h<\/li>\n\n\n\n<li><strong>Dispers\u00e3o:&nbsp;<\/strong>\u00e0s 17h<\/li>\n<\/ul>\n\n\n\n<p>As interdi\u00e7\u00f5es na regi\u00e3o ocorrer\u00e3o a partir das 9h, quando ser\u00e1 interditada a Av. Carmine Todaro no trecho entre a Rua Eucl\u00eddio Folgosi e a Av. Jovino Furkim (ambos os sentidos).&nbsp;<\/p>\n\n\n\n<p><strong>&gt; Bloco da Trash<\/strong><\/p>\n\n\n\n<ul class=\"wp-block-list\">\n<li><strong>Concentra\u00e7\u00e3o:&nbsp;<\/strong>a partir das 13h, na Cidade Administrativa (avenida Alexandre Ludke, 700 \u2013 em frente ao terminal Hortol\u00e2ndia)<\/li>\n\n\n\n<li><strong>Desfile:&nbsp;<\/strong>a partir das 14h (Trio el\u00e9trico fixo)<\/li>\n\n\n\n<li><strong>Dispers\u00e3o:&nbsp;<\/strong>\u00e0s 19h<\/li>\n<\/ul>\n\n\n\n<p>As interdi\u00e7\u00f5es na regi\u00e3o ter\u00e3o in\u00edcio por volta das 13h. Ser\u00e1 interditada a Av. Odair Milamonti (no sentido da Av. Navarro de Andrade para a Av. Alexandre Ludke), a princ\u00edpio Av. Alexandre Ludke ser\u00e1 interditada ap\u00f3s o acesso \u00e0 Rodovia Vereador Geraldo Dias (pr\u00f3ximo ao Terminal Urbano da Vila Hortol\u00e2ndia), caso seja necess\u00e1rio a Av. Alexandre Ludke poder\u00e1 ser interditada no cruzamento com a Av. Odair Milamonti \u2013 nesse caso o acesso \u00e0 Rodovia Vereador Geraldo Dias ser\u00e1 pela rotat\u00f3ria do pa\u00e7o municipal (Av. Navarro de Andrade \u2013 pr\u00f3ximo \u00e0 entrada do Jardim Bot\u00e2nico). Acessos a DAE e aos bairros da regi\u00e3o ser\u00e3o preservados atrav\u00e9s da Av. Navarro de Andrade.<\/p>\n\n\n\n<p><strong><em>(Fonte\/Imagem: Prefeitura de Jundia\u00ed)<\/em><\/strong><\/p>\n","protected":false},"excerpt":{"rendered":"<p>A sexta-feira contar\u00e1 com anima\u00e7\u00e3o do tradicional bloco de rua Refogado do Sandi, na Regi\u00e3o Central<\/p>\n","protected":false},"author":30,"featured_media":104968,"comment_status":"closed","ping_status":"0","sticky":false,"template":"","format":"standard","meta":{"footnotes":""},"categories":[8356,5697,1,3059],"tags":[],"class_list":["post-104966","post","type-post","status-publish","format-standard","has-post-thumbnail","hentry","category-jundiai","category-mobilidade-noticias","category-noticias","category-transportes"],"_links":{"self":[{"href":"https:\/\/tvtecjundiai.com.br\/news\/wp-json\/wp\/v2\/posts\/104966","targetHints":{"allow":["GET"]}}],"collection":[{"href":"https:\/\/tvtecjundiai.com.br\/news\/wp-json\/wp\/v2\/posts"}],"about":[{"href":"https:\/\/tvtecjundiai.com.br\/news\/wp-json\/wp\/v2\/types\/post"}],"author":[{"embeddable":true,"href":"https:\/\/tvtecjundiai.com.br\/news\/wp-json\/wp\/v2\/users\/30"}],"replies":[{"embeddable":true,"href":"https:\/\/tvtecjundiai.com.br\/news\/wp-json\/wp\/v2\/comments?post=104966"}],"version-history":[{"count":1,"href":"https:\/\/tvtecjundiai.com.br\/news\/wp-json\/wp\/v2\/posts\/104966\/revisions"}],"predecessor-version":[{"id":104970,"href":"https:\/\/tvtecjundiai.com.br\/news\/wp-json\/wp\/v2\/posts\/104966\/revisions\/104970"}],"wp:featuredmedia":[{"embeddable":true,"href":"https:\/\/tvtecjundiai.com.br\/news\/wp-json\/wp\/v2\/media\/104968"}],"wp:attachment":[{"href":"https:\/\/tvtecjundiai.com.br\/news\/wp-json\/wp\/v2\/media?parent=104966"}],"wp:term":[{"taxonomy":"category","embeddable":true,"href":"https:\/\/tvtecjundiai.com.br\/news\/wp-json\/wp\/v2\/categories?post=104966"},{"taxonomy":"post_tag","embeddable":true,"href":"https:\/\/tvtecjundiai.com.br\/news\/wp-json\/wp\/v2\/tags?post=104966"}],"curies":[{"name":"wp","href":"https:\/\/api.w.org\/{rel}","templated":true}]}}