{"id":104971,"date":"2023-02-15T11:20:55","date_gmt":"2023-02-15T14:20:55","guid":{"rendered":"https:\/\/tvtecjundiai.com.br\/news\/?p=104971"},"modified":"2023-02-15T11:20:59","modified_gmt":"2023-02-15T14:20:59","slug":"conexidades-entra-em-pauta-em-nova-reuniao-entre-gestores","status":"publish","type":"post","link":"https:\/\/tvtecjundiai.com.br\/news\/2023\/02\/15\/conexidades-entra-em-pauta-em-nova-reuniao-entre-gestores\/","title":{"rendered":"Conexidades entra em pauta em nova reuni\u00e3o entre gestores"},"content":{"rendered":"\n<p>Nesta ter\u00e7a-feira (14), os gestores municipais se reuniram novamente para tratar da organiza\u00e7\u00e3o da 6\u00aa Edi\u00e7\u00e3o do Conexidades, que acontece em Jundia\u00ed entre os dias 13 e 17 de junho deste ano. O encontro foi importante para que as Unidades de Gest\u00e3o (UGs) apresentassem as pr\u00f3prias contribui\u00e7\u00f5es para o evento.<\/p>\n\n\n\n<p>A reuni\u00e3o contou com a presen\u00e7a da Coordenadora do Conexidades, Silvia Melo, e do Presidente do Conselho Gestor da Uni\u00e3o dos Vereadores do Estado de S\u00e3o Paulo (UVESP), Sebasti\u00e3o Misiara.<br>Foram definidos temas de v\u00eddeos institucionais, palestras e pain\u00e9is, como por exemplo o projeto Hortas Urbanas e Olhos da Serra, al\u00e9m de uma apresenta\u00e7\u00e3o do Programa Jundia\u00ed Empreendedora. Haver\u00e1, tamb\u00e9m, uma visita guiada ao espa\u00e7o para apresenta\u00e7\u00e3o do local. As possibilidades de apresenta\u00e7\u00f5es culturais tamb\u00e9m foram discutidas.<\/p>\n\n\n\n<figure class=\"wp-block-image size-large\"><img loading=\"lazy\" decoding=\"async\" width=\"1200\" height=\"801\" src=\"https:\/\/tvtecjundiai.com.br\/news\/wp-content\/uploads\/sites\/2\/2023\/02\/reuniao_situacao_conexidades_pa-14-1200x801.jpg\" alt=\"\" class=\"wp-image-104972\" srcset=\"https:\/\/tvtecjundiai.com.br\/news\/wp-content\/uploads\/sites\/2\/2023\/02\/reuniao_situacao_conexidades_pa-14-1200x801.jpg 1200w, https:\/\/tvtecjundiai.com.br\/news\/wp-content\/uploads\/sites\/2\/2023\/02\/reuniao_situacao_conexidades_pa-14-300x200.jpg 300w, https:\/\/tvtecjundiai.com.br\/news\/wp-content\/uploads\/sites\/2\/2023\/02\/reuniao_situacao_conexidades_pa-14-768x512.jpg 768w, https:\/\/tvtecjundiai.com.br\/news\/wp-content\/uploads\/sites\/2\/2023\/02\/reuniao_situacao_conexidades_pa-14.jpg 1280w\" sizes=\"auto, (max-width: 1200px) 100vw, 1200px\" \/><figcaption class=\"wp-element-caption\">Reuni\u00e3o alinhou detalhes para a realiza\u00e7\u00e3o da 6\u00aa Edi\u00e7\u00e3o do Conexidades<\/figcaption><\/figure>\n\n\n\n<p>\u201cEsses encontros s\u00e3o fundamentais para discutir as possibilidades e alinhar os detalhes necess\u00e1rios para garantir o sucesso na execu\u00e7\u00e3o do evento, a pedido do prefeito Luiz Fernando Machado. Jundia\u00ed \u00e9 uma das melhores cidades do Brasil e tem programas que garantem o desenvolvimento total da popula\u00e7\u00e3o. Cabe a n\u00f3s mostrarmos tudo isso em um grande evento como o Conexidades, na Cidade das Crian\u00e7as\u201d, avalia o Gestor da Casa Civil, Gustavo Maryssael.<\/p>\n\n\n\n<p>O evento ser\u00e1 realizado no Parque Comendador Antonio Carbonari, o Parque da Uva, e reunir\u00e1 grandes institui\u00e7\u00f5es como o Tribunal de Contas do Estado de S\u00e3o Paulo, o Minist\u00e9rio P\u00fablico de Contas, o Minist\u00e9rio P\u00fablico do Estado, a Uni\u00e3o dos Vereadores do Brasil, a UNIDESTINOS, principal divulgadora do turismo brasileiro, entre outras, estar\u00e3o presentes. A organiza\u00e7\u00e3o \u00e9 feita pela MULTIPLICIDADES e tem o apoio principal da Uni\u00e3o dos Vereadores do Estado de S\u00e3o Paulo (UVESP), da Prefeitura e C\u00e2mara Municipal de Jundia\u00ed.<\/p>\n\n\n\n<p>Ele tem como principal objetivo a discuss\u00e3o de boas pr\u00e1ticas da administra\u00e7\u00e3o p\u00fablica, al\u00e9m de fazer a conex\u00e3o entre empresas e munic\u00edpios para novos investimentos.<\/p>\n\n\n\n<p><strong><em>(Fonte\/Imagem: Prefeitura de Jundia\u00ed)<\/em><\/strong><\/p>\n","protected":false},"excerpt":{"rendered":"<p>As possibilidades de apresenta\u00e7\u00f5es culturais tamb\u00e9m foram discutidas<\/p>\n","protected":false},"author":30,"featured_media":104972,"comment_status":"closed","ping_status":"0","sticky":false,"template":"","format":"standard","meta":{"footnotes":""},"categories":[8356,1],"tags":[],"class_list":["post-104971","post","type-post","status-publish","format-standard","has-post-thumbnail","hentry","category-jundiai","category-noticias"],"_links":{"self":[{"href":"https:\/\/tvtecjundiai.com.br\/news\/wp-json\/wp\/v2\/posts\/104971","targetHints":{"allow":["GET"]}}],"collection":[{"href":"https:\/\/tvtecjundiai.com.br\/news\/wp-json\/wp\/v2\/posts"}],"about":[{"href":"https:\/\/tvtecjundiai.com.br\/news\/wp-json\/wp\/v2\/types\/post"}],"author":[{"embeddable":true,"href":"https:\/\/tvtecjundiai.com.br\/news\/wp-json\/wp\/v2\/users\/30"}],"replies":[{"embeddable":true,"href":"https:\/\/tvtecjundiai.com.br\/news\/wp-json\/wp\/v2\/comments?post=104971"}],"version-history":[{"count":1,"href":"https:\/\/tvtecjundiai.com.br\/news\/wp-json\/wp\/v2\/posts\/104971\/revisions"}],"predecessor-version":[{"id":104973,"href":"https:\/\/tvtecjundiai.com.br\/news\/wp-json\/wp\/v2\/posts\/104971\/revisions\/104973"}],"wp:featuredmedia":[{"embeddable":true,"href":"https:\/\/tvtecjundiai.com.br\/news\/wp-json\/wp\/v2\/media\/104972"}],"wp:attachment":[{"href":"https:\/\/tvtecjundiai.com.br\/news\/wp-json\/wp\/v2\/media?parent=104971"}],"wp:term":[{"taxonomy":"category","embeddable":true,"href":"https:\/\/tvtecjundiai.com.br\/news\/wp-json\/wp\/v2\/categories?post=104971"},{"taxonomy":"post_tag","embeddable":true,"href":"https:\/\/tvtecjundiai.com.br\/news\/wp-json\/wp\/v2\/tags?post=104971"}],"curies":[{"name":"wp","href":"https:\/\/api.w.org\/{rel}","templated":true}]}}