{"id":104974,"date":"2023-02-15T11:42:30","date_gmt":"2023-02-15T14:42:30","guid":{"rendered":"https:\/\/tvtecjundiai.com.br\/news\/?p=104974"},"modified":"2023-02-15T11:42:31","modified_gmt":"2023-02-15T14:42:31","slug":"fevereiro-roxo-alerta-sobre-diagnostico-e-tratamento-precoce-de-fibromialgia","status":"publish","type":"post","link":"https:\/\/tvtecjundiai.com.br\/news\/2023\/02\/15\/fevereiro-roxo-alerta-sobre-diagnostico-e-tratamento-precoce-de-fibromialgia\/","title":{"rendered":"Fevereiro Roxo alerta sobre diagn\u00f3stico e tratamento precoce de fibromialgia"},"content":{"rendered":"\n<p>Voltado para a conscientiza\u00e7\u00e3o de doen\u00e7as sem cura, o m\u00eas de fevereiro \u00e9 caracterizado pela cor roxa. Dentre as condi\u00e7\u00f5es est\u00e1 a fibromialgia, s\u00edndrome associada a altera\u00e7\u00e3o de neurotransmissores, ao dist\u00farbio do sono, transtorno de ansiedade e transtorno depressivo. Com dores cr\u00f4nicas difusas e muitas vezes com limita\u00e7\u00e3o na qualidade de vida para as fun\u00e7\u00f5es di\u00e1rias, a doen\u00e7a afeta os m\u00fasculos e pode se apresentar de forma confusa, mas poss\u00edvel de identificar por meio de atendimento m\u00e9dico. A predomin\u00e2ncia dos diagn\u00f3sticos \u00e9 em mulheres entre 30 e 60 anos, mas pode acometer crian\u00e7as e adultos de todas as idades.&nbsp;<\/p>\n\n\n\n<p>A fibromialgia se classifica dentro das condi\u00e7\u00f5es reum\u00e1ticas, que afetam mais de 15 milh\u00f5es de pessoas s\u00f3 no Brasil, de acordo com a Organiza\u00e7\u00e3o Mundial da Sa\u00fade (OMS) e dados do IBGE (Instituto Brasileiro de Geografia e Estat\u00edstica).<\/p>\n\n\n\n<p>O reumatologista do Hospital de Caridade S\u00e3o Vicente de Paulo (HSV), Dr. Jos\u00e9 Celso Giordan Cavalcanti Sarinho, fala sobre os principais sintomas.<\/p>\n\n\n\n<p>\u201cA pessoa pode sentir dor em diferentes partes do corpo, cansa\u00e7o, sono n\u00e3o reparador, irritabilidade, sintomas depressivos, tristeza e choro f\u00e1cil. Todos esses sintomas, eventualmente, podem estar associados as altera\u00e7\u00f5es intestinais, s\u00edndrome do intestino irrit\u00e1vel, entre outras manifesta\u00e7\u00f5es. A doen\u00e7a tamb\u00e9m pode ser heredit\u00e1ria, pois est\u00e1 associada a fatores gen\u00e9ticos. De modo geral, esses n\u00e3o s\u00e3o sinais comuns do corpo, ent\u00e3o \u00e9 sempre importante procurar um especialista\u201d.<\/p>\n\n\n<div class=\"wp-block-image\">\n<figure class=\"aligncenter size-full\"><img loading=\"lazy\" decoding=\"async\" width=\"541\" height=\"406\" src=\"https:\/\/tvtecjundiai.com.br\/news\/wp-content\/uploads\/sites\/2\/2023\/02\/unnamed.jpg\" alt=\"\" class=\"wp-image-104975\" srcset=\"https:\/\/tvtecjundiai.com.br\/news\/wp-content\/uploads\/sites\/2\/2023\/02\/unnamed.jpg 541w, https:\/\/tvtecjundiai.com.br\/news\/wp-content\/uploads\/sites\/2\/2023\/02\/unnamed-300x225.jpg 300w\" sizes=\"auto, (max-width: 541px) 100vw, 541px\" \/><\/figure>\n<\/div>\n\n\n<p>Diferente da maioria das patologias, o diagn\u00f3stico de fibromialgia \u00e9 cl\u00ednico, com base em todas as caracter\u00edsticas dos sintomas e sem necessidade de exames. \u201c\u00c9 claro que quando existe uma d\u00favida com rela\u00e7\u00e3o a outro diagn\u00f3stico, \u00e9 poss\u00edvel fazer exames para exclus\u00e3o de outras doen\u00e7as de diagn\u00f3sticos diferenciais como hipotireoidismo, dist\u00farbio do c\u00e1lcio e neoplasia\u201d, esclarece o m\u00e9dico.<\/p>\n\n\n\n<p>Considerando todas as circunst\u00e2ncias, n\u00e3o existe preven\u00e7\u00e3o para a doen\u00e7a, mas \u00e9 poss\u00edvel minimizar os sintomas com o aux\u00edlio de h\u00e1bitos saud\u00e1veis e, principalmente, atividades f\u00edsicas regulares. O recomendado \u00e9 que o paciente se exercite por 40min. pelo menos tr\u00eas vezes por semana. As atividades mais indicadas s\u00e3o as aer\u00f3bicas como ciclismo e caminhada, pois ajudam a manter o peso e liberam endorfina; atividades aqu\u00e1ticas como nata\u00e7\u00e3o e hidrogin\u00e1stica, que ajudam a amortecer o impacto dos movimentos gra\u00e7as \u00e0 \u00e1gua, ajudando no controle da dor; e pilates, que atua sobre a postura, respira\u00e7\u00e3o, flexibilidade e equil\u00edbrio.<\/p>\n\n\n\n<p>\u201cO tratamento medicamentoso, quando necess\u00e1rio, \u00e9 feito com antidepressivos, que atuam nesses neurotransmissores, e analg\u00e9sicos para alivio da dor. Vale ressaltar que o paciente deve evitar o uso de anti-inflamat\u00f3rios, pois n\u00e3o se trata de uma doen\u00e7a inflamat\u00f3ria. A medica\u00e7\u00e3o sempre deve ser prescrita pelo profissional\u201d.<\/p>\n\n\n\n<p><strong><em>(Fonte\/Imagem: Assessoria Hospital S\u00e3o Vicente de Paulo)<\/em><\/strong><\/p>\n","protected":false},"excerpt":{"rendered":"<p> A predomin\u00e2ncia \u00e9 em mulheres entre 30 e 60 anos, mas pode acometer crian\u00e7as e adultos<\/p>\n","protected":false},"author":30,"featured_media":104975,"comment_status":"closed","ping_status":"0","sticky":false,"template":"","format":"standard","meta":{"footnotes":""},"categories":[8356,1,2839],"tags":[],"class_list":["post-104974","post","type-post","status-publish","format-standard","has-post-thumbnail","hentry","category-jundiai","category-noticias","category-saude"],"_links":{"self":[{"href":"https:\/\/tvtecjundiai.com.br\/news\/wp-json\/wp\/v2\/posts\/104974","targetHints":{"allow":["GET"]}}],"collection":[{"href":"https:\/\/tvtecjundiai.com.br\/news\/wp-json\/wp\/v2\/posts"}],"about":[{"href":"https:\/\/tvtecjundiai.com.br\/news\/wp-json\/wp\/v2\/types\/post"}],"author":[{"embeddable":true,"href":"https:\/\/tvtecjundiai.com.br\/news\/wp-json\/wp\/v2\/users\/30"}],"replies":[{"embeddable":true,"href":"https:\/\/tvtecjundiai.com.br\/news\/wp-json\/wp\/v2\/comments?post=104974"}],"version-history":[{"count":1,"href":"https:\/\/tvtecjundiai.com.br\/news\/wp-json\/wp\/v2\/posts\/104974\/revisions"}],"predecessor-version":[{"id":104976,"href":"https:\/\/tvtecjundiai.com.br\/news\/wp-json\/wp\/v2\/posts\/104974\/revisions\/104976"}],"wp:featuredmedia":[{"embeddable":true,"href":"https:\/\/tvtecjundiai.com.br\/news\/wp-json\/wp\/v2\/media\/104975"}],"wp:attachment":[{"href":"https:\/\/tvtecjundiai.com.br\/news\/wp-json\/wp\/v2\/media?parent=104974"}],"wp:term":[{"taxonomy":"category","embeddable":true,"href":"https:\/\/tvtecjundiai.com.br\/news\/wp-json\/wp\/v2\/categories?post=104974"},{"taxonomy":"post_tag","embeddable":true,"href":"https:\/\/tvtecjundiai.com.br\/news\/wp-json\/wp\/v2\/tags?post=104974"}],"curies":[{"name":"wp","href":"https:\/\/api.w.org\/{rel}","templated":true}]}}