{"id":104977,"date":"2023-02-15T12:29:16","date_gmt":"2023-02-15T15:29:16","guid":{"rendered":"https:\/\/tvtecjundiai.com.br\/news\/?p=104977"},"modified":"2023-02-15T12:29:23","modified_gmt":"2023-02-15T15:29:23","slug":"sefaz-sp-recebe-segunda-parcela-do-ipva-2023-dos-veiculos-com-placa-final-4","status":"publish","type":"post","link":"https:\/\/tvtecjundiai.com.br\/news\/2023\/02\/15\/sefaz-sp-recebe-segunda-parcela-do-ipva-2023-dos-veiculos-com-placa-final-4\/","title":{"rendered":"<strong>Sefaz-SP recebe segunda parcela do IPVA 2023 dos ve\u00edculos com placa final 4<\/strong>"},"content":{"rendered":"\n<p>A Secretaria da Fazenda e Planejamento do Estado de S\u00e3o Paulo (Sefaz-SP) retoma o calend\u00e1rio de pagamento do IPVA 2023. Em fevereiro, os propriet\u00e1rios podem quitar o imposto de forma integral, sem o desconto, ou, para quem optou pelo parcelamento, recolher a segunda parcela. Donos de ve\u00edculos com placa final 4 devem quitar a segunda parcela at\u00e9 quinta-feira, 16.<\/p>\n\n\n\n<p>Em 2023, para n\u00e3o gerar confus\u00e3o nos contribuintes que pagam o imposto de forma parcelada, a Sefaz-SP optou por deixar todos os vencimentos no mesmo dia do m\u00eas &#8212; a placa 4, por exemplo, tem os pr\u00f3ximos vencimentos em 16 de mar\u00e7o, 16 de abril e 16 de maio. Se o vencimento ocorrer no final de semana ou feriado, o pagamento pode ser feito no pr\u00f3ximo dia \u00fatil, seguindo a regra geral do processo civil.<\/p>\n\n\n\n<p>O calend\u00e1rio de vencimento de acordo com o final de placa dos ve\u00edculos segue at\u00e9 o dia 24\/2 (veja na tabela abaixo). A consulta do valor pode ser feita em toda a rede banc\u00e1ria ou diretamente&nbsp;<a href=\"https:\/\/s2302.envioscomunicacao.com\/link.php?code=bDpodHRwcyUzQSUyRiUyRnBvcnRhbC5mYXplbmRhLnNwLmdvdi5iciUyRnNlcnZpY29zJTJGaXB2YSUyRlBhZ2luYXMlMkZTb2JyZS5hc3B4OjIyMzY5NTkzMDc6YWtsaW5rZUB0dnRlY2p1bmRpYWkuY29tLmJyOmQ3MThhNDozYQ==\" target=\"_blank\" rel=\"noreferrer noopener\">no portal da Secretaria da Fazenda e Planejamento do Estado de S\u00e3o Paulo<\/a>.<\/p>\n\n\n\n<p>Para efetuar o pagamento, basta informar o n\u00famero do RENAVAM (Registro Nacional de Ve\u00edculo Automotor) na rede banc\u00e1ria credenciada e realizar o recolhimento do tributo, por meio dos terminais de autoatendimento ou nos guich\u00eas de caixa. O pagamento pode ser feito tamb\u00e9m pela internet, ou por meio de outros canais oferecidos pela institui\u00e7\u00e3o banc\u00e1ria. O IPVA pode, ainda, ser pago em casas lot\u00e9ricas.<\/p>\n\n\n\n<p><strong>Parcelamento no cart\u00e3o de cr\u00e9dito<\/strong><\/p>\n\n\n\n<p>\u00c9 poss\u00edvel quitar o IPVA 2023 com cart\u00e3o de cr\u00e9dito nas&nbsp;<a href=\"https:\/\/s2302.envioscomunicacao.com\/link.php?code=bDpodHRwcyUzQSUyRiUyRnBvcnRhbC5mYXplbmRhLnNwLmdvdi5iciUyRnNlcnZpY29zJTJGaXB2YSUyRlBhZ2luYXMlMkZQYXJjZWxhbWVudG8tbm8tQ2FydCUyNWMzJTI1YTNvLmFzcHglMkZzZXJ2aWNvcyUyRmNmYWlpbSUyRlBhZ2luYXMlMkZDb21vLVBhcmNlbGFyLmFzcHg6MjIzNjk1OTMwNzpha2xpbmtlQHR2dGVjanVuZGlhaS5%0Djb20uYnI6YzkzMzBmOjNh\" target=\"_blank\" rel=\"noreferrer noopener\">empresas credenciadas \u00e0 Sefaz-SP<\/a>. As&nbsp;operadoras financeiras&nbsp;conveniadas t\u00eam autonomia para definir o n\u00famero de parcelas e adequar a melhor negocia\u00e7\u00e3o com o contribuinte.<\/p>\n\n\n\n<p>Os valores pagos ao correspondente banc\u00e1rio s\u00e3o repassados ao Governo do Estado de forma imediata, e sem qualquer desconto ou encargo.<\/p>\n\n\n\n<p>Para mais informa\u00e7\u00f5es, os propriet\u00e1rios dos ve\u00edculos podem entrar em contato com a Secretaria pelo canal&nbsp;<a href=\"https:\/\/s2302.envioscomunicacao.com\/link.php?code=bDpodHRwcyUzQSUyRiUyRnBvcnRhbC5mYXplbmRhLnNwLmdvdi5iciUyRjoyMjM2OTU5MzA3OmFrbGlua2VAdHZ0ZWNqdW5kaWFpLmNvbS5icjpkM2JmNGU6M2E=\" target=\"_blank\" rel=\"noreferrer noopener\">Fale Conosco, em nosso portal<\/a>.<\/p>\n\n\n\n<p><strong>Licenciamento<\/strong><\/p>\n\n\n\n<p>Os propriet\u00e1rios que desejam antecipar o licenciamento anual dever\u00e3o quitar todos os d\u00e9bitos que recaiam sobre o ve\u00edculo, incluindo o IPVA, a taxa de licenciamento e, se for o caso, multas de tr\u00e2nsito.<\/p>\n\n\n\n<p><strong>Atraso de pagamento<\/strong><\/p>\n\n\n\n<p>O contribuinte que deixar de recolher o imposto fica sujeito a multa de 0,33% por dia de atraso e juros de mora com base na taxa Selic. Passados 60 dias, o percentual da multa fixa-se em 20% do valor do imposto.<\/p>\n\n\n\n<p>Permanecendo a inadimpl\u00eancia do IPVA, o d\u00e9bito ser\u00e1 inscrito na D\u00edvida Ativa, al\u00e9m da inclus\u00e3o do nome do propriet\u00e1rio no Cadin Estadual, impedindo-o de aproveitar eventual cr\u00e9dito que possua por solicitar a Nota Fiscal Paulista. A partir do momento em que o d\u00e9bito de IPVA estiver inscrito, a Procuradoria Geral do Estado poder\u00e1 vir a cobr\u00e1-lo mediante protesto.<\/p>\n\n\n\n<p>A inadimpl\u00eancia do IPVA impede o novo licenciamento do ve\u00edculo. Ap\u00f3s a data limite fixada pelo Detran para o licenciamento, o ve\u00edculo poder\u00e1 vir a ser apreendido, com multa aplicada pela autoridade de tr\u00e2nsito e sete pontos na Carteira Nacional de Habilita\u00e7\u00e3o (CNH).<\/p>\n\n\n\n<p><strong>Calend\u00e1rio de vencimento do IPVA-2023<\/strong><\/p>\n\n\n\n<figure class=\"wp-block-image size-full\"><img loading=\"lazy\" decoding=\"async\" width=\"630\" height=\"516\" src=\"https:\/\/tvtecjundiai.com.br\/news\/wp-content\/uploads\/sites\/2\/2023\/02\/Captura-de-tela-2023-02-15-122210.jpg\" alt=\"\" class=\"wp-image-104980\" srcset=\"https:\/\/tvtecjundiai.com.br\/news\/wp-content\/uploads\/sites\/2\/2023\/02\/Captura-de-tela-2023-02-15-122210.jpg 630w, https:\/\/tvtecjundiai.com.br\/news\/wp-content\/uploads\/sites\/2\/2023\/02\/Captura-de-tela-2023-02-15-122210-300x246.jpg 300w\" sizes=\"auto, (max-width: 630px) 100vw, 630px\" \/><\/figure>\n\n\n\n<figure class=\"wp-block-image size-full\"><img loading=\"lazy\" decoding=\"async\" width=\"627\" height=\"187\" src=\"https:\/\/tvtecjundiai.com.br\/news\/wp-content\/uploads\/sites\/2\/2023\/02\/Captura-de-tela-2023-02-15-122228.jpg\" alt=\"\" class=\"wp-image-104981\" srcset=\"https:\/\/tvtecjundiai.com.br\/news\/wp-content\/uploads\/sites\/2\/2023\/02\/Captura-de-tela-2023-02-15-122228.jpg 627w, https:\/\/tvtecjundiai.com.br\/news\/wp-content\/uploads\/sites\/2\/2023\/02\/Captura-de-tela-2023-02-15-122228-300x89.jpg 300w\" sizes=\"auto, (max-width: 627px) 100vw, 627px\" \/><\/figure>\n\n\n\n<p><em><strong>(Fonte\/Imagem: Assessoria Secretaria da Fazenda e Planejamento SP)<\/strong><\/em><\/p>\n","protected":false},"excerpt":{"rendered":"<p>Para efetuar o pagamento, basta informar o n\u00famero do RENAVAM na rede banc\u00e1ria credenciada <\/p>\n","protected":false},"author":30,"featured_media":104983,"comment_status":"closed","ping_status":"0","sticky":false,"template":"","format":"standard","meta":{"footnotes":""},"categories":[8356,1,6151],"tags":[],"class_list":["post-104977","post","type-post","status-publish","format-standard","has-post-thumbnail","hentry","category-jundiai","category-noticias","category-transito"],"_links":{"self":[{"href":"https:\/\/tvtecjundiai.com.br\/news\/wp-json\/wp\/v2\/posts\/104977","targetHints":{"allow":["GET"]}}],"collection":[{"href":"https:\/\/tvtecjundiai.com.br\/news\/wp-json\/wp\/v2\/posts"}],"about":[{"href":"https:\/\/tvtecjundiai.com.br\/news\/wp-json\/wp\/v2\/types\/post"}],"author":[{"embeddable":true,"href":"https:\/\/tvtecjundiai.com.br\/news\/wp-json\/wp\/v2\/users\/30"}],"replies":[{"embeddable":true,"href":"https:\/\/tvtecjundiai.com.br\/news\/wp-json\/wp\/v2\/comments?post=104977"}],"version-history":[{"count":1,"href":"https:\/\/tvtecjundiai.com.br\/news\/wp-json\/wp\/v2\/posts\/104977\/revisions"}],"predecessor-version":[{"id":104984,"href":"https:\/\/tvtecjundiai.com.br\/news\/wp-json\/wp\/v2\/posts\/104977\/revisions\/104984"}],"wp:featuredmedia":[{"embeddable":true,"href":"https:\/\/tvtecjundiai.com.br\/news\/wp-json\/wp\/v2\/media\/104983"}],"wp:attachment":[{"href":"https:\/\/tvtecjundiai.com.br\/news\/wp-json\/wp\/v2\/media?parent=104977"}],"wp:term":[{"taxonomy":"category","embeddable":true,"href":"https:\/\/tvtecjundiai.com.br\/news\/wp-json\/wp\/v2\/categories?post=104977"},{"taxonomy":"post_tag","embeddable":true,"href":"https:\/\/tvtecjundiai.com.br\/news\/wp-json\/wp\/v2\/tags?post=104977"}],"curies":[{"name":"wp","href":"https:\/\/api.w.org\/{rel}","templated":true}]}}