{"id":104988,"date":"2023-02-15T15:02:51","date_gmt":"2023-02-15T18:02:51","guid":{"rendered":"https:\/\/tvtecjundiai.com.br\/news\/?p=104988"},"modified":"2023-02-15T15:02:52","modified_gmt":"2023-02-15T18:02:52","slug":"doceria-planeta-cone-esta-com-vagas-de-emprego-abertas-em-jundiai","status":"publish","type":"post","link":"https:\/\/tvtecjundiai.com.br\/news\/2023\/02\/15\/doceria-planeta-cone-esta-com-vagas-de-emprego-abertas-em-jundiai\/","title":{"rendered":"Doceria Planeta Cone est\u00e1 com vagas de emprego abertas em Jundia\u00ed"},"content":{"rendered":"\n<p>A doceria Planeta Cone, localizada na rua Secundino Veiga, 126, Centro de Jundia\u00ed, est\u00e1 contratando. As oportunidades s\u00e3o para confeiteiro, auxiliar de confeitaria e auxiliar de limpeza.<\/p>\n\n\n\n<p>Os interessados em se candidatar para as vagas podem fazer isso pelo <a href=\"https:\/\/web.jundiai.sp.gov.br\/PMJ\/emprega\/Vaga#\" data-type=\"URL\" data-id=\"https:\/\/web.jundiai.sp.gov.br\/PMJ\/emprega\/Vaga#\">portal Jundia\u00ed Empreendedora<\/a>, da Prefeitura de Jundia\u00ed. <\/p>\n\n\n<div class=\"wp-block-image\">\n<figure class=\"aligncenter size-full is-resized\"><img loading=\"lazy\" decoding=\"async\" src=\"https:\/\/tvtecjundiai.com.br\/news\/wp-content\/uploads\/sites\/2\/2023\/02\/planeta-conee-edited.jpg\" alt=\"\" class=\"wp-image-104992\" width=\"598\" height=\"449\" srcset=\"https:\/\/tvtecjundiai.com.br\/news\/wp-content\/uploads\/sites\/2\/2023\/02\/planeta-conee-edited.jpg 768w, https:\/\/tvtecjundiai.com.br\/news\/wp-content\/uploads\/sites\/2\/2023\/02\/planeta-conee-edited-300x225.jpg 300w\" sizes=\"auto, (max-width: 598px) 100vw, 598px\" \/><\/figure>\n<\/div>\n\n\n<p><strong>Vagas &#8211; Planeta Cone<\/strong><\/p>\n\n\n\n<p><strong>Confeiteiro &#8211; 1 vaga<\/strong><\/p>\n\n\n\n<p>Hor\u00e1rio de trabalho: de ter\u00e7a a domingo, das 9h30 \u00e0s 18h. Obrigat\u00f3rio experi\u00eancia na fun\u00e7\u00e3o.<\/p>\n\n\n\n<p>Sal\u00e1rio e benef\u00edcios.<\/p>\n\n\n\n<p><strong>Auxiliar de confeitaria &#8211; 1 vaga<\/strong><\/p>\n\n\n\n<p>Hor\u00e1rio de trabalho: de ter\u00e7a a domingo, das 9h30 \u00e0s 18h.<\/p>\n\n\n\n<p>Sal\u00e1rio e benef\u00edcios.<\/p>\n\n\n\n<p><strong>Auxiliar de limpeza &#8211; 1 vaga<\/strong><\/p>\n\n\n\n<p>Hor\u00e1rio de trabalho: de ter\u00e7a a domingo, das 9h30 \u00e0s 18h.<\/p>\n\n\n\n<p>Sal\u00e1rio e benef\u00edcios.<\/p>\n\n\n\n<p><strong><em>(Fonte: TVTEC Jundia\u00ed\/Imagem: Planeta Cone\/Divulga\u00e7\u00e3o)<\/em><\/strong><\/p>\n","protected":false},"excerpt":{"rendered":"<p>Oportunidades s\u00e3o para confeiteiro, auxiliar de confeitaria e auxiliar de limpeza<\/p>\n","protected":false},"author":30,"featured_media":104992,"comment_status":"closed","ping_status":"0","sticky":false,"template":"","format":"standard","meta":{"footnotes":""},"categories":[5038,8363,8356,1],"tags":[],"class_list":["post-104988","post","type-post","status-publish","format-standard","has-post-thumbnail","hentry","category-emprego","category-emprego-2","category-jundiai","category-noticias"],"_links":{"self":[{"href":"https:\/\/tvtecjundiai.com.br\/news\/wp-json\/wp\/v2\/posts\/104988","targetHints":{"allow":["GET"]}}],"collection":[{"href":"https:\/\/tvtecjundiai.com.br\/news\/wp-json\/wp\/v2\/posts"}],"about":[{"href":"https:\/\/tvtecjundiai.com.br\/news\/wp-json\/wp\/v2\/types\/post"}],"author":[{"embeddable":true,"href":"https:\/\/tvtecjundiai.com.br\/news\/wp-json\/wp\/v2\/users\/30"}],"replies":[{"embeddable":true,"href":"https:\/\/tvtecjundiai.com.br\/news\/wp-json\/wp\/v2\/comments?post=104988"}],"version-history":[{"count":1,"href":"https:\/\/tvtecjundiai.com.br\/news\/wp-json\/wp\/v2\/posts\/104988\/revisions"}],"predecessor-version":[{"id":104993,"href":"https:\/\/tvtecjundiai.com.br\/news\/wp-json\/wp\/v2\/posts\/104988\/revisions\/104993"}],"wp:featuredmedia":[{"embeddable":true,"href":"https:\/\/tvtecjundiai.com.br\/news\/wp-json\/wp\/v2\/media\/104992"}],"wp:attachment":[{"href":"https:\/\/tvtecjundiai.com.br\/news\/wp-json\/wp\/v2\/media?parent=104988"}],"wp:term":[{"taxonomy":"category","embeddable":true,"href":"https:\/\/tvtecjundiai.com.br\/news\/wp-json\/wp\/v2\/categories?post=104988"},{"taxonomy":"post_tag","embeddable":true,"href":"https:\/\/tvtecjundiai.com.br\/news\/wp-json\/wp\/v2\/tags?post=104988"}],"curies":[{"name":"wp","href":"https:\/\/api.w.org\/{rel}","templated":true}]}}