{"id":104996,"date":"2023-02-15T15:16:34","date_gmt":"2023-02-15T18:16:34","guid":{"rendered":"https:\/\/tvtecjundiai.com.br\/news\/?p=104996"},"modified":"2023-02-15T15:16:36","modified_gmt":"2023-02-15T18:16:36","slug":"carnaval-altera-horario-de-funcionamento-de-postos-de-atendimento-e-parques-administrados-pela-dae","status":"publish","type":"post","link":"https:\/\/tvtecjundiai.com.br\/news\/2023\/02\/15\/carnaval-altera-horario-de-funcionamento-de-postos-de-atendimento-e-parques-administrados-pela-dae\/","title":{"rendered":"Carnaval altera hor\u00e1rio de funcionamento de postos de atendimento e parques administrados pela DAE"},"content":{"rendered":"\n<p>A DAE Jundia\u00ed informa que a sede administrativa e os Postos de Atendimento da Vila Hortol\u00e2ndia, Centro, Ponte S\u00e3o Jo\u00e3o, Eloy Chaves e Poupatempo n\u00e3o ter\u00e3o expediente nos dias 20 e 21 de fevereiro.<\/p>\n\n\n\n<p>No s\u00e1bado (18), a unidade do Poupatempo estar\u00e1 aberta das 9 \u00e0s 13 horas.<\/p>\n\n\n\n<p>Na quarta-feira (22), o atendimento ser\u00e1 retomado \u00e0s 8 horas, para os Postos nos bairros, e \u00e0s 12 horas, no Poupatempo.<\/p>\n\n\n\n<p>Em caso de emerg\u00eancia, os mun\u00edcipes podem entrar em contato com a DAE pela Central de Relacionamento, no telefone 0800 0133 155, com atendimento 24 horas. Mais informa\u00e7\u00f5es tamb\u00e9m podem ser obtidas pelo site da empresa.<\/p>\n\n\n<div class=\"wp-block-image\">\n<figure class=\"aligncenter size-large is-resized\"><img loading=\"lazy\" decoding=\"async\" src=\"https:\/\/tvtecjundiai.com.br\/news\/wp-content\/uploads\/sites\/2\/2023\/02\/sede-DAE-1200x674.jpg\" alt=\"\" class=\"wp-image-104997\" width=\"752\" height=\"422\" srcset=\"https:\/\/tvtecjundiai.com.br\/news\/wp-content\/uploads\/sites\/2\/2023\/02\/sede-DAE-1200x674.jpg 1200w, https:\/\/tvtecjundiai.com.br\/news\/wp-content\/uploads\/sites\/2\/2023\/02\/sede-DAE-300x169.jpg 300w, https:\/\/tvtecjundiai.com.br\/news\/wp-content\/uploads\/sites\/2\/2023\/02\/sede-DAE-768x431.jpg 768w, https:\/\/tvtecjundiai.com.br\/news\/wp-content\/uploads\/sites\/2\/2023\/02\/sede-DAE.jpg 1280w\" sizes=\"auto, (max-width: 752px) 100vw, 752px\" \/><\/figure>\n<\/div>\n\n\n<p><strong>Parques<\/strong><\/p>\n\n\n\n<p>O Parque da Cidade vai abrir das 6h30 \u00e0s 18 horas, com entrada permitida at\u00e9 as 17 horas, durante todo o Carnaval.<\/p>\n\n\n\n<p>O Mundo das Crian\u00e7as tamb\u00e9m vai funcionar todos os dias, das 7 \u00e0s 17 horas, com entrada at\u00e9 as 16 horas. Para visitar, \u00e9 necess\u00e1rio agendamento pr\u00e9vio pelo site\u00a0<a href=\"https:\/\/mundodascriancasjundiai.com.br\/\">https:\/\/mundodascriancasjundiai.com.br\/<\/a>, conforme disponibilidade de vagas. As agendas para o Carnaval j\u00e1 est\u00e3o abertas.<\/p>\n\n\n\n<p><strong><em>(Fonte\/Imagem: Assessoria DAE Jundia\u00ed)<\/em><\/strong><\/p>\n","protected":false},"excerpt":{"rendered":"<p>Em caso de emerg\u00eancia, os mun\u00edcipes podem entrar em contato com a DAE pela Central de Relacionamento<\/p>\n","protected":false},"author":30,"featured_media":104997,"comment_status":"closed","ping_status":"0","sticky":false,"template":"","format":"standard","meta":{"footnotes":""},"categories":[2834,8356,1],"tags":[],"class_list":["post-104996","post","type-post","status-publish","format-standard","has-post-thumbnail","hentry","category-cidades","category-jundiai","category-noticias"],"_links":{"self":[{"href":"https:\/\/tvtecjundiai.com.br\/news\/wp-json\/wp\/v2\/posts\/104996","targetHints":{"allow":["GET"]}}],"collection":[{"href":"https:\/\/tvtecjundiai.com.br\/news\/wp-json\/wp\/v2\/posts"}],"about":[{"href":"https:\/\/tvtecjundiai.com.br\/news\/wp-json\/wp\/v2\/types\/post"}],"author":[{"embeddable":true,"href":"https:\/\/tvtecjundiai.com.br\/news\/wp-json\/wp\/v2\/users\/30"}],"replies":[{"embeddable":true,"href":"https:\/\/tvtecjundiai.com.br\/news\/wp-json\/wp\/v2\/comments?post=104996"}],"version-history":[{"count":1,"href":"https:\/\/tvtecjundiai.com.br\/news\/wp-json\/wp\/v2\/posts\/104996\/revisions"}],"predecessor-version":[{"id":104998,"href":"https:\/\/tvtecjundiai.com.br\/news\/wp-json\/wp\/v2\/posts\/104996\/revisions\/104998"}],"wp:featuredmedia":[{"embeddable":true,"href":"https:\/\/tvtecjundiai.com.br\/news\/wp-json\/wp\/v2\/media\/104997"}],"wp:attachment":[{"href":"https:\/\/tvtecjundiai.com.br\/news\/wp-json\/wp\/v2\/media?parent=104996"}],"wp:term":[{"taxonomy":"category","embeddable":true,"href":"https:\/\/tvtecjundiai.com.br\/news\/wp-json\/wp\/v2\/categories?post=104996"},{"taxonomy":"post_tag","embeddable":true,"href":"https:\/\/tvtecjundiai.com.br\/news\/wp-json\/wp\/v2\/tags?post=104996"}],"curies":[{"name":"wp","href":"https:\/\/api.w.org\/{rel}","templated":true}]}}