{"id":104999,"date":"2023-02-15T15:28:50","date_gmt":"2023-02-15T18:28:50","guid":{"rendered":"https:\/\/tvtecjundiai.com.br\/news\/?p=104999"},"modified":"2023-02-15T15:28:55","modified_gmt":"2023-02-15T18:28:55","slug":"comercio-de-jundiai-pode-optar-pelo-funcionamento-no-carnaval","status":"publish","type":"post","link":"https:\/\/tvtecjundiai.com.br\/news\/2023\/02\/15\/comercio-de-jundiai-pode-optar-pelo-funcionamento-no-carnaval\/","title":{"rendered":"Com\u00e9rcio de Jundia\u00ed pode optar pelo funcionamento no Carnaval"},"content":{"rendered":"\n<p>O Carnaval, festa popular comemorada em todo o territ\u00f3rio brasileiro, n\u00e3o \u00e9 feriado nacional. Neste ano, ser\u00e1 celebrado na ter\u00e7a-feira (21) e&nbsp;trata-se de um ponto facultativo. Desta forma, os comerciantes que tiverem interesse poder\u00e3o abrir seus estabelecimentos normalmente, no per\u00edodo das 9h \u00e0s 18h.<\/p>\n\n\n\n<p>Edison Maltoni, presidente do Sindicato do Com\u00e9rcio Varejista de Jundia\u00ed e Regi\u00e3o (Sincomercio), explica que&nbsp;neste caso,&nbsp;os empres\u00e1rios t\u00eam autonomia para decidirem sobre a abertura do estabelecimento e concess\u00e3o de folga.<\/p>\n\n\n\n<p>\u201cOs lojistas que optarem pelo funcionamento de seu estabelecimento neste per\u00edodo n\u00e3o s\u00e3o obrigados a pagar hora extra, conceder folga e nem fazer acordo coletivo com o sindicato dos empregados. Tamb\u00e9m n\u00e3o \u00e9 preciso solicitar autoriza\u00e7\u00e3o para abertura\u201d, observa Maltoni.<\/p>\n\n\n\n<figure class=\"wp-block-image size-full\"><img loading=\"lazy\" decoding=\"async\" width=\"865\" height=\"500\" src=\"https:\/\/tvtecjundiai.com.br\/news\/wp-content\/uploads\/sites\/2\/2023\/02\/carnaval-1.jpg\" alt=\"\" class=\"wp-image-105000\" srcset=\"https:\/\/tvtecjundiai.com.br\/news\/wp-content\/uploads\/sites\/2\/2023\/02\/carnaval-1.jpg 865w, https:\/\/tvtecjundiai.com.br\/news\/wp-content\/uploads\/sites\/2\/2023\/02\/carnaval-1-300x173.jpg 300w, https:\/\/tvtecjundiai.com.br\/news\/wp-content\/uploads\/sites\/2\/2023\/02\/carnaval-1-768x444.jpg 768w\" sizes=\"auto, (max-width: 865px) 100vw, 865px\" \/><\/figure>\n\n\n\n<p><strong>Expectativa<\/strong><\/p>\n\n\n\n<p>Para o Carnaval, a tend\u00eancia \u00e9 de um aumento na procura por estabelecimentos que vendem roupas, cal\u00e7ados e&nbsp;acess\u00f3rios.&nbsp;\u201cAdere\u00e7os e fantasias, tecidos, chap\u00e9us, fitas, bermudas, saias, shorts, camisetas, linha de praia \u2013 biqu\u00edni, mai\u00f4, sa\u00eddas \u2013 e cal\u00e7ados devem ser os produtos mais vendidos\u201d, sinaliza Maltoni.<\/p>\n\n\n\n<p>Os locais que vendem comida e bebida tamb\u00e9m ser\u00e3o beneficiados, porque h\u00e1 quem opte por passar esse per\u00edodo em casa ou se reunindo com amigos e familiares.<\/p>\n\n\n\n<p>\u201cNesse cen\u00e1rio, os lojistas que estiverem prontos para atender \u00e0 demanda t\u00eam tudo para conquistar um bom faturamento. \u00c9 interessante apostar em produtos carnavalescos e destacar as vitrines, fazer promo\u00e7\u00f5es, oferecer facilidades de pagamento. Nossa expectativa de aumento nas vendas \u00e9 positiva porque este ano marca o retorno da festividade ap\u00f3s a suspens\u00e3o causada pela pandemia\u201d.<\/p>\n\n\n\n<p><em><strong>(Fonte: Assessoria Sincomercio Jundia\u00ed\/Imagem: Prefeitura de Jundia\u00ed)<\/strong><\/em><\/p>\n","protected":false},"excerpt":{"rendered":"<p>Os comerciantes que tiverem interesse poder\u00e3o abrir seus estabelecimentos normalmente, no per\u00edodo das 9h \u00e0s 18h<\/p>\n","protected":false},"author":30,"featured_media":105000,"comment_status":"closed","ping_status":"0","sticky":false,"template":"","format":"standard","meta":{"footnotes":""},"categories":[2834,2833,3076,8356,1],"tags":[],"class_list":["post-104999","post","type-post","status-publish","format-standard","has-post-thumbnail","hentry","category-cidades","category-cultura","category-entretenimento","category-jundiai","category-noticias"],"_links":{"self":[{"href":"https:\/\/tvtecjundiai.com.br\/news\/wp-json\/wp\/v2\/posts\/104999","targetHints":{"allow":["GET"]}}],"collection":[{"href":"https:\/\/tvtecjundiai.com.br\/news\/wp-json\/wp\/v2\/posts"}],"about":[{"href":"https:\/\/tvtecjundiai.com.br\/news\/wp-json\/wp\/v2\/types\/post"}],"author":[{"embeddable":true,"href":"https:\/\/tvtecjundiai.com.br\/news\/wp-json\/wp\/v2\/users\/30"}],"replies":[{"embeddable":true,"href":"https:\/\/tvtecjundiai.com.br\/news\/wp-json\/wp\/v2\/comments?post=104999"}],"version-history":[{"count":1,"href":"https:\/\/tvtecjundiai.com.br\/news\/wp-json\/wp\/v2\/posts\/104999\/revisions"}],"predecessor-version":[{"id":105001,"href":"https:\/\/tvtecjundiai.com.br\/news\/wp-json\/wp\/v2\/posts\/104999\/revisions\/105001"}],"wp:featuredmedia":[{"embeddable":true,"href":"https:\/\/tvtecjundiai.com.br\/news\/wp-json\/wp\/v2\/media\/105000"}],"wp:attachment":[{"href":"https:\/\/tvtecjundiai.com.br\/news\/wp-json\/wp\/v2\/media?parent=104999"}],"wp:term":[{"taxonomy":"category","embeddable":true,"href":"https:\/\/tvtecjundiai.com.br\/news\/wp-json\/wp\/v2\/categories?post=104999"},{"taxonomy":"post_tag","embeddable":true,"href":"https:\/\/tvtecjundiai.com.br\/news\/wp-json\/wp\/v2\/tags?post=104999"}],"curies":[{"name":"wp","href":"https:\/\/api.w.org\/{rel}","templated":true}]}}