{"id":105020,"date":"2023-02-16T11:11:41","date_gmt":"2023-02-16T14:11:41","guid":{"rendered":"https:\/\/tvtecjundiai.com.br\/news\/?p=105020"},"modified":"2023-02-16T11:11:45","modified_gmt":"2023-02-16T14:11:45","slug":"medico-do-hsv-orienta-sobre-cuidados-com-a-saude-em-epoca-de-folia","status":"publish","type":"post","link":"https:\/\/tvtecjundiai.com.br\/news\/2023\/02\/16\/medico-do-hsv-orienta-sobre-cuidados-com-a-saude-em-epoca-de-folia\/","title":{"rendered":"<strong>M\u00e9dico do HSV orienta sobre cuidados com a sa\u00fade em \u00e9poca de folia<\/strong>"},"content":{"rendered":"\n<p>No Brasil, o m\u00eas de fevereiro \u00e9 caracterizado pelas festas, desfiles e bloquinhos de carnaval. Muito\u00a0aguardada, em \u00e9poca de folia a popula\u00e7\u00e3o passa horas pulando, dan\u00e7ando e se divertindo nas mais diversas manifesta\u00e7\u00f5es culturais em todo o pa\u00eds. A maioria dos eventos desse per\u00edodo tamb\u00e9m envolvem bebidas alco\u00f3licas em excesso, calor intenso e alimenta\u00e7\u00e3o desregrada. Por isso, a fim de orientar os foli\u00f5es para manuten\u00e7\u00e3o da sa\u00fade durante o carnaval, o m\u00e9dico cl\u00ednico geral e pneumologista, Dr. Eduardo Leme, do Hospital de Caridade S\u00e3o Vicente de Paulo (HSV), fala sobre os cuidados necess\u00e1rios para que a festa tamb\u00e9m seja segura.<\/p>\n\n\n\n<figure class=\"wp-block-image size-large\"><img loading=\"lazy\" decoding=\"async\" width=\"1200\" height=\"951\" src=\"https:\/\/tvtecjundiai.com.br\/news\/wp-content\/uploads\/sites\/2\/2023\/02\/Dr.-Eduardo-Leme-orienta-para-riscos-durante-folia-1200x951.jpg\" alt=\"\" class=\"wp-image-105022\" srcset=\"https:\/\/tvtecjundiai.com.br\/news\/wp-content\/uploads\/sites\/2\/2023\/02\/Dr.-Eduardo-Leme-orienta-para-riscos-durante-folia-1200x951.jpg 1200w, https:\/\/tvtecjundiai.com.br\/news\/wp-content\/uploads\/sites\/2\/2023\/02\/Dr.-Eduardo-Leme-orienta-para-riscos-durante-folia-300x238.jpg 300w, https:\/\/tvtecjundiai.com.br\/news\/wp-content\/uploads\/sites\/2\/2023\/02\/Dr.-Eduardo-Leme-orienta-para-riscos-durante-folia-768x608.jpg 768w, https:\/\/tvtecjundiai.com.br\/news\/wp-content\/uploads\/sites\/2\/2023\/02\/Dr.-Eduardo-Leme-orienta-para-riscos-durante-folia.jpg 1280w\" sizes=\"auto, (max-width: 1200px) 100vw, 1200px\" \/><figcaption class=\"wp-element-caption\"><strong>Dr. Eduardo Leme orienta para riscos durante folia<\/strong><\/figcaption><\/figure>\n\n\n\n<p><strong>Riscos e Preven\u00e7\u00e3o<\/strong><\/p>\n\n\n\n<p>De acordo com o profissional, os principais riscos s\u00e3o de intoxica\u00e7\u00f5es alimentares, intoxica\u00e7\u00f5es por excesso de \u00e1lcool e o risco da transmiss\u00e3o de doen\u00e7as infecciosas como a gripe e covid-19, por exemplo. \u201cCada risco apresenta uma medida de preven\u00e7\u00e3o diferente, por isso \u00e9 necess\u00e1rio ficar atento e colocar em pr\u00e1tica as a\u00e7\u00f5es de prote\u00e7\u00e3o. Para as intoxica\u00e7\u00f5es alimentares, \u00e9 preciso redobrar o cuidado com o que come, evitar consumir alimentos pesados e comidas de origem desconhecida. Antes de ir para a festa, \u00e9 importante ingerir alimentos leves, que contribuam para uma boa digest\u00e3o\u201d.<\/p>\n\n\n\n<p>O m\u00e9dico conta ainda que o uso de bebidas alco\u00f3licas deve ser moderado, sem exageros. \u201cO consumo de \u00e1lcool em jejum tamb\u00e9m aumenta os riscos, por isso \u00e9 fundamental se alimentar antes de beber.<br>Misturar bebidas pode potencializar o efeito do \u00e1lcool e em casos graves de intoxica\u00e7\u00e3o alco\u00f3lica, o paciente pode precisar at\u00e9 de interna\u00e7\u00e3o hospitalar\u201d.<\/p>\n\n\n\n<p>Vale ressaltar que estamos no ver\u00e3o e enfrentando uma \u00e9poca de sol intenso, calor e temperaturas elevadas. \u201cA principal medida de preven\u00e7\u00e3o \u00e9 a utiliza\u00e7\u00e3o de protetor solar. A exposi\u00e7\u00e3o da pele sem prote\u00e7\u00e3o pode causar n\u00e3o s\u00f3 a insola\u00e7\u00e3o, moderada ou grave, mas problemas futuros e mais complexos tamb\u00e9m. \u00c9 uma orienta\u00e7\u00e3o para todos os dias\u201d. Em todos os casos, a orienta\u00e7\u00e3o mais importante \u00e9 a ingest\u00e3o de \u00e1gua para a hidrata\u00e7\u00e3o. \u201cA \u00e1gua \u00e9 indispens\u00e1vel para antes, durante e depois da comemora\u00e7\u00e3o\u201d, evidencia Leme.<\/p>\n\n\n\n<p><strong>COVID-19<\/strong><\/p>\n\n\n\n<p>Apesar da diminui\u00e7\u00e3o no n\u00famero de casos, ainda \u00e9 importante se proteger contra o v\u00edrus. \u201cO carnaval \u00e9 uma festa que naturalmente gera aglomera\u00e7\u00e3o. Se poss\u00edvel, a pessoa deve priorizar locais de celebra\u00e7\u00f5es ao ar livre, pois diminui o risco de transmiss\u00e3o de doen\u00e7as respirat\u00f3rias, e evitar ficar pr\u00f3ximo de pessoas com sinais de s\u00edndrome gripal como tosse, coriza, etc. Nessas condi\u00e7\u00f5es \u00e9 dif\u00edcil saber se \u00e9 gripe, resfriado ou covid-19. Hoje, a melhor preven\u00e7\u00e3o \u00e9 a vacina\u00e7\u00e3o\u201d, ressalta Dr. Eduardo.<\/p>\n\n\n\n<p><strong><em>(Fonte \/ Fotos: Assessoria de Imprensa do Hospital de Caridade S\u00e3o Vicente de Paulo)<\/em><\/strong><\/p>\n\n\n\n<p><\/p>\n","protected":false},"excerpt":{"rendered":"<p>Os principais riscos s\u00e3o de intoxica\u00e7\u00f5es alimentares, intoxica\u00e7\u00f5es por excesso de \u00e1lcool e o risco da transmiss\u00e3o de doen\u00e7as infecciosas como a gripe e covid-19<\/p>\n","protected":false},"author":19,"featured_media":105022,"comment_status":"closed","ping_status":"0","sticky":false,"template":"","format":"standard","meta":{"footnotes":""},"categories":[1],"tags":[],"class_list":["post-105020","post","type-post","status-publish","format-standard","has-post-thumbnail","hentry","category-noticias"],"_links":{"self":[{"href":"https:\/\/tvtecjundiai.com.br\/news\/wp-json\/wp\/v2\/posts\/105020","targetHints":{"allow":["GET"]}}],"collection":[{"href":"https:\/\/tvtecjundiai.com.br\/news\/wp-json\/wp\/v2\/posts"}],"about":[{"href":"https:\/\/tvtecjundiai.com.br\/news\/wp-json\/wp\/v2\/types\/post"}],"author":[{"embeddable":true,"href":"https:\/\/tvtecjundiai.com.br\/news\/wp-json\/wp\/v2\/users\/19"}],"replies":[{"embeddable":true,"href":"https:\/\/tvtecjundiai.com.br\/news\/wp-json\/wp\/v2\/comments?post=105020"}],"version-history":[{"count":1,"href":"https:\/\/tvtecjundiai.com.br\/news\/wp-json\/wp\/v2\/posts\/105020\/revisions"}],"predecessor-version":[{"id":105023,"href":"https:\/\/tvtecjundiai.com.br\/news\/wp-json\/wp\/v2\/posts\/105020\/revisions\/105023"}],"wp:featuredmedia":[{"embeddable":true,"href":"https:\/\/tvtecjundiai.com.br\/news\/wp-json\/wp\/v2\/media\/105022"}],"wp:attachment":[{"href":"https:\/\/tvtecjundiai.com.br\/news\/wp-json\/wp\/v2\/media?parent=105020"}],"wp:term":[{"taxonomy":"category","embeddable":true,"href":"https:\/\/tvtecjundiai.com.br\/news\/wp-json\/wp\/v2\/categories?post=105020"},{"taxonomy":"post_tag","embeddable":true,"href":"https:\/\/tvtecjundiai.com.br\/news\/wp-json\/wp\/v2\/tags?post=105020"}],"curies":[{"name":"wp","href":"https:\/\/api.w.org\/{rel}","templated":true}]}}