{"id":105035,"date":"2023-02-16T14:47:20","date_gmt":"2023-02-16T17:47:20","guid":{"rendered":"https:\/\/tvtecjundiai.com.br\/news\/?p=105035"},"modified":"2023-02-16T14:47:22","modified_gmt":"2023-02-16T17:47:22","slug":"sesc-jundiai-traz-atracoes-gratuitas-para-as-criancas-curtirem-o-carnaval","status":"publish","type":"post","link":"https:\/\/tvtecjundiai.com.br\/news\/2023\/02\/16\/sesc-jundiai-traz-atracoes-gratuitas-para-as-criancas-curtirem-o-carnaval\/","title":{"rendered":"Sesc Jundia\u00ed traz atra\u00e7\u00f5es gratuitas para as crian\u00e7as curtirem o Carnaval"},"content":{"rendered":"\n<p>A crian\u00e7ada tamb\u00e9m tem lugar garantido na folia de Carnaval do Sesc Jundia\u00ed. A unidade preparou algumas atra\u00e7\u00f5es gratuitas, que incluem oficinas, shows e apresenta\u00e7\u00e3o circense. Confira:<\/p>\n\n\n\n<h2 class=\"wp-block-heading\" id=\"h-re-fantasiando-o-carnaval\">(Re)fantasiando o Carnaval<\/h2>\n\n\n\n<p>\u201cReutilizar\u201d \u00e9 a palavra-chave desta atividade. Na oficina, ser\u00e3o confeccionadas novas pe\u00e7as de roupas e adere\u00e7os para o carnaval, tendo como base uma mistura de fantasias da maior festa popular brasileira dos anos anteriores e elementos naturais. Com Renato Reis Trippe, Vive Almeida, Alice Almeida e Graciele Savio dos Santos.<\/p>\n\n\n\n<p><strong>Quando:\u00a0<\/strong>18 a 21\/2 (s\u00e1bado a ter\u00e7a), das 10h \u00e0s 16h<br><strong>Onde:<\/strong>\u00a0\u00c1rea de Conviv\u00eancia<br>Livre | Sem inscri\u00e7\u00e3o pr\u00e9via<\/p>\n\n\n\n<h2 class=\"wp-block-heading\"><strong>Folias para brincar<\/strong><\/h2>\n\n\n\n<p>A proposta da atividade \u00e9 resgatar um ambiente l\u00fadico que favore\u00e7a brincadeiras de carnaval de antigamente com tecidos, chap\u00e9us, m\u00e1scaras, tiaras, capas, luvas, fantasias de boi, carrinhos, foguetes e elementos da cultura popular brasileira. Tamb\u00e9m estar\u00e3o dispon\u00edveis brinquedos como bambol\u00ea, peteca, corda, flores, lim\u00e3o de cheiro, serpentinas, instrumentos, confetes e m\u00e1scaras de carnaval para os pequenos brincarem \u00e0 vontade. Com Grupo Regar.<\/p>\n\n\n\n<p><strong>Quando:\u00a0<\/strong>18 a 21\/2 (s\u00e1bado a ter\u00e7a), das 10h \u00e0s 16h e 14h \u00e0s 17h<br><strong>Onde:<\/strong>\u00a0Pra\u00e7a<br><strong>Dura\u00e7\u00e3o:\u00a0<\/strong>120 minutos | Crian\u00e7as at\u00e9 6 anos<br>Sem inscri\u00e7\u00e3o pr\u00e9via<\/p>\n\n\n<div class=\"wp-block-image\">\n<figure class=\"aligncenter size-full\"><img loading=\"lazy\" decoding=\"async\" width=\"664\" height=\"332\" src=\"https:\/\/tvtecjundiai.com.br\/news\/wp-content\/uploads\/sites\/2\/2023\/02\/charanga-da-popota-Gislaine-Costas.jpeg\" alt=\"\" class=\"wp-image-105036\" srcset=\"https:\/\/tvtecjundiai.com.br\/news\/wp-content\/uploads\/sites\/2\/2023\/02\/charanga-da-popota-Gislaine-Costas.jpeg 664w, https:\/\/tvtecjundiai.com.br\/news\/wp-content\/uploads\/sites\/2\/2023\/02\/charanga-da-popota-Gislaine-Costas-300x150.jpeg 300w\" sizes=\"auto, (max-width: 664px) 100vw, 664px\" \/><\/figure>\n<\/div>\n\n\n<h2 class=\"wp-block-heading\"><strong>Charanga da Pop\u00f3ta<\/strong><\/h2>\n\n\n\n<p>\u201cAlegria entre confetes, jujubinhas e serpentinas\u201d \u00e9 o show no qual a palhacita cantante Pop\u00f3ta traz sua charanga num divertido resgate interativo. Suas apresenta\u00e7\u00f5es contam com um repert\u00f3rio repleto de marchinhas de carnaval, sambas, m\u00fasicas do cancioneiro infantil e cantigas de roda com arranjos modernos adaptados para o Carnaval das crian\u00e7as.<\/p>\n\n\n\n<p><strong>Quando:&nbsp;<\/strong>s\u00e1bado (18) e ter\u00e7a (21), \u00e0s 11h<br><strong>Onde:<\/strong>&nbsp;Gin\u00e1sio<br><strong>Dura\u00e7\u00e3o:&nbsp;<\/strong>60 minutos | Livre<strong><\/strong><br>Retirada de ingressos 1 hora antes no dia da apresenta\u00e7\u00e3o<\/p>\n\n\n\n<h2 class=\"wp-block-heading\">Interven\u00e7\u00e3o Companhia do Circo<\/h2>\n\n\n\n<p>A Companhia do Circo faz uma homenagem ao Carnaval de rua, apresenta um cortejo carnavalesco com banda e t\u00e9cnicas circenses. Durante a apresenta\u00e7\u00e3o, a trupe interage com o p\u00fablico ao som de samba, marchinhas, forr\u00f3, frevo, m\u00fasicas de desenho e rock nacional, tudo no ritmo de Carnaval.<\/p>\n\n\n\n<p><strong>Quando:&nbsp;<\/strong>20\/2, segunda, das 15h \u00e0s 16h<br><strong>Onde:<\/strong>&nbsp;\u00c1rea de Conviv\u00eancia<br><strong>Dura\u00e7\u00e3o:&nbsp;<\/strong>60 minutos | Livre<\/p>\n\n\n\n<p>O Sesc Jundia\u00ed fica na Avenida Ant\u00f4nio Frederico Ozanan, 6600, Jardim Bot\u00e2nico.<\/p>\n\n\n<div class=\"wp-block-image\">\n<figure class=\"aligncenter size-full\"><img loading=\"lazy\" decoding=\"async\" width=\"664\" height=\"332\" src=\"https:\/\/tvtecjundiai.com.br\/news\/wp-content\/uploads\/sites\/2\/2023\/02\/Intervencao-Companhia-do-Circo.jpg\" alt=\"\" class=\"wp-image-105037\" srcset=\"https:\/\/tvtecjundiai.com.br\/news\/wp-content\/uploads\/sites\/2\/2023\/02\/Intervencao-Companhia-do-Circo.jpg 664w, https:\/\/tvtecjundiai.com.br\/news\/wp-content\/uploads\/sites\/2\/2023\/02\/Intervencao-Companhia-do-Circo-300x150.jpg 300w\" sizes=\"auto, (max-width: 664px) 100vw, 664px\" \/><\/figure>\n<\/div>\n\n\n<p><strong><em>(Fonte\/Imagem: Assessoria Sesc Jundia\u00ed)<\/em><\/strong><\/p>\n","protected":false},"excerpt":{"rendered":"<p>A unidade preparou algumas atra\u00e7\u00f5es gratuitas, que incluem oficinas, shows e apresenta\u00e7\u00e3o circense<\/p>\n","protected":false},"author":30,"featured_media":105037,"comment_status":"closed","ping_status":"0","sticky":false,"template":"","format":"standard","meta":{"footnotes":""},"categories":[2833,8356,8354,1],"tags":[],"class_list":["post-105035","post","type-post","status-publish","format-standard","has-post-thumbnail","hentry","category-cultura","category-jundiai","category-lazer","category-noticias"],"_links":{"self":[{"href":"https:\/\/tvtecjundiai.com.br\/news\/wp-json\/wp\/v2\/posts\/105035","targetHints":{"allow":["GET"]}}],"collection":[{"href":"https:\/\/tvtecjundiai.com.br\/news\/wp-json\/wp\/v2\/posts"}],"about":[{"href":"https:\/\/tvtecjundiai.com.br\/news\/wp-json\/wp\/v2\/types\/post"}],"author":[{"embeddable":true,"href":"https:\/\/tvtecjundiai.com.br\/news\/wp-json\/wp\/v2\/users\/30"}],"replies":[{"embeddable":true,"href":"https:\/\/tvtecjundiai.com.br\/news\/wp-json\/wp\/v2\/comments?post=105035"}],"version-history":[{"count":1,"href":"https:\/\/tvtecjundiai.com.br\/news\/wp-json\/wp\/v2\/posts\/105035\/revisions"}],"predecessor-version":[{"id":105038,"href":"https:\/\/tvtecjundiai.com.br\/news\/wp-json\/wp\/v2\/posts\/105035\/revisions\/105038"}],"wp:featuredmedia":[{"embeddable":true,"href":"https:\/\/tvtecjundiai.com.br\/news\/wp-json\/wp\/v2\/media\/105037"}],"wp:attachment":[{"href":"https:\/\/tvtecjundiai.com.br\/news\/wp-json\/wp\/v2\/media?parent=105035"}],"wp:term":[{"taxonomy":"category","embeddable":true,"href":"https:\/\/tvtecjundiai.com.br\/news\/wp-json\/wp\/v2\/categories?post=105035"},{"taxonomy":"post_tag","embeddable":true,"href":"https:\/\/tvtecjundiai.com.br\/news\/wp-json\/wp\/v2\/tags?post=105035"}],"curies":[{"name":"wp","href":"https:\/\/api.w.org\/{rel}","templated":true}]}}