{"id":105039,"date":"2023-02-17T10:06:39","date_gmt":"2023-02-17T13:06:39","guid":{"rendered":"https:\/\/tvtecjundiai.com.br\/news\/?p=105039"},"modified":"2023-02-17T10:09:31","modified_gmt":"2023-02-17T13:09:31","slug":"criativos-doam-leite-ao-funss-como-participacao-na-mostra-galpao-criativo","status":"publish","type":"post","link":"https:\/\/tvtecjundiai.com.br\/news\/2023\/02\/17\/criativos-doam-leite-ao-funss-como-participacao-na-mostra-galpao-criativo\/","title":{"rendered":"Criativos doam leite ao Funss como participa\u00e7\u00e3o no Galp\u00e3o Criativo"},"content":{"rendered":"\n<p>Como parte das a\u00e7\u00f5es concretas para a segunda edi\u00e7\u00e3o da Mostra Galp\u00e3o Criativo, projeto de economia criativa da Prefeitura de Jundia\u00ed e da Funda\u00e7\u00e3o Escola TVTEC Jundia\u00ed, os criativos estiveram na manh\u00e3 desta quinta-feira (16) na sede do Fundo Social de Solidariedade (Funss) fazendo a entrega da caixa de leite aos representantes da unidade.  Com a participa\u00e7\u00e3o de 75 agentes criativos dos mais diferentes segmentos da economia criativa, o encontro acontece nos dias 25 e 26 de fevereiro na sede da TVTEC. <\/p>\n\n\n\n<p>Durante a entrega do leite, os agentes criativos conheceram, por meio de sorteio, os lugares que ficar\u00e3o alocados na mostra. Gastronomia, cultura, espa\u00e7o kids e m\u00fasica far\u00e3o parte do encontro. A superintendente da TVTEC, M\u00f4nica Gropelo, lembrou que por meio do Galp\u00e3o Criativo a unidade tamb\u00e9m cuida do espa\u00e7o da economia criativa, contando com parcerias entre elas. Trata de um modelo, segundo M\u00f4nica Gropelo, de economia solid\u00e1ria. <\/p>\n\n\n\n<p>&#8220;Temos aqui um espa\u00e7o criativo comandado pela Vanessa Machado que tem feito um trabalho brilhante de forma\u00e7\u00e3o e ajudando as fam\u00edlias vulner\u00e1veis. Todos os residentes e criativos que aqui estiveram cumpriram os requisitos de sele\u00e7\u00e3o, inclusive na doa\u00e7\u00e3o do fardo de leite que ser\u00e1 repassado \u00e0s fam\u00edlias vulner\u00e1veis&#8221;, comenta M\u00f4nica.<\/p>\n\n\n\n<p><\/p>\n\n\n\n<figure class=\"wp-block-image size-large\"><img loading=\"lazy\" decoding=\"async\" width=\"1200\" height=\"800\" src=\"https:\/\/tvtecjundiai.com.br\/news\/wp-content\/uploads\/sites\/2\/2023\/02\/galpao_leite1-1-1200x800.jpg\" alt=\"\" class=\"wp-image-105042\" srcset=\"https:\/\/tvtecjundiai.com.br\/news\/wp-content\/uploads\/sites\/2\/2023\/02\/galpao_leite1-1-1200x800.jpg 1200w, https:\/\/tvtecjundiai.com.br\/news\/wp-content\/uploads\/sites\/2\/2023\/02\/galpao_leite1-1-300x200.jpg 300w, https:\/\/tvtecjundiai.com.br\/news\/wp-content\/uploads\/sites\/2\/2023\/02\/galpao_leite1-1-768x512.jpg 768w, https:\/\/tvtecjundiai.com.br\/news\/wp-content\/uploads\/sites\/2\/2023\/02\/galpao_leite1-1.jpg 1280w\" sizes=\"auto, (max-width: 1200px) 100vw, 1200px\" \/><figcaption class=\"wp-element-caption\">A superintendente M\u00f4nica Gropelo lembrou da import\u00e2ncia da doa\u00e7\u00e3o do litro de leite<\/figcaption><\/figure>\n\n\n\n<p>Durante a a\u00e7\u00e3o foram arrecadados 900 litros de leite que ser\u00e3o revertidos \u00e0s familias credenciadas pelo FUNSS. Francine Picardi, diretora do FUNSS, agradeceu mais uma vez a a\u00e7\u00e3o. &#8220;\u00c9 sempre importante as a\u00e7\u00f5es para os atendimentos que temos. A parceria com a TV \u00e9 sempre importante.&#8221;<\/p>\n\n\n\n<p>Para Luciane Alves Borges, da Lua Artesanato, este encontro ser\u00e1 importante para divulgar seu trabalho e mostrar a for\u00e7a do mosaico dentro da economia criativa. &#8220;Eu estou muito feliz em poder participar deste evento que j\u00e1 \u00e9 sucesso. Muitos colegas estavam na primeira edi\u00e7\u00e3o e fiz quest\u00e3o de me inscrever para esta. J\u00e1 fiz v\u00e1rias cursos na TVTEC e para mim este momento \u00e9 especial.&#8221;<\/p>\n\n\n\n<p>Pela segunda vez no evento, a propriet\u00e1ria do Alecrim Cheiroso Mesa Posta, Eliane Rodrigues, lembrou da import\u00e2ncia da participa\u00e7\u00e3o na Mostra Galp\u00e3o Criativo, mas enfatizou que a solidariedade faz a diferen\u00e7a e por isso a doa\u00e7\u00e3o do fardo do leite deve ser levada a s\u00e9rio. &#8220;Eu me sinto sempre muito bem tratada e com respeito. A qualifica\u00e7\u00e3o nos ajudou muito, eu mesma j\u00e1 consegui melhorar meu espa\u00e7o e estou muito feliz. Se nos sentimos acolhidos, porque n\u00e3o dar acolhimento a algu\u00e9m&#8221;, comentou. <\/p>\n\n\n\n<figure class=\"wp-block-image size-large\"><img loading=\"lazy\" decoding=\"async\" width=\"1200\" height=\"800\" src=\"https:\/\/tvtecjundiai.com.br\/news\/wp-content\/uploads\/sites\/2\/2023\/02\/galpao_leite4-1200x800.jpg\" alt=\"\" class=\"wp-image-105043\" srcset=\"https:\/\/tvtecjundiai.com.br\/news\/wp-content\/uploads\/sites\/2\/2023\/02\/galpao_leite4-1200x800.jpg 1200w, https:\/\/tvtecjundiai.com.br\/news\/wp-content\/uploads\/sites\/2\/2023\/02\/galpao_leite4-300x200.jpg 300w, https:\/\/tvtecjundiai.com.br\/news\/wp-content\/uploads\/sites\/2\/2023\/02\/galpao_leite4-768x512.jpg 768w, https:\/\/tvtecjundiai.com.br\/news\/wp-content\/uploads\/sites\/2\/2023\/02\/galpao_leite4.jpg 1280w\" sizes=\"auto, (max-width: 1200px) 100vw, 1200px\" \/><figcaption class=\"wp-element-caption\">Al\u00e9m da entrega dos leites ao Funss, os criativos participaram do sorteio que determina o espa\u00e7o durante o evento<\/figcaption><\/figure>\n\n\n\n<p><strong>Mostra Galp\u00e3o Criativo<\/strong><\/p>\n\n\n\n<p>Endere\u00e7o: Avenida Dr. Cavalcanti, 396, Complexo Argos<\/p>\n\n\n\n<p>Data e hor\u00e1rio: Dia 25 de fevereiro, das 10h \u00e0s 18h; Dia 26 de fevereiro, das 10h \u00e0s 17h<\/p>\n\n\n\n<p>Os visitantes podem fazer um gesto concreto doando um litro de leite como entrada ao evento. Mais informa\u00e7\u00f5es, acesse o Instagram:&nbsp;<a href=\"https:\/\/www.instagram.com\/galpaocriativojundiai\/\">@galpaocriativojundiai<\/a><\/p>\n\n\n\n<p>(<strong><em>Fonte\/Imagens: TVTEC Jundia\u00ed e Funss)<\/em><\/strong><\/p>\n","protected":false},"excerpt":{"rendered":"<p>Criativos conheceram os lugares onde ficar\u00e3o locados<\/p>\n","protected":false},"author":30,"featured_media":105040,"comment_status":"closed","ping_status":"0","sticky":false,"template":"","format":"standard","meta":{"footnotes":""},"categories":[29,8356],"tags":[],"class_list":["post-105039","post","type-post","status-publish","format-standard","has-post-thumbnail","hentry","category-destaque","category-jundiai"],"_links":{"self":[{"href":"https:\/\/tvtecjundiai.com.br\/news\/wp-json\/wp\/v2\/posts\/105039","targetHints":{"allow":["GET"]}}],"collection":[{"href":"https:\/\/tvtecjundiai.com.br\/news\/wp-json\/wp\/v2\/posts"}],"about":[{"href":"https:\/\/tvtecjundiai.com.br\/news\/wp-json\/wp\/v2\/types\/post"}],"author":[{"embeddable":true,"href":"https:\/\/tvtecjundiai.com.br\/news\/wp-json\/wp\/v2\/users\/30"}],"replies":[{"embeddable":true,"href":"https:\/\/tvtecjundiai.com.br\/news\/wp-json\/wp\/v2\/comments?post=105039"}],"version-history":[{"count":7,"href":"https:\/\/tvtecjundiai.com.br\/news\/wp-json\/wp\/v2\/posts\/105039\/revisions"}],"predecessor-version":[{"id":105075,"href":"https:\/\/tvtecjundiai.com.br\/news\/wp-json\/wp\/v2\/posts\/105039\/revisions\/105075"}],"wp:featuredmedia":[{"embeddable":true,"href":"https:\/\/tvtecjundiai.com.br\/news\/wp-json\/wp\/v2\/media\/105040"}],"wp:attachment":[{"href":"https:\/\/tvtecjundiai.com.br\/news\/wp-json\/wp\/v2\/media?parent=105039"}],"wp:term":[{"taxonomy":"category","embeddable":true,"href":"https:\/\/tvtecjundiai.com.br\/news\/wp-json\/wp\/v2\/categories?post=105039"},{"taxonomy":"post_tag","embeddable":true,"href":"https:\/\/tvtecjundiai.com.br\/news\/wp-json\/wp\/v2\/tags?post=105039"}],"curies":[{"name":"wp","href":"https:\/\/api.w.org\/{rel}","templated":true}]}}