{"id":10504,"date":"2018-05-17T10:00:59","date_gmt":"2018-05-17T13:00:59","guid":{"rendered":"https:\/\/tvtecjundiai.com.br\/news\/?p=10504"},"modified":"2018-05-17T13:36:22","modified_gmt":"2018-05-17T16:36:22","slug":"sobe-preco-medio-da-gasolina-e-do-diesel","status":"publish","type":"post","link":"https:\/\/tvtecjundiai.com.br\/news\/2018\/05\/17\/sobe-preco-medio-da-gasolina-e-do-diesel\/","title":{"rendered":"Sobe pre\u00e7o m\u00e9dio da gasolina e do diesel nas refinarias"},"content":{"rendered":"<div id=\"attachment_10505\" style=\"width: 385px\" class=\"wp-caption alignright\"><a href=\"https:\/\/tvtecjundiai.com.br\/news\/wp-content\/uploads\/sites\/2\/2018\/05\/economia-20151001-23-original.jpg\"><img loading=\"lazy\" decoding=\"async\" aria-describedby=\"caption-attachment-10505\" class=\"wp-image-10505\" src=\"https:\/\/tvtecjundiai.com.br\/news\/wp-content\/uploads\/sites\/2\/2018\/05\/economia-20151001-23-original-300x200.jpg\" alt=\"\" width=\"375\" height=\"250\" srcset=\"https:\/\/tvtecjundiai.com.br\/news\/wp-content\/uploads\/sites\/2\/2018\/05\/economia-20151001-23-original-300x200.jpg 300w, https:\/\/tvtecjundiai.com.br\/news\/wp-content\/uploads\/sites\/2\/2018\/05\/economia-20151001-23-original.jpg 680w\" sizes=\"auto, (max-width: 375px) 100vw, 375px\" \/><\/a><p id=\"caption-attachment-10505\" class=\"wp-caption-text\"><em>(Foto:\u00a0Ricardo Matsukwa\/VEJA)<\/em><\/p><\/div>\n<p>Com o reajuste que entra em vigor nesta quinta-feira (17), A Petrobras anunciou que o pre\u00e7o m\u00e9dio do litro da\u00a0gasolina e do diesel vai subir.<\/p>\n<p>Segundo a empresa, o pre\u00e7o do diesel A nas refinarias passar\u00e1 de R$ 2,3082 nesta quinta-feira (17) para R$ 2,3302 nesta sexta-feira (18) &#8211; o que significa uma alta de 0,95%. J\u00e1 o pre\u00e7o da gasolina A nas refinarias passar\u00e1 de R$ 2,0046 para R$ 2,0407 o litro, no mesmo per\u00edodo, o que representa um aumento de 1,80%.\u00a0A decis\u00e3o de repassar o aumento do valor da combust\u00edvel cobrado pela Petrobras para o consumidor final \u00e9 dos postos de combust\u00edvel.<\/p>\n<p>Este \u00e9 o 4\u00ba reajuste j\u00e1 anunciado nesta semana.\u00a0Na v\u00e9spera, a companhia elevou em 1,82% o pre\u00e7o da gasolina, e subiu 1,76% o pre\u00e7o do diesel, nas refinarias. A escalada nos pre\u00e7os acontece em meio \u00e0 disparada nos pre\u00e7os internacionais do petr\u00f3leo. Nesta quinta, o barril de petr\u00f3leo\u00a0Brent superou US$ 80 pela 1\u00aa vez desde novembro de 2014.,<\/p>\n<p>A Petrobras adota novo formato na pol\u00edtica de ajuste de pre\u00e7os desde 3 de julho do ano passado. Pela nova metodologia, os reajustes acontecem com maior frequ\u00eancia, inclusive diariamente.<\/p>\n<p><em>Fonte: G1<\/em><\/p>\n","protected":false},"excerpt":{"rendered":"<p>Alta acontece em meio \u00e0 disparada nos pre\u00e7os internacionais do petr\u00f3leo<\/p>\n","protected":false},"author":10,"featured_media":10505,"comment_status":"closed","ping_status":"closed","sticky":false,"template":"","format":"standard","meta":{"footnotes":""},"categories":[2829],"tags":[2274,605,275,5,15],"class_list":["post-10504","post","type-post","status-publish","format-standard","has-post-thumbnail","hentry","category-economia","tag-combustivel","tag-diesel","tag-gasolina","tag-jundiai","tag-tvtec"],"_links":{"self":[{"href":"https:\/\/tvtecjundiai.com.br\/news\/wp-json\/wp\/v2\/posts\/10504","targetHints":{"allow":["GET"]}}],"collection":[{"href":"https:\/\/tvtecjundiai.com.br\/news\/wp-json\/wp\/v2\/posts"}],"about":[{"href":"https:\/\/tvtecjundiai.com.br\/news\/wp-json\/wp\/v2\/types\/post"}],"author":[{"embeddable":true,"href":"https:\/\/tvtecjundiai.com.br\/news\/wp-json\/wp\/v2\/users\/10"}],"replies":[{"embeddable":true,"href":"https:\/\/tvtecjundiai.com.br\/news\/wp-json\/wp\/v2\/comments?post=10504"}],"version-history":[{"count":7,"href":"https:\/\/tvtecjundiai.com.br\/news\/wp-json\/wp\/v2\/posts\/10504\/revisions"}],"predecessor-version":[{"id":10528,"href":"https:\/\/tvtecjundiai.com.br\/news\/wp-json\/wp\/v2\/posts\/10504\/revisions\/10528"}],"wp:featuredmedia":[{"embeddable":true,"href":"https:\/\/tvtecjundiai.com.br\/news\/wp-json\/wp\/v2\/media\/10505"}],"wp:attachment":[{"href":"https:\/\/tvtecjundiai.com.br\/news\/wp-json\/wp\/v2\/media?parent=10504"}],"wp:term":[{"taxonomy":"category","embeddable":true,"href":"https:\/\/tvtecjundiai.com.br\/news\/wp-json\/wp\/v2\/categories?post=10504"},{"taxonomy":"post_tag","embeddable":true,"href":"https:\/\/tvtecjundiai.com.br\/news\/wp-json\/wp\/v2\/tags?post=10504"}],"curies":[{"name":"wp","href":"https:\/\/api.w.org\/{rel}","templated":true}]}}