{"id":105046,"date":"2023-02-19T08:00:00","date_gmt":"2023-02-19T11:00:00","guid":{"rendered":"https:\/\/tvtecjundiai.com.br\/news\/?p=105046"},"modified":"2023-02-17T16:44:59","modified_gmt":"2023-02-17T19:44:59","slug":"cresce-expectativa-entre-os-novos-participantes-do-galpao-criativo","status":"publish","type":"post","link":"https:\/\/tvtecjundiai.com.br\/news\/2023\/02\/19\/cresce-expectativa-entre-os-novos-participantes-do-galpao-criativo\/","title":{"rendered":"Cresce expectativa entre os novos participantes do Galp\u00e3o Criativo"},"content":{"rendered":"\n<p>A Mostra Galp\u00e3o Criativo, evento da Prefeitura de Jundia\u00ed e da TVTEC, ir\u00e1 reunir nos dias 25 e 26 de fevereiro criativos dos mais diferentes segmentos, em especial moda, gastronomia, artesanato e servi\u00e7os. O evento tem como objetivo focar na gera\u00e7\u00e3o de renda e fomentar a economia criativa em Jundia\u00ed. S\u00e3o pelo menos 75  agentes prontos para mostrar seus trabalhos. <\/p>\n\n\n\n<p>H\u00e1 tr\u00eas anos, a artes\u00e3 Luzenite do Santos, da Riqueza das Pedrarias, resolveu empreender e utilizou as pedras como mat\u00e9ria-prima. Ela conta que o primeiro trabalho foi um presente para sua m\u00e3e e a partir disso as encomendas come\u00e7aram a chegar. &#8220;Eu coloco pedrarias em imagens de gesso e MDF e para este evento eu vou levar imagens sacras e bandejas em MDF com pedrarias.&#8221;<\/p>\n\n\n\n<p>Por ser a primeira vez que participa do Galp\u00e3o Criativo, ela diz que as expectativas s\u00e3o altas. &#8220;Estou muito ansiosa para este evento porque cada um poder\u00e1 mostrar o seu valor e potencial.&#8221;<\/p>\n\n\n\n<figure class=\"wp-block-image size-full\"><img loading=\"lazy\" decoding=\"async\" width=\"718\" height=\"450\" src=\"https:\/\/tvtecjundiai.com.br\/news\/wp-content\/uploads\/sites\/2\/2023\/02\/LUZINETE.jpeg\" alt=\"\" class=\"wp-image-105134\" srcset=\"https:\/\/tvtecjundiai.com.br\/news\/wp-content\/uploads\/sites\/2\/2023\/02\/LUZINETE.jpeg 718w, https:\/\/tvtecjundiai.com.br\/news\/wp-content\/uploads\/sites\/2\/2023\/02\/LUZINETE-300x188.jpeg 300w\" sizes=\"auto, (max-width: 718px) 100vw, 718px\" \/><figcaption class=\"wp-element-caption\">Luzenite do Santos ir\u00e1 mostrar seu trabalho com pedrarias<\/figcaption><\/figure>\n\n\n\n<p>Para Kaisy Ellen da Costa, da Kase, a participa\u00e7\u00e3o no Galp\u00e3o Criativo ir\u00e1 ajudar a fomentar a economia criativa dando visibilidade, oportunidade e networking aos participantes. &#8220;Por ser a primeira edi\u00e7\u00e3o que participo, estou preparando muitos acess\u00f3rios em sint\u00e9tico, como necessaires, carteiras, organizadores e o mais novo lan\u00e7amento que \u00e9 uma linha para casa com alguns itens para mesa posta. Estou muito empolgada e feliz com a oportunidade, tenho certeza que vai render muitas conex\u00f5es, vendas e aprendizados.&#8221;<\/p>\n\n\n\n<figure class=\"wp-block-image size-large\"><img loading=\"lazy\" decoding=\"async\" width=\"796\" height=\"960\" src=\"https:\/\/tvtecjundiai.com.br\/news\/wp-content\/uploads\/sites\/2\/2023\/02\/KASE-796x960.jpeg\" alt=\"\" class=\"wp-image-105135\" srcset=\"https:\/\/tvtecjundiai.com.br\/news\/wp-content\/uploads\/sites\/2\/2023\/02\/KASE-796x960.jpeg 796w, https:\/\/tvtecjundiai.com.br\/news\/wp-content\/uploads\/sites\/2\/2023\/02\/KASE-300x362.jpeg 300w, https:\/\/tvtecjundiai.com.br\/news\/wp-content\/uploads\/sites\/2\/2023\/02\/KASE-768x927.jpeg 768w, https:\/\/tvtecjundiai.com.br\/news\/wp-content\/uploads\/sites\/2\/2023\/02\/KASE.jpeg 1061w\" sizes=\"auto, (max-width: 796px) 100vw, 796px\" \/><figcaption class=\"wp-element-caption\">Kaisy Ellen da Costa, da Kase, espera fazer networking durante o evento<\/figcaption><\/figure>\n\n\n\n<p>Doces como fonte de renda<\/p>\n\n\n\n<p>Al\u00e9m de produtos referentes \u00e0 economia criativa, a Mostra Galp\u00e3o Criativo ir\u00e1 reunir pessoas que utilizam a gastronomia como fonte de renda. \u00c9 o caso de Leandro de Mello Saraiva Cinelli, da Docinelli, que pela primeira vez ir\u00e1 mostrar suas &#8216;gostosuras&#8217; em uma mostra. Da tradicional banoffe (torta de banana) ao brigadeiro de creme, o que n\u00e3o ir\u00e1 faltar s\u00e3o op\u00e7\u00f5es doces com sabor diferenciado. <\/p>\n\n\n\n<p>&#8220;O Galp\u00e3o \u00e9 uma janela gigantesca para n\u00f3s aqui da regi\u00e3o de Jundia\u00ed e tenho certeza que vamos fazer muitos contatos. Quero ter visibilidade para que meus doces me ajudem a realizar meu sonho, que \u00e9 estudar Medicina&#8221;, comenta. <\/p>\n\n\n\n<p>Ele acredita que dar seu toque especial em cada receita \u00e9 o que faz toda diferen\u00e7a. &#8220;Eu mesmo fa\u00e7o o doce de leite para colocar na banoffe e isto faz toda a diferen\u00e7a no sabor. Quando a gente prepara as coisas com carinho, o sabor sobressai.&#8221;<\/p>\n\n\n\n<p><strong>Mostra Galp\u00e3o Criativo<\/strong><\/p>\n\n\n\n<p>Endere\u00e7o: Avenida Dr. Cavalcanti, 396, Complexo Argos<\/p>\n\n\n\n<p>Data e hor\u00e1rio: Dia 25 de fevereiro, das 10h \u00e0s 18h; Dia 26 de fevereiro, das 10h \u00e0s 17h<\/p>\n\n\n\n<p>Os visitantes podem fazer um gesto concreto doando um litro de leite como entrada ao evento. Mais informa\u00e7\u00f5es, acesse o Instagram:&nbsp;<a href=\"https:\/\/www.instagram.com\/galpaocriativojundiai\/\">@galpaocriativojundiai<\/a><\/p>\n\n\n\n<p>(<strong><em>Fonte\/Imagens: Arquivo Pessoal)<\/em><\/strong><\/p>\n","protected":false},"excerpt":{"rendered":"<p>Mostra Galp\u00e3o Criativo acontece dias 25 e 26 de fevereiro<\/p>\n","protected":false},"author":30,"featured_media":105047,"comment_status":"closed","ping_status":"0","sticky":false,"template":"","format":"standard","meta":{"footnotes":""},"categories":[29],"tags":[],"class_list":["post-105046","post","type-post","status-publish","format-standard","has-post-thumbnail","hentry","category-destaque"],"_links":{"self":[{"href":"https:\/\/tvtecjundiai.com.br\/news\/wp-json\/wp\/v2\/posts\/105046","targetHints":{"allow":["GET"]}}],"collection":[{"href":"https:\/\/tvtecjundiai.com.br\/news\/wp-json\/wp\/v2\/posts"}],"about":[{"href":"https:\/\/tvtecjundiai.com.br\/news\/wp-json\/wp\/v2\/types\/post"}],"author":[{"embeddable":true,"href":"https:\/\/tvtecjundiai.com.br\/news\/wp-json\/wp\/v2\/users\/30"}],"replies":[{"embeddable":true,"href":"https:\/\/tvtecjundiai.com.br\/news\/wp-json\/wp\/v2\/comments?post=105046"}],"version-history":[{"count":4,"href":"https:\/\/tvtecjundiai.com.br\/news\/wp-json\/wp\/v2\/posts\/105046\/revisions"}],"predecessor-version":[{"id":105139,"href":"https:\/\/tvtecjundiai.com.br\/news\/wp-json\/wp\/v2\/posts\/105046\/revisions\/105139"}],"wp:featuredmedia":[{"embeddable":true,"href":"https:\/\/tvtecjundiai.com.br\/news\/wp-json\/wp\/v2\/media\/105047"}],"wp:attachment":[{"href":"https:\/\/tvtecjundiai.com.br\/news\/wp-json\/wp\/v2\/media?parent=105046"}],"wp:term":[{"taxonomy":"category","embeddable":true,"href":"https:\/\/tvtecjundiai.com.br\/news\/wp-json\/wp\/v2\/categories?post=105046"},{"taxonomy":"post_tag","embeddable":true,"href":"https:\/\/tvtecjundiai.com.br\/news\/wp-json\/wp\/v2\/tags?post=105046"}],"curies":[{"name":"wp","href":"https:\/\/api.w.org\/{rel}","templated":true}]}}