{"id":105049,"date":"2023-02-16T17:45:17","date_gmt":"2023-02-16T20:45:17","guid":{"rendered":"https:\/\/tvtecjundiai.com.br\/news\/?p=105049"},"modified":"2023-02-16T17:45:21","modified_gmt":"2023-02-16T20:45:21","slug":"defesa-civil-de-jundiai-alerta-para-chuvas-fortes-nos-proximos-dias","status":"publish","type":"post","link":"https:\/\/tvtecjundiai.com.br\/news\/2023\/02\/16\/defesa-civil-de-jundiai-alerta-para-chuvas-fortes-nos-proximos-dias\/","title":{"rendered":"Defesa Civil de Jundia\u00ed alerta para chuvas fortes nos pr\u00f3ximos dias"},"content":{"rendered":"\n<p>A Defesa Civil informa que, entre sexta-feira (17) e domingo (19), instabilidades geradas pela aproxima\u00e7\u00e3o de uma frente fria provocar\u00e3o condi\u00e7\u00f5es favor\u00e1veis para a ocorr\u00eancia de tempestades, seguidas de raios, ventos e granizo nas regi\u00f5es de Campinas, que Jundia\u00ed faz parte, e Sorocaba.<\/p>\n\n\n\n<p>H\u00e1 previs\u00e3o de chuva forte pelas pr\u00f3ximas 48h, podendo chegar a um total de 80mm na Regi\u00e3o de Jundia\u00ed. \u201cTodos os componentes e \u00f3rg\u00e3os da for\u00e7a-tarefa da Defesa Civil j\u00e1 est\u00e3o em alerta e a Prefeitura de Jundia\u00ed tem divulgado os alertas para a popula\u00e7\u00e3o. Diante deste cen\u00e1rio, recomenda-se cautela e aten\u00e7\u00e3o especial as \u00e1reas mais vulner\u00e1veis e que os motoristas mantenham cuidado no tr\u00e2nsito, que as pessoas evitem locais de alagamento ou enxurradas e que permane\u00e7am abrigadas e protegidas durante as chuvas. Cuidado tamb\u00e9m com os raios, evitando permanecer debaixo de \u00e1rvores e procurar locais protegidos\u201d, afirma o coordenador da Defesa Civil de Jundia\u00ed, coronel Jo\u00e3o Os\u00f3rio Gimenez Germano.<\/p>\n\n\n\n<figure class=\"wp-block-image size-large\"><img loading=\"lazy\" decoding=\"async\" width=\"1200\" height=\"720\" src=\"https:\/\/tvtecjundiai.com.br\/news\/wp-content\/uploads\/sites\/2\/2023\/02\/chuvas_jundiai-1_-1200x720.jpg\" alt=\"\" class=\"wp-image-105050\" srcset=\"https:\/\/tvtecjundiai.com.br\/news\/wp-content\/uploads\/sites\/2\/2023\/02\/chuvas_jundiai-1_-1200x720.jpg 1200w, https:\/\/tvtecjundiai.com.br\/news\/wp-content\/uploads\/sites\/2\/2023\/02\/chuvas_jundiai-1_-300x180.jpg 300w, https:\/\/tvtecjundiai.com.br\/news\/wp-content\/uploads\/sites\/2\/2023\/02\/chuvas_jundiai-1_-768x461.jpg 768w, https:\/\/tvtecjundiai.com.br\/news\/wp-content\/uploads\/sites\/2\/2023\/02\/chuvas_jundiai-1_.jpg 1280w\" sizes=\"auto, (max-width: 1200px) 100vw, 1200px\" \/><figcaption class=\"wp-element-caption\">Jundia\u00ed tem previs\u00e3o para mais chuvas nos pr\u00f3ximos dois dias<\/figcaption><\/figure>\n\n\n\n<p><strong>Ligue 199<\/strong><\/p>\n\n\n\n<p>Havendo necessidade, a popula\u00e7\u00e3o pode contatar a Defesa Civil pelo n\u00famero 4586-0666 ou o 199. Para obter mais orienta\u00e7\u00f5es sobre o que fazer antes, durante e depois ao per\u00edodo de chuvas intensas e, tamb\u00e9m, os demais tipos de desastres, est\u00e1 dispon\u00edvel o aplicativo \u201cAlerta SP\u201d, dispon\u00edvel para download nos sistemas Android e IOS. Alertas de risco tamb\u00e9m s\u00e3o enviados por SMS: basta enviar uma mensagem com o CEP da localidade desejada para o n\u00famero 40199.<\/p>\n\n\n\n<p><strong><em>(Fonte\/Imagem: Prefeitura de Jundia\u00ed)<\/em><\/strong><\/p>\n","protected":false},"excerpt":{"rendered":"<p>Havendo necessidade, a popula\u00e7\u00e3o pode contatar a Defesa Civil pelo n\u00famero 4586-0666 ou o 199<\/p>\n","protected":false},"author":30,"featured_media":105050,"comment_status":"closed","ping_status":"0","sticky":false,"template":"","format":"standard","meta":{"footnotes":""},"categories":[2834,3185,3060,8356,1],"tags":[],"class_list":["post-105049","post","type-post","status-publish","format-standard","has-post-thumbnail","hentry","category-cidades","category-clima","category-geral","category-jundiai","category-noticias"],"_links":{"self":[{"href":"https:\/\/tvtecjundiai.com.br\/news\/wp-json\/wp\/v2\/posts\/105049","targetHints":{"allow":["GET"]}}],"collection":[{"href":"https:\/\/tvtecjundiai.com.br\/news\/wp-json\/wp\/v2\/posts"}],"about":[{"href":"https:\/\/tvtecjundiai.com.br\/news\/wp-json\/wp\/v2\/types\/post"}],"author":[{"embeddable":true,"href":"https:\/\/tvtecjundiai.com.br\/news\/wp-json\/wp\/v2\/users\/30"}],"replies":[{"embeddable":true,"href":"https:\/\/tvtecjundiai.com.br\/news\/wp-json\/wp\/v2\/comments?post=105049"}],"version-history":[{"count":1,"href":"https:\/\/tvtecjundiai.com.br\/news\/wp-json\/wp\/v2\/posts\/105049\/revisions"}],"predecessor-version":[{"id":105051,"href":"https:\/\/tvtecjundiai.com.br\/news\/wp-json\/wp\/v2\/posts\/105049\/revisions\/105051"}],"wp:featuredmedia":[{"embeddable":true,"href":"https:\/\/tvtecjundiai.com.br\/news\/wp-json\/wp\/v2\/media\/105050"}],"wp:attachment":[{"href":"https:\/\/tvtecjundiai.com.br\/news\/wp-json\/wp\/v2\/media?parent=105049"}],"wp:term":[{"taxonomy":"category","embeddable":true,"href":"https:\/\/tvtecjundiai.com.br\/news\/wp-json\/wp\/v2\/categories?post=105049"},{"taxonomy":"post_tag","embeddable":true,"href":"https:\/\/tvtecjundiai.com.br\/news\/wp-json\/wp\/v2\/tags?post=105049"}],"curies":[{"name":"wp","href":"https:\/\/api.w.org\/{rel}","templated":true}]}}