{"id":105097,"date":"2023-02-17T11:18:22","date_gmt":"2023-02-17T14:18:22","guid":{"rendered":"https:\/\/tvtecjundiai.com.br\/news\/?p=105097"},"modified":"2023-02-17T11:18:23","modified_gmt":"2023-02-17T14:18:23","slug":"tvtec-participa-de-bate-papo-sobre-economia-criativa-no-senac-jundiai","status":"publish","type":"post","link":"https:\/\/tvtecjundiai.com.br\/news\/2023\/02\/17\/tvtec-participa-de-bate-papo-sobre-economia-criativa-no-senac-jundiai\/","title":{"rendered":"TVTEC participa de bate-papo sobre economia criativa no Senac Jundia\u00ed"},"content":{"rendered":"\n<p>Nesta quinta-feira (17), a TVTEC esteve presente no Senac Jundia\u00ed durante a \u201cFolia Criativa\u201d, evento organizado pelos alunos do curso de Eventos. Durante o bate-papo, a superintendente M\u00f4nica Gropelo e o diretor de Produ\u00e7\u00e3o Multim\u00eddias da TVTEC, Anderson Muller falaram sobre o Galp\u00e3o Criativo e economia criativa, tema que far\u00e1 parte das a\u00e7\u00f5es do Senac Jundia\u00ed.<\/p>\n\n\n\n<figure class=\"wp-block-image\"><img decoding=\"async\" src=\"https:\/\/lh6.googleusercontent.com\/RtwLtXW9F5ETb2F7HUFdTgc0Ia_ORuuKXxYRiYBGiWBV6heEFRgjUc1geAjYRcg5v80OPPLPd7l3iNyUtAD1mqK1aiE-tbAWiUt90cHxxLpV1iR8uYXh8cSM801Th6PLZre-vbpHGIAPs7LYLfW0TF8\" alt=\"\" \/><figcaption class=\"wp-element-caption\">Durante o encontro, os alunos fizeram uma din\u00e2mica sobre o evento<\/figcaption><\/figure>\n\n\n\n<p>Organizado pelos alunos de Eventos como pr\u00e1tica do conhecimento adquirido em sala de aula, o encontro teve como objetivo dar in\u00edcio a cria\u00e7\u00e3o de uma comunidade de economia criativa em Jundia\u00ed.  \u201cAssim come\u00e7amos a pensar como estruturar uma a\u00e7\u00e3o em favor de Jundia\u00ed e dos criativos, compartilhando o que deu certo no Galp\u00e3o Criativo, no Sebrae e no Senac\u201d, explica Paulo Targa, docente de Eventos do Senac Jundia\u00ed.<\/p>\n\n\n\n<p>Essa iniciativa teve como base o evento \u201cVivenciando Jundia\u00ed\u201d que aconteceu na unidade em setembro de 2022. Rosana Tsuru, docente de moda, complementa que a ideia \u00e9 fortalecer a comunidade criativa. \u201cQueremos promover eventos e um curso de Economia Criativa no segundo semestre de 2023 para potencializar os criativos.\u201d<\/p>\n\n\n\n<figure class=\"wp-block-image\"><img decoding=\"async\" src=\"https:\/\/lh4.googleusercontent.com\/THbycFI_V0YbHzMdlhdLuX-BiWcMebBxt6yeuYxUv0S5NkSZUhLUwyPpsKCUOJJgXDBHesnLUjd6FkX-7TuUkvPJkbYyxoL1_BUsXEZ9C2JOo0-Pibo6kz-u2bIDlox_xwayZIqJgUeMA4a1GHZBjuc\" alt=\"\" \/><figcaption class=\"wp-element-caption\">O professor Paulo Targa explicou sobre a economia criativa do Senac Jundia\u00ed<\/figcaption><\/figure>\n\n\n\n<p>Ivone Ruiz, coordenadora do Senac Lapa Scipi\u00e3o, esclarece que a economia criativa engloba neg\u00f3cios com receita bruta e n\u00e3o arte pela arte. \u201cPara que se fortale\u00e7a \u00e9 preciso criar rela\u00e7\u00f5es e conex\u00f5es, assim \u00e9 gerado novas ideias, oportunidades e neg\u00f3cios futuros. Cinema, teatro, design, arquitetura, audiovisual s\u00e3o diversas \u00e1reas que dentro do conceito brit\u00e2nico comp\u00f5em a economia criativa, mas tamb\u00e9m existem aquelas que permeiam esses neg\u00f3cios criativos\u201d.<\/p>\n\n\n\n<p>No dia 21 de mar\u00e7o a equipe do Senac visita o Galp\u00e3o Criativo da TVTEC . &#8220;Tudo isso \u00e9 importante. \u00c9 sobre criar conex\u00f5es, buscar parceiros, compartilhar, partilhar e pertencer, participar de outros grupos e trazer tudo isso para o Galp\u00e3o Criativo, outros grupos, outras ideias, outras iniciativas e assim unirmos as pessoas dentro da nossa cidade. Essa iniciativa \u00e9 muito importante e a TVTEC fica muito feliz em participar com todo o seu time\u201d, conclui M\u00f4nica Gropelo, superintendente da TVTEC JUNDIA\u00cd.<\/p>\n\n\n\n<p><\/p>\n\n\n\n<p>Fonte \/ Imagem: TVTEC JUNDIA\u00cd <\/p>\n","protected":false},"excerpt":{"rendered":"<p>A cria\u00e7\u00e3o de uma comunidade de economia criativa foi discutida<\/p>\n","protected":false},"author":24,"featured_media":105099,"comment_status":"closed","ping_status":"0","sticky":false,"template":"","format":"standard","meta":{"footnotes":""},"categories":[29,8408],"tags":[],"class_list":["post-105097","post","type-post","status-publish","format-standard","has-post-thumbnail","hentry","category-destaque","category-galpao-criativo"],"_links":{"self":[{"href":"https:\/\/tvtecjundiai.com.br\/news\/wp-json\/wp\/v2\/posts\/105097","targetHints":{"allow":["GET"]}}],"collection":[{"href":"https:\/\/tvtecjundiai.com.br\/news\/wp-json\/wp\/v2\/posts"}],"about":[{"href":"https:\/\/tvtecjundiai.com.br\/news\/wp-json\/wp\/v2\/types\/post"}],"author":[{"embeddable":true,"href":"https:\/\/tvtecjundiai.com.br\/news\/wp-json\/wp\/v2\/users\/24"}],"replies":[{"embeddable":true,"href":"https:\/\/tvtecjundiai.com.br\/news\/wp-json\/wp\/v2\/comments?post=105097"}],"version-history":[{"count":1,"href":"https:\/\/tvtecjundiai.com.br\/news\/wp-json\/wp\/v2\/posts\/105097\/revisions"}],"predecessor-version":[{"id":105101,"href":"https:\/\/tvtecjundiai.com.br\/news\/wp-json\/wp\/v2\/posts\/105097\/revisions\/105101"}],"wp:featuredmedia":[{"embeddable":true,"href":"https:\/\/tvtecjundiai.com.br\/news\/wp-json\/wp\/v2\/media\/105099"}],"wp:attachment":[{"href":"https:\/\/tvtecjundiai.com.br\/news\/wp-json\/wp\/v2\/media?parent=105097"}],"wp:term":[{"taxonomy":"category","embeddable":true,"href":"https:\/\/tvtecjundiai.com.br\/news\/wp-json\/wp\/v2\/categories?post=105097"},{"taxonomy":"post_tag","embeddable":true,"href":"https:\/\/tvtecjundiai.com.br\/news\/wp-json\/wp\/v2\/tags?post=105097"}],"curies":[{"name":"wp","href":"https:\/\/api.w.org\/{rel}","templated":true}]}}