{"id":105176,"date":"2023-02-19T08:41:03","date_gmt":"2023-02-19T11:41:03","guid":{"rendered":"https:\/\/tvtecjundiai.com.br\/news\/?p=105176"},"modified":"2023-02-19T08:43:15","modified_gmt":"2023-02-19T11:43:15","slug":"jundiai-tem-mais-um-dia-de-carnaval-sem-ocorrencias","status":"publish","type":"post","link":"https:\/\/tvtecjundiai.com.br\/news\/2023\/02\/19\/jundiai-tem-mais-um-dia-de-carnaval-sem-ocorrencias\/","title":{"rendered":"Jundia\u00ed tem mais um dia de Carnaval sem ocorr\u00eancias"},"content":{"rendered":"\n<p>Jundia\u00ed registrou mais um dia tranquilo de Carnaval neste s\u00e1bado (18), quando aconteceram dois blocos simultaneamente. Nenhuma ocorr\u00eancia grave foi computada. No Centro, o Bloco da Ponte Torta registrou mais de 10 mil pessoas, enquanto o Drop, na Cidade Administrativa, reuniu cerca de 300 foli\u00f5es.<\/p>\n\n\n\n<p>Mais uma vez, surtiu efeito o trabalho de servidores municipais que comp\u00f5em o Comit\u00ea Integrado de Monitoramento do Carnaval, que estiveram nas ruas e na Sala de Situa\u00e7\u00e3o do Pa\u00e7o Municipal para monitorar em tempo-real as a\u00e7\u00f5es e garantir a seguran\u00e7a da popula\u00e7\u00e3o.<\/p>\n\n\n\n<p>O Comit\u00ea volta a se reunir neste domingo (19), quando acontece o Bloco do Dick, na Cidade Administrativa, e o Baile da Maravilha, com concentra\u00e7\u00e3o&nbsp;na Pra\u00e7a Ruy Barbosa, no Centro. A programa\u00e7\u00e3o completa dos blocos pode ser conferida&nbsp;<a rel=\"noreferrer noopener\" href=\"https:\/\/cultura.jundiai.sp.gov.br\/carnaval-2023\/\" target=\"_blank\">clicando aqui.<\/a><\/p>\n\n\n\n<figure class=\"wp-block-image\"><img decoding=\"async\" src=\"https:\/\/jundiai.sp.gov.br\/noticias\/wp-content\/uploads\/sites\/32\/2023\/02\/89c4b95d-4a10-4041-9ebb-3695a7c34a2a.jpg\" alt=\"\" class=\"wp-image-311447\" \/><figcaption class=\"wp-element-caption\">Central de Monitoramento segue em alerta durante todos os dias do Carnaval<\/figcaption><\/figure>\n\n\n\n<p>A equipe de trabalho \u00e9 formada por gestores e representantes das Unidades de Gest\u00e3o de Cultura (UGC), Casa Civil (UGCC), Mobilidade e Transporte (UGMT), Infraestrutura e Servi\u00e7os P\u00fablicos (UGISP), Promo\u00e7\u00e3o de Sa\u00fade (UGPS) e de Seguran\u00e7a Municipal (UGSM); da Guarda Municipal; do Gabinete de Gest\u00e3o Integrada Municipal (GGIM); da Defesa Civil; das Pol\u00edcias Civil, Militar e Rodovi\u00e1ria; do Corpo de Bombeiros; do Juizado de Menores; da Fiscaliza\u00e7\u00e3o do Com\u00e9rcio; da Companhia de Inform\u00e1tica de Jundia\u00ed (Cijun); e do SAMU. Todos tinham equipes nas ruas e na central de monitoramento.<\/p>\n\n\n\n<p><strong>Emerg\u00eancia<br><\/strong>Em caso de ocorr\u00eancias, a popula\u00e7\u00e3o pode acionar os seguintes telefones: 153 \u2013 GMJ; 190 \u2013 PM; 192 \u2013 SAMU; 193 \u2013 Bombeiros; 199 \u2013 Defesa Civil; e 181 \u2013 Den\u00fancia an\u00f4nima.<\/p>\n\n\n\n<p><em>Fonte: Prefeitura de Jundia\u00ed<\/em><\/p>\n","protected":false},"excerpt":{"rendered":"<p>O Comit\u00ea volta a se reunir neste domingo (19), com a realiza\u00e7\u00e3o de mais dois blocos na cidade  <\/p>\n","protected":false},"author":24,"featured_media":105177,"comment_status":"closed","ping_status":"0","sticky":false,"template":"","format":"standard","meta":{"footnotes":""},"categories":[8391,8356,8354,5697,4739,4831,2835,3059],"tags":[],"class_list":["post-105176","post","type-post","status-publish","format-standard","has-post-thumbnail","hentry","category-infraestrutura","category-jundiai","category-lazer","category-mobilidade-noticias","category-policia","category-seguranca","category-tecnologia","category-transportes"],"_links":{"self":[{"href":"https:\/\/tvtecjundiai.com.br\/news\/wp-json\/wp\/v2\/posts\/105176","targetHints":{"allow":["GET"]}}],"collection":[{"href":"https:\/\/tvtecjundiai.com.br\/news\/wp-json\/wp\/v2\/posts"}],"about":[{"href":"https:\/\/tvtecjundiai.com.br\/news\/wp-json\/wp\/v2\/types\/post"}],"author":[{"embeddable":true,"href":"https:\/\/tvtecjundiai.com.br\/news\/wp-json\/wp\/v2\/users\/24"}],"replies":[{"embeddable":true,"href":"https:\/\/tvtecjundiai.com.br\/news\/wp-json\/wp\/v2\/comments?post=105176"}],"version-history":[{"count":2,"href":"https:\/\/tvtecjundiai.com.br\/news\/wp-json\/wp\/v2\/posts\/105176\/revisions"}],"predecessor-version":[{"id":105181,"href":"https:\/\/tvtecjundiai.com.br\/news\/wp-json\/wp\/v2\/posts\/105176\/revisions\/105181"}],"wp:featuredmedia":[{"embeddable":true,"href":"https:\/\/tvtecjundiai.com.br\/news\/wp-json\/wp\/v2\/media\/105177"}],"wp:attachment":[{"href":"https:\/\/tvtecjundiai.com.br\/news\/wp-json\/wp\/v2\/media?parent=105176"}],"wp:term":[{"taxonomy":"category","embeddable":true,"href":"https:\/\/tvtecjundiai.com.br\/news\/wp-json\/wp\/v2\/categories?post=105176"},{"taxonomy":"post_tag","embeddable":true,"href":"https:\/\/tvtecjundiai.com.br\/news\/wp-json\/wp\/v2\/tags?post=105176"}],"curies":[{"name":"wp","href":"https:\/\/api.w.org\/{rel}","templated":true}]}}