{"id":105240,"date":"2023-02-22T08:58:33","date_gmt":"2023-02-22T11:58:33","guid":{"rendered":"https:\/\/tvtecjundiai.com.br\/news\/?p=105240"},"modified":"2023-02-22T08:58:38","modified_gmt":"2023-02-22T11:58:38","slug":"ubs-eloy-chaves-conta-com-grupo-de-memoria-para-troca-de-experiencias","status":"publish","type":"post","link":"https:\/\/tvtecjundiai.com.br\/news\/2023\/02\/22\/ubs-eloy-chaves-conta-com-grupo-de-memoria-para-troca-de-experiencias\/","title":{"rendered":"UBS Eloy Chaves conta com Grupo de Mem\u00f3ria para troca de experi\u00eancias"},"content":{"rendered":"\n<p>Um espa\u00e7o para a estimula\u00e7\u00e3o cognitiva com foco na mem\u00f3ria e tamb\u00e9m para trabalhar o corpo e trocar experi\u00eancias. Esse \u00e9 o objetivo do Grupo de Mem\u00f3ria, uma das a\u00e7\u00f5es desenvolvidas pela Unidade B\u00e1sica de Sa\u00fade (UBS) Eloy Chaves. Com cerca de 10 usu\u00e1rios, os encontros ocorrem semanalmente desde 2021.<\/p>\n\n\n\n<p>\u201cA partir de jogos, atividades, entre elas art\u00edsticas, e circuitos que estimulam o equil\u00edbrio e a coordena\u00e7\u00e3o, realizamos um trabalho de estimula\u00e7\u00e3o tanto da mente como do corpo. \u00c9 uma a\u00e7\u00e3o voltada para os pacientes com encaminhamento da neurologia\u201d, explica a terapeuta ocupacional do N\u00facleo de Apoio \u00e0 Sa\u00fade da Fam\u00edlia (NASF), Carla Salvatore S\u00e1.<\/p>\n\n\n\n<figure class=\"wp-block-image size-large\"><img loading=\"lazy\" decoding=\"async\" width=\"1200\" height=\"801\" src=\"https:\/\/tvtecjundiai.com.br\/news\/wp-content\/uploads\/sites\/2\/2023\/02\/grupo_memoria_eloy-chaves_m_-26-1280x854-1-1200x801.jpg\" alt=\"\" class=\"wp-image-105241\" srcset=\"https:\/\/tvtecjundiai.com.br\/news\/wp-content\/uploads\/sites\/2\/2023\/02\/grupo_memoria_eloy-chaves_m_-26-1280x854-1-1200x801.jpg 1200w, https:\/\/tvtecjundiai.com.br\/news\/wp-content\/uploads\/sites\/2\/2023\/02\/grupo_memoria_eloy-chaves_m_-26-1280x854-1-300x200.jpg 300w, https:\/\/tvtecjundiai.com.br\/news\/wp-content\/uploads\/sites\/2\/2023\/02\/grupo_memoria_eloy-chaves_m_-26-1280x854-1-768x512.jpg 768w, https:\/\/tvtecjundiai.com.br\/news\/wp-content\/uploads\/sites\/2\/2023\/02\/grupo_memoria_eloy-chaves_m_-26-1280x854-1.jpg 1280w\" sizes=\"auto, (max-width: 1200px) 100vw, 1200px\" \/><figcaption class=\"wp-element-caption\">Dona Irene, no grupo desde o in\u00edcio, interage e participa de tudo o que \u00e9 proposto<\/figcaption><\/figure>\n\n\n\n<p><\/p>\n\n\n\n<p>Al\u00e9m do paciente, a iniciativa inclui os cuidadores e os familiares, proporcionando momentos de troca e de aprendizagem. \u201c\u00c9 ainda um espa\u00e7o de conviv\u00eancia para todos, onde tamb\u00e9m ofertamos orienta\u00e7\u00e3o para que os cuidadores compreendam as dificuldades geradas pelas doen\u00e7as que interferem na parte cognitiva, e damos dicas para que auxiliem na rotina, o que vai refletir no bem-estar f\u00edsico e ps\u00edquico do paciente e de quem cuida dele\u201d, enfatiza Carla.<\/p>\n\n\n\n<p>Diagnosticada em 2017 com Alzheimer, Irene Moraes est\u00e1 no grupo desde o in\u00edcio. Aos 93 anos, ela vivencia as atividades, mostrando disposi\u00e7\u00e3o. \u201cTudo o que d\u00e3o \u00e9 muito bom e ela participa, interagindo. Devido \u00e0 doen\u00e7a, quando ela vai para casa, j\u00e1 n\u00e3o lembra mais. Mas o importante \u00e9 que ela vive o momento aqui. Isso me deixa muito feliz. Eu aprendi muito neste grupo, inclusive a lidar com toda a situa\u00e7\u00e3o. Fa\u00e7o as atividades em casa, estimulo a minha m\u00e3e e, assim, tamb\u00e9m passamos o tempo e nos divertimos\u201d, conta a filha, a cabeleireira Marcia Oliveira de Moraes.<\/p>\n\n\n\n<figure class=\"wp-block-image size-large\"><img loading=\"lazy\" decoding=\"async\" width=\"1200\" height=\"801\" src=\"https:\/\/tvtecjundiai.com.br\/news\/wp-content\/uploads\/sites\/2\/2023\/02\/grupo_memoria_eloy-chaves_m_-41-1280x854-1-1200x801.jpg\" alt=\"\" class=\"wp-image-105242\" srcset=\"https:\/\/tvtecjundiai.com.br\/news\/wp-content\/uploads\/sites\/2\/2023\/02\/grupo_memoria_eloy-chaves_m_-41-1280x854-1-1200x801.jpg 1200w, https:\/\/tvtecjundiai.com.br\/news\/wp-content\/uploads\/sites\/2\/2023\/02\/grupo_memoria_eloy-chaves_m_-41-1280x854-1-300x200.jpg 300w, https:\/\/tvtecjundiai.com.br\/news\/wp-content\/uploads\/sites\/2\/2023\/02\/grupo_memoria_eloy-chaves_m_-41-1280x854-1-768x512.jpg 768w, https:\/\/tvtecjundiai.com.br\/news\/wp-content\/uploads\/sites\/2\/2023\/02\/grupo_memoria_eloy-chaves_m_-41-1280x854-1.jpg 1280w\" sizes=\"auto, (max-width: 1200px) 100vw, 1200px\" \/><figcaption class=\"wp-element-caption\">M\u00e1rcia ressalta a import\u00e2ncia dos encontros para troca de experi\u00eancias e aprendizagem<\/figcaption><\/figure>\n\n\n\n<p><\/p>\n\n\n\n<p>Aos 50 anos, Jos\u00e9 Claudio Mantoanelli foi encaminhado recentemente. \u201cComecei faz bem pouco tempo, mas est\u00e1 sendo muito importante. Fui muito bem acolhido e estou animado. Eu gosto de estar em um grupo com prop\u00f3sito e retomando os cuidados comigo\u201d, avalia o motorista.<\/p>\n\n\n\n<p><strong>Mais a\u00e7\u00f5es<\/strong><br>NA UBS Eloy Chaves, em parceria com a associa\u00e7\u00e3o do bairro e com suporte da equipe multifuncional do NASF, tamb\u00e9m s\u00e3o ofertados grupos semanais de croch\u00ea e trabalhos manuais, movimentos corporais terap\u00eauticos, medita\u00e7\u00e3o, auriculoterapia, caminhada e alongamento, Lian Gong, al\u00e9m de controle de hipertens\u00e3o e diabetes aos frequentados do Parque Bot\u00e2nico do bairro.<\/p>\n\n\n\n<p>\u201cS\u00e3o a\u00e7\u00f5es com foco na sa\u00fade mental e agravos cr\u00f4nicos. Com essas iniciativas, temos evitado e controlado agravos como hipertens\u00e3o, diabetes, dores cr\u00f4nicas e doen\u00e7as de ordem mental e emocional, auxiliando na socializa\u00e7\u00e3o e fortalecendo o v\u00ednculo com a comunidade jovem, adulta e idosa\u201d, destaca a gerente da UBS, Karina Oliveira.<\/p>\n\n\n\n<figure class=\"wp-block-image size-large\"><img loading=\"lazy\" decoding=\"async\" width=\"1200\" height=\"801\" src=\"https:\/\/tvtecjundiai.com.br\/news\/wp-content\/uploads\/sites\/2\/2023\/02\/grupo_memoria_eloy-chaves_m_-39-1280x854-1-1200x801.jpg\" alt=\"\" class=\"wp-image-105243\" srcset=\"https:\/\/tvtecjundiai.com.br\/news\/wp-content\/uploads\/sites\/2\/2023\/02\/grupo_memoria_eloy-chaves_m_-39-1280x854-1-1200x801.jpg 1200w, https:\/\/tvtecjundiai.com.br\/news\/wp-content\/uploads\/sites\/2\/2023\/02\/grupo_memoria_eloy-chaves_m_-39-1280x854-1-300x200.jpg 300w, https:\/\/tvtecjundiai.com.br\/news\/wp-content\/uploads\/sites\/2\/2023\/02\/grupo_memoria_eloy-chaves_m_-39-1280x854-1-768x512.jpg 768w, https:\/\/tvtecjundiai.com.br\/news\/wp-content\/uploads\/sites\/2\/2023\/02\/grupo_memoria_eloy-chaves_m_-39-1280x854-1.jpg 1280w\" sizes=\"auto, (max-width: 1200px) 100vw, 1200px\" \/><figcaption class=\"wp-element-caption\">Jos\u00e9 Claudio est\u00e1 animado. Grupo se re\u00fane na associa\u00e7\u00e3o do bairro<\/figcaption><\/figure>\n\n\n\n<p><\/p>\n\n\n\n<p><strong>Rede<\/strong><br>Em Jundia\u00ed, todos os equipamentos da Aten\u00e7\u00e3o B\u00e1sica ofertam servi\u00e7os que v\u00e3o al\u00e9m do consult\u00f3rio m\u00e9dico. Para participar, basta o usu\u00e1rio procurar a unidade de refer\u00eancia para informa\u00e7\u00f5es sobre a programa\u00e7\u00e3o.<\/p>\n\n\n\n<p><strong><em>(Fonte\/Imagens: Prefeitura de Jundia\u00ed)<\/em><\/strong><\/p>\n","protected":false},"excerpt":{"rendered":"<p>Objetivo \u00e9 a estimula\u00e7\u00e3o cognitiva com foco na mem\u00f3ria, al\u00e9m de trabalhar o corpo<\/p>\n","protected":false},"author":30,"featured_media":105242,"comment_status":"closed","ping_status":"0","sticky":false,"template":"","format":"standard","meta":{"footnotes":""},"categories":[8356,1,2839,8355],"tags":[],"class_list":["post-105240","post","type-post","status-publish","format-standard","has-post-thumbnail","hentry","category-jundiai","category-noticias","category-saude","category-saude-3"],"_links":{"self":[{"href":"https:\/\/tvtecjundiai.com.br\/news\/wp-json\/wp\/v2\/posts\/105240","targetHints":{"allow":["GET"]}}],"collection":[{"href":"https:\/\/tvtecjundiai.com.br\/news\/wp-json\/wp\/v2\/posts"}],"about":[{"href":"https:\/\/tvtecjundiai.com.br\/news\/wp-json\/wp\/v2\/types\/post"}],"author":[{"embeddable":true,"href":"https:\/\/tvtecjundiai.com.br\/news\/wp-json\/wp\/v2\/users\/30"}],"replies":[{"embeddable":true,"href":"https:\/\/tvtecjundiai.com.br\/news\/wp-json\/wp\/v2\/comments?post=105240"}],"version-history":[{"count":1,"href":"https:\/\/tvtecjundiai.com.br\/news\/wp-json\/wp\/v2\/posts\/105240\/revisions"}],"predecessor-version":[{"id":105244,"href":"https:\/\/tvtecjundiai.com.br\/news\/wp-json\/wp\/v2\/posts\/105240\/revisions\/105244"}],"wp:featuredmedia":[{"embeddable":true,"href":"https:\/\/tvtecjundiai.com.br\/news\/wp-json\/wp\/v2\/media\/105242"}],"wp:attachment":[{"href":"https:\/\/tvtecjundiai.com.br\/news\/wp-json\/wp\/v2\/media?parent=105240"}],"wp:term":[{"taxonomy":"category","embeddable":true,"href":"https:\/\/tvtecjundiai.com.br\/news\/wp-json\/wp\/v2\/categories?post=105240"},{"taxonomy":"post_tag","embeddable":true,"href":"https:\/\/tvtecjundiai.com.br\/news\/wp-json\/wp\/v2\/tags?post=105240"}],"curies":[{"name":"wp","href":"https:\/\/api.w.org\/{rel}","templated":true}]}}