{"id":105249,"date":"2023-02-22T09:36:21","date_gmt":"2023-02-22T12:36:21","guid":{"rendered":"https:\/\/tvtecjundiai.com.br\/news\/?p=105249"},"modified":"2023-02-22T09:39:09","modified_gmt":"2023-02-22T12:39:09","slug":"jundiaiense-alexandre-da-silva-e-o-secretario-nacional-dos-direitos-da-pessoa-idosa","status":"publish","type":"post","link":"https:\/\/tvtecjundiai.com.br\/news\/2023\/02\/22\/jundiaiense-alexandre-da-silva-e-o-secretario-nacional-dos-direitos-da-pessoa-idosa\/","title":{"rendered":"Jundiaiense Alexandre da Silva \u00e9 o secret\u00e1rio Nacional dos Direitos da Pessoa Idosa"},"content":{"rendered":"\n<p>Este ano, foi nomeado secret\u00e1rio Nacional dos Direitos da Pessoa Idosa, do Minist\u00e9rio dos Direitos Humanos e Cidadania, o jundiaiense Alexandre da Silva. <\/p>\n\n\n\n<p>O novo gestor \u00e9 doutor em Sa\u00fade P\u00fablica pela Faculdade de Sa\u00fade P\u00fablica da Universidade de S\u00e3o Paulo (USP). Tamb\u00e9m \u00e9 mestre em Reabilita\u00e7\u00e3o e especialista em Gerontologia pela Universidade Federal de S\u00e3o Paulo (Unifesp). \u00c9 fisioterapeuta pela Universidade Estadual de Londrina (UEL). Na vida acad\u00eamica, \u00e9 professor adjunto do Departamento de Sa\u00fade Coletiva da Faculdade de Medicina de Jundia\u00ed (FMJ).<\/p>\n\n\n\n<p>Silva tamb\u00e9m \u00e9 membro do Grupo de Trabalho Racismo e Sa\u00fade da Associa\u00e7\u00e3o Brasileira de Sa\u00fade Coletiva (Abrasco), membro do Centro Internacional de Longevidade &#8211; Brasil (ILC &#8211; Brasil) e \u00e9 colunista do UOL &#8211; Longevidade, trazendo reflex\u00f5es e an\u00e1lises sobre o envelhecimento e pessoas idosas.<\/p>\n\n\n<div class=\"wp-block-image\">\n<figure class=\"aligncenter size-full\"><img loading=\"lazy\" decoding=\"async\" width=\"768\" height=\"512\" src=\"https:\/\/tvtecjundiai.com.br\/news\/wp-content\/uploads\/sites\/2\/2023\/02\/993a1f14-0107-4b93-be70-9dd3a8b6d1f1.jpeg\" alt=\"\" class=\"wp-image-105254\" srcset=\"https:\/\/tvtecjundiai.com.br\/news\/wp-content\/uploads\/sites\/2\/2023\/02\/993a1f14-0107-4b93-be70-9dd3a8b6d1f1.jpeg 768w, https:\/\/tvtecjundiai.com.br\/news\/wp-content\/uploads\/sites\/2\/2023\/02\/993a1f14-0107-4b93-be70-9dd3a8b6d1f1-300x200.jpeg 300w\" sizes=\"auto, (max-width: 768px) 100vw, 768px\" \/><\/figure>\n<\/div>\n\n\n<p><\/p>\n\n\n\n<p>Em mat\u00e9ria publicada no portal Gov.br, do Governo Federal, o secret\u00e1rio refor\u00e7ou a import\u00e2ncia do respeito. \u201cA Secretaria pode ajudar a criar condi\u00e7\u00f5es para que possamos respeitar a forma pela qual cada pessoa quer envelhecer. Envelhecer \u00e9 sinal de que as pol\u00edticas p\u00fablicas funcionaram. Diferentemente do que ouvimos em anos anteriores, n\u00e3o \u00e9 ruim envelhecer\u201d, disse.<\/p>\n\n\n\n<p>\u201cEstamos falando de mais de 30 milh\u00f5es de pessoas que j\u00e1 t\u00eam 60 anos ou mais e n\u00f3s queremos que esse n\u00famero aumente e que essas pessoas possam viver plenamente exercendo sua autonomia tendo possibilidade de realiza\u00e7\u00e3o\u201d, acrescentou Alexandre da Silva.<\/p>\n\n\n\n<p><em><strong>(Fonte: TVTEC Jundia\u00ed\/Imagem: Clarice Castro &#8211; Ascom\/MDHC)<\/strong><\/em><\/p>\n","protected":false},"excerpt":{"rendered":"<p>O novo gestor \u00e9 doutor em Sa\u00fade P\u00fablica pela Faculdade de Sa\u00fade P\u00fablica da USP<\/p>\n","protected":false},"author":30,"featured_media":105254,"comment_status":"closed","ping_status":"0","sticky":false,"template":"","format":"standard","meta":{"footnotes":""},"categories":[8356,1],"tags":[],"class_list":["post-105249","post","type-post","status-publish","format-standard","has-post-thumbnail","hentry","category-jundiai","category-noticias"],"_links":{"self":[{"href":"https:\/\/tvtecjundiai.com.br\/news\/wp-json\/wp\/v2\/posts\/105249","targetHints":{"allow":["GET"]}}],"collection":[{"href":"https:\/\/tvtecjundiai.com.br\/news\/wp-json\/wp\/v2\/posts"}],"about":[{"href":"https:\/\/tvtecjundiai.com.br\/news\/wp-json\/wp\/v2\/types\/post"}],"author":[{"embeddable":true,"href":"https:\/\/tvtecjundiai.com.br\/news\/wp-json\/wp\/v2\/users\/30"}],"replies":[{"embeddable":true,"href":"https:\/\/tvtecjundiai.com.br\/news\/wp-json\/wp\/v2\/comments?post=105249"}],"version-history":[{"count":3,"href":"https:\/\/tvtecjundiai.com.br\/news\/wp-json\/wp\/v2\/posts\/105249\/revisions"}],"predecessor-version":[{"id":105258,"href":"https:\/\/tvtecjundiai.com.br\/news\/wp-json\/wp\/v2\/posts\/105249\/revisions\/105258"}],"wp:featuredmedia":[{"embeddable":true,"href":"https:\/\/tvtecjundiai.com.br\/news\/wp-json\/wp\/v2\/media\/105254"}],"wp:attachment":[{"href":"https:\/\/tvtecjundiai.com.br\/news\/wp-json\/wp\/v2\/media?parent=105249"}],"wp:term":[{"taxonomy":"category","embeddable":true,"href":"https:\/\/tvtecjundiai.com.br\/news\/wp-json\/wp\/v2\/categories?post=105249"},{"taxonomy":"post_tag","embeddable":true,"href":"https:\/\/tvtecjundiai.com.br\/news\/wp-json\/wp\/v2\/tags?post=105249"}],"curies":[{"name":"wp","href":"https:\/\/api.w.org\/{rel}","templated":true}]}}