{"id":105269,"date":"2023-02-22T11:29:07","date_gmt":"2023-02-22T14:29:07","guid":{"rendered":"https:\/\/tvtecjundiai.com.br\/news\/?p=105269"},"modified":"2023-02-22T11:29:11","modified_gmt":"2023-02-22T14:29:11","slug":"inscricoes-para-o-sisu-do-primeiro-semestre-terminam-na-sexta-feira-24","status":"publish","type":"post","link":"https:\/\/tvtecjundiai.com.br\/news\/2023\/02\/22\/inscricoes-para-o-sisu-do-primeiro-semestre-terminam-na-sexta-feira-24\/","title":{"rendered":"Inscri\u00e7\u00f5es para o Sisu do primeiro semestre terminam na sexta-feira (24)"},"content":{"rendered":"\n<p>As inscri\u00e7\u00f5es para o primeiro processo seletivo de 2023 do Sistema de Sele\u00e7\u00e3o Unificada (Sisu) terminam na pr\u00f3xima sexta-feira (24). Os interessados devem se inscrever pelo&nbsp;<a href=\"https:\/\/acessounico.mec.gov.br\/sisu\" target=\"_blank\" rel=\"noreferrer noopener\">site oficial do Sisu<\/a>&nbsp;at\u00e9 as 23h59, hor\u00e1rio oficial de Bras\u00edlia, por meio do login da conta gov.br, o sistema de servi\u00e7os digitais do governo federal.<img decoding=\"async\" src=\"https:\/\/agenciabrasil.ebc.com.br\/ebc.png?id=1512094&amp;o=node\"><img decoding=\"async\" src=\"https:\/\/agenciabrasil.ebc.com.br\/ebc.gif?id=1512094&amp;o=node\"><\/p>\n\n\n\n<p>Nesta edi\u00e7\u00e3o do programa s\u00e3o ofertadas 226.399 vagas em 128 institui\u00e7\u00f5es p\u00fablicas, sendo 63 universidades federais. Para participar, o candidato deve ter feito a edi\u00e7\u00e3o de 2022 do Exame Nacional do Ensino M\u00e9dio (Enem) e ter obtido nota acima de zero na prova de reda\u00e7\u00e3o.<\/p>\n\n\n\n<p>O estudante poder\u00e1 se inscrever no processo seletivo do Sisu em at\u00e9 duas op\u00e7\u00f5es de vaga com a possibilidade de alterar as op\u00e7\u00f5es durante todo o per\u00edodo de inscri\u00e7\u00f5es, sendo validado o \u00faltimo registro no sistema. N\u00e3o \u00e9 permitida a inscri\u00e7\u00e3o em mais de uma modalidade de concorr\u00eancia para o mesmo curso e turno, na mesma institui\u00e7\u00e3o de ensino e local de oferta.<\/p>\n\n\n\n<p>O resultado da sele\u00e7\u00e3o, com a divulga\u00e7\u00e3o das notas de corte, ser\u00e1 no dia 28 de fevereiro. O candidato dever\u00e1 realizar a matr\u00edcula ou o registro acad\u00eamico na institui\u00e7\u00e3o para a qual foi selecionado no per\u00edodo de 2 a 8 de mar\u00e7o. Os dias, os hor\u00e1rios e os locais de atendimento ser\u00e3o definidos por cada institui\u00e7\u00e3o de ensino em seu edital pr\u00f3prio.<\/p>\n\n\n\n<h2 class=\"wp-block-heading\">Lista de espera<\/h2>\n\n\n\n<p>O processo seletivo do Sisu \u00e9 feito por uma \u00fanica chamada, mas \u00e9 poss\u00edvel disputar uma vaga por meio da lista de espera. O prazo para manifestar interesse na lista de espera vai de 28 de fevereiro a 8 de mar\u00e7o.<\/p>\n\n\n\n<p>Nessa fase, o candidato dever\u00e1 indicar apenas um dos dois cursos escolhidos anteriormente. A manifesta\u00e7\u00e3o de interesse na lista de espera assegura ao estudante apenas a expectativa de direito \u00e0 vaga ofertada no \u00e2mbito do Sisu, sendo que a matr\u00edcula ou o registro acad\u00eamico est\u00e3o condicionados \u00e0 exist\u00eancia de vaga e ao atendimento de todos os requisitos legais e regulamentares.<\/p>\n\n\n\n<p>Al\u00e9m disso, o estudante selecionado em uma de suas op\u00e7\u00f5es de vaga n\u00e3o poder\u00e1 participar da lista de espera, independentemente de ter realizado sua matr\u00edcula na institui\u00e7\u00e3o para a qual foi selecionado.<\/p>\n\n\n\n<p>A publica\u00e7\u00e3o das vagas remanescentes para a lista de espera ser\u00e1 feita pelas pr\u00f3prias institui\u00e7\u00f5es de ensino.<\/p>\n\n\n\n<figure class=\"wp-block-image size-full\"><img loading=\"lazy\" decoding=\"async\" width=\"1170\" height=\"700\" src=\"https:\/\/tvtecjundiai.com.br\/news\/wp-content\/uploads\/sites\/2\/2023\/02\/unb2-1.jpg\" alt=\"\" class=\"wp-image-105270\" srcset=\"https:\/\/tvtecjundiai.com.br\/news\/wp-content\/uploads\/sites\/2\/2023\/02\/unb2-1.jpg 1170w, https:\/\/tvtecjundiai.com.br\/news\/wp-content\/uploads\/sites\/2\/2023\/02\/unb2-1-300x179.jpg 300w, https:\/\/tvtecjundiai.com.br\/news\/wp-content\/uploads\/sites\/2\/2023\/02\/unb2-1-768x459.jpg 768w\" sizes=\"auto, (max-width: 1170px) 100vw, 1170px\" \/><\/figure>\n\n\n\n<h2 class=\"wp-block-heading\">Sisu<\/h2>\n\n\n\n<p>O Sisu \u00e9 o programa do Minist\u00e9rio da Educa\u00e7\u00e3o (MEC) para acesso de estudantes a cursos de gradua\u00e7\u00e3o em universidades p\u00fablicas do pa\u00eds, sejam elas federais, estaduais ou municipais. As vagas s\u00e3o abertas semestralmente por meio de um sistema informatizado que executa a sele\u00e7\u00e3o dos estudantes com base na nota do Enem.<\/p>\n\n\n\n<p>As vagas ofertadas tamb\u00e9m s\u00e3o distribu\u00eddas conforme a&nbsp;<a href=\"https:\/\/www.planalto.gov.br\/ccivil_03\/_ato2011-2014\/2012\/lei\/l12711.htm\" target=\"_blank\" rel=\"noreferrer noopener\">Lei de Cotas (Lei n\u00ba 12.711\/2012)<\/a>&nbsp;que determina que as institui\u00e7\u00f5es federais de educa\u00e7\u00e3o superior vinculadas ao MEC reservar\u00e3o, em cada concurso seletivo para ingresso nos cursos de gradua\u00e7\u00e3o, por curso e turno, no m\u00ednimo 50% de suas vagas para estudantes que tenham cursado integralmente o ensino m\u00e9dio em escolas p\u00fablicas, sendo metade delas reservadas para aqueles oriundos de fam\u00edlias com renda igual ou inferior a 1,5 sal\u00e1rio m\u00ednimo per capita.<\/p>\n\n\n\n<p>As institui\u00e7\u00f5es podem adotar as pr\u00f3prias pol\u00edticas e a\u00e7\u00f5es, como vagas reservadas e aplica\u00e7\u00e3o de b\u00f4nus sobre a nota do candidato que atenda ao perfil indicado pela institui\u00e7\u00e3o. De acordo com as especifica\u00e7\u00f5es da institui\u00e7\u00e3o, o Sisu faz o c\u00e1lculo automaticamente e gera uma nova nota.<\/p>\n\n\n\n<p>Al\u00e9m do Sisu, as notas do Enem podem ser usadas para acessar o Programa Universidade para Todos (ProUni), que oferece bolsas de estudo em institui\u00e7\u00f5es privadas, e o Fundo de Financiamento Estudantil (Fies), que facilita o acesso ao cr\u00e9dito para financiamento de cursos de ensino superior. O MEC divulga editais espec\u00edficos para cada um desses programas.<\/p>\n\n\n\n<p><strong><em>(Fonte\/Imagem: Ag\u00eancia Brasil)<\/em><\/strong><\/p>\n","protected":false},"excerpt":{"rendered":"<p>O resultado da sele\u00e7\u00e3o, com a divulga\u00e7\u00e3o das notas de corte, ser\u00e1 no dia 28 de fevereiro<\/p>\n","protected":false},"author":30,"featured_media":105270,"comment_status":"closed","ping_status":"0","sticky":false,"template":"","format":"standard","meta":{"footnotes":""},"categories":[2828,8356,1],"tags":[],"class_list":["post-105269","post","type-post","status-publish","format-standard","has-post-thumbnail","hentry","category-educacao","category-jundiai","category-noticias"],"_links":{"self":[{"href":"https:\/\/tvtecjundiai.com.br\/news\/wp-json\/wp\/v2\/posts\/105269","targetHints":{"allow":["GET"]}}],"collection":[{"href":"https:\/\/tvtecjundiai.com.br\/news\/wp-json\/wp\/v2\/posts"}],"about":[{"href":"https:\/\/tvtecjundiai.com.br\/news\/wp-json\/wp\/v2\/types\/post"}],"author":[{"embeddable":true,"href":"https:\/\/tvtecjundiai.com.br\/news\/wp-json\/wp\/v2\/users\/30"}],"replies":[{"embeddable":true,"href":"https:\/\/tvtecjundiai.com.br\/news\/wp-json\/wp\/v2\/comments?post=105269"}],"version-history":[{"count":1,"href":"https:\/\/tvtecjundiai.com.br\/news\/wp-json\/wp\/v2\/posts\/105269\/revisions"}],"predecessor-version":[{"id":105271,"href":"https:\/\/tvtecjundiai.com.br\/news\/wp-json\/wp\/v2\/posts\/105269\/revisions\/105271"}],"wp:featuredmedia":[{"embeddable":true,"href":"https:\/\/tvtecjundiai.com.br\/news\/wp-json\/wp\/v2\/media\/105270"}],"wp:attachment":[{"href":"https:\/\/tvtecjundiai.com.br\/news\/wp-json\/wp\/v2\/media?parent=105269"}],"wp:term":[{"taxonomy":"category","embeddable":true,"href":"https:\/\/tvtecjundiai.com.br\/news\/wp-json\/wp\/v2\/categories?post=105269"},{"taxonomy":"post_tag","embeddable":true,"href":"https:\/\/tvtecjundiai.com.br\/news\/wp-json\/wp\/v2\/tags?post=105269"}],"curies":[{"name":"wp","href":"https:\/\/api.w.org\/{rel}","templated":true}]}}