{"id":105272,"date":"2023-02-22T12:12:42","date_gmt":"2023-02-22T15:12:42","guid":{"rendered":"https:\/\/tvtecjundiai.com.br\/news\/?p=105272"},"modified":"2023-02-22T13:44:45","modified_gmt":"2023-02-22T16:44:45","slug":"jundiai-segue-com-aplicacao-de-doses-contra-a-covid-19","status":"publish","type":"post","link":"https:\/\/tvtecjundiai.com.br\/news\/2023\/02\/22\/jundiai-segue-com-aplicacao-de-doses-contra-a-covid-19\/","title":{"rendered":"Jundia\u00ed segue com aplica\u00e7\u00e3o de doses contra a COVID-19"},"content":{"rendered":"\n<p>A campanha de vacina\u00e7\u00e3o contra COVID-19 segue nesta quarta-feira (22) nas Unidades B\u00e1sicas de Sa\u00fade (UBSs) e nas Cl\u00ednicas da Fam\u00edlia.<\/p>\n\n\n\n<p>A partir dos 12 anos, a aplica\u00e7\u00e3o ocorre em todos os equipamentos, no hor\u00e1rio das salas de vacina. J\u00e1 as vacinas Pfizer Baby, para crian\u00e7as de seis meses a 4 anos, e Pfizer Pedi\u00e1trica, para crian\u00e7as de 5 a 11 anos, s\u00e3o disponibilizadas, com atendimento das 8h30 \u00e0s 11h30 e das 13h \u00e0s 15h, de acordo com a programa\u00e7\u00e3o dispon\u00edvel no site.&nbsp;<a href=\"https:\/\/jundiai.sp.gov.br\/coronavirus\/calendario-de-vacinacao\/\">CONFIRA<\/a><\/p>\n\n\n\n<p>A Unidade de Gest\u00e3o de Promo\u00e7\u00e3o da Sa\u00fade (UGPS) aguarda a entrega de lotes dos imunizantes Coronavac e Pfizer pela Secretaria de Estado da Sa\u00fade para a realiza\u00e7\u00e3o da aplica\u00e7\u00e3o em primeira dose. As demais doses (D2 e refor\u00e7o) est\u00e3o dispon\u00edveis em&nbsp;<a href=\"https:\/\/jundiai.sp.gov.br\/coronavirus\/calendario-de-vacinacao\/\">quatro pontos<\/a>.<\/p>\n\n\n\n<figure class=\"wp-block-image size-large\"><img loading=\"lazy\" decoding=\"async\" width=\"1200\" height=\"800\" src=\"https:\/\/tvtecjundiai.com.br\/news\/wp-content\/uploads\/sites\/2\/2023\/02\/vacina-imagem-destacada-1200x800.jpg\" alt=\"\" class=\"wp-image-105273\" srcset=\"https:\/\/tvtecjundiai.com.br\/news\/wp-content\/uploads\/sites\/2\/2023\/02\/vacina-imagem-destacada-1200x800.jpg 1200w, https:\/\/tvtecjundiai.com.br\/news\/wp-content\/uploads\/sites\/2\/2023\/02\/vacina-imagem-destacada-300x200.jpg 300w, https:\/\/tvtecjundiai.com.br\/news\/wp-content\/uploads\/sites\/2\/2023\/02\/vacina-imagem-destacada-768x512.jpg 768w, https:\/\/tvtecjundiai.com.br\/news\/wp-content\/uploads\/sites\/2\/2023\/02\/vacina-imagem-destacada.jpg 1280w\" sizes=\"auto, (max-width: 1200px) 100vw, 1200px\" \/><\/figure>\n\n\n\n<p><strong>Demais vacinas<\/strong><br>Tamb\u00e9m na UBSs e Cl\u00ednicas da Fam\u00edlia, a UGPS realiza as vacina\u00e7\u00f5es previstas no calend\u00e1rio nacional de imuniza\u00e7\u00e3o. \u00c9 importante que crian\u00e7as, adolescentes e adultos mantenham a carteira de vacina\u00e7\u00e3o atualizada.<\/p>\n\n\n\n<p><em><strong>(Fonte\/Imagem: Prefeitura de Jundia\u00ed)<\/strong><\/em><\/p>\n","protected":false},"excerpt":{"rendered":"<p>A partir dos 12 anos, a aplica\u00e7\u00e3o ocorre em todos os equipamentos, no hor\u00e1rio das salas de vacina<\/p>\n","protected":false},"author":30,"featured_media":105273,"comment_status":"closed","ping_status":"0","sticky":false,"template":"","format":"standard","meta":{"footnotes":""},"categories":[8356,1,2839],"tags":[],"class_list":["post-105272","post","type-post","status-publish","format-standard","has-post-thumbnail","hentry","category-jundiai","category-noticias","category-saude"],"_links":{"self":[{"href":"https:\/\/tvtecjundiai.com.br\/news\/wp-json\/wp\/v2\/posts\/105272","targetHints":{"allow":["GET"]}}],"collection":[{"href":"https:\/\/tvtecjundiai.com.br\/news\/wp-json\/wp\/v2\/posts"}],"about":[{"href":"https:\/\/tvtecjundiai.com.br\/news\/wp-json\/wp\/v2\/types\/post"}],"author":[{"embeddable":true,"href":"https:\/\/tvtecjundiai.com.br\/news\/wp-json\/wp\/v2\/users\/30"}],"replies":[{"embeddable":true,"href":"https:\/\/tvtecjundiai.com.br\/news\/wp-json\/wp\/v2\/comments?post=105272"}],"version-history":[{"count":2,"href":"https:\/\/tvtecjundiai.com.br\/news\/wp-json\/wp\/v2\/posts\/105272\/revisions"}],"predecessor-version":[{"id":105275,"href":"https:\/\/tvtecjundiai.com.br\/news\/wp-json\/wp\/v2\/posts\/105272\/revisions\/105275"}],"wp:featuredmedia":[{"embeddable":true,"href":"https:\/\/tvtecjundiai.com.br\/news\/wp-json\/wp\/v2\/media\/105273"}],"wp:attachment":[{"href":"https:\/\/tvtecjundiai.com.br\/news\/wp-json\/wp\/v2\/media?parent=105272"}],"wp:term":[{"taxonomy":"category","embeddable":true,"href":"https:\/\/tvtecjundiai.com.br\/news\/wp-json\/wp\/v2\/categories?post=105272"},{"taxonomy":"post_tag","embeddable":true,"href":"https:\/\/tvtecjundiai.com.br\/news\/wp-json\/wp\/v2\/tags?post=105272"}],"curies":[{"name":"wp","href":"https:\/\/api.w.org\/{rel}","templated":true}]}}