{"id":105293,"date":"2023-02-23T10:41:55","date_gmt":"2023-02-23T13:41:55","guid":{"rendered":"https:\/\/tvtecjundiai.com.br\/news\/?p=105293"},"modified":"2023-02-23T10:42:00","modified_gmt":"2023-02-23T13:42:00","slug":"prefeitura-investe-mais-de-r-14-mi-em-requalificacao-de-vias-em-50-dias","status":"publish","type":"post","link":"https:\/\/tvtecjundiai.com.br\/news\/2023\/02\/23\/prefeitura-investe-mais-de-r-14-mi-em-requalificacao-de-vias-em-50-dias\/","title":{"rendered":"Prefeitura investe mais de R$ 1,4 mi em requalifica\u00e7\u00e3o de vias em 50 dias"},"content":{"rendered":"\n<p>Avan\u00e7ando na requalifica\u00e7\u00e3o de vias de Jundia\u00ed, a Unidade de Gest\u00e3o de Infraestrutura e Servi\u00e7os P\u00fablicos (UGISP) investe cerca de R$ 1,4 milh\u00e3o em vias das regi\u00f5es leste e nordeste da cidade, nos primeiros 50 dias de 2023. J\u00e1 foram iniciadas as obras de drenagem da rua Ant\u00f4nio Cheleline, localizada no bairro Jardim S\u00e3o Camilo. Ap\u00f3s a conclus\u00e3o desta etapa, ser\u00e3o iniciados os servi\u00e7os de pavimenta\u00e7\u00e3o. Outra via de grande impacto na mobilidade, a Nami Azem, tamb\u00e9m receber\u00e1 interven\u00e7\u00e3o para melhoria na trafegabilidade.<\/p>\n\n\n\n<p>A obra na rua Ant\u00f4nio Cheleline, que tem previs\u00e3o para ser entregue em agosto deste ano, est\u00e1 sendo feita com recursos pr\u00f3prios em um investimento na casa dos R$ 663 mil.<\/p>\n\n\n\n<p>\u201cO investimento na requalifica\u00e7\u00e3o de ruas e avenidas da cidade tem sido feito, ano ap\u00f3s ano, para melhorar a mobilidade urbana e dar mais conforto e seguran\u00e7a aos motoristas\u201d, comenta o Prefeito Luiz Fernando Machado.<\/p>\n\n\n\n<p>\u201cGradativamente aprimoramos a qualidade de vias de todas as regi\u00f5es de Jundia\u00ed. O planejamento \u00e9 seguir realizando esses investimentos que melhorem a mobilidade urbana municipal\u201d, afirma o Gestor de Infraestrutura e Servi\u00e7os P\u00fablicos, Adilson Rosa.<\/p>\n\n\n\n<figure class=\"wp-block-image size-large\"><img loading=\"lazy\" decoding=\"async\" width=\"1200\" height=\"801\" src=\"https:\/\/tvtecjundiai.com.br\/news\/wp-content\/uploads\/sites\/2\/2023\/02\/obras-de-implantacao-de-drenagem-na-rua-cheleline-jardim-sao-camilo_fm_-3-1200x801.jpg\" alt=\"\" class=\"wp-image-105294\" srcset=\"https:\/\/tvtecjundiai.com.br\/news\/wp-content\/uploads\/sites\/2\/2023\/02\/obras-de-implantacao-de-drenagem-na-rua-cheleline-jardim-sao-camilo_fm_-3-1200x801.jpg 1200w, https:\/\/tvtecjundiai.com.br\/news\/wp-content\/uploads\/sites\/2\/2023\/02\/obras-de-implantacao-de-drenagem-na-rua-cheleline-jardim-sao-camilo_fm_-3-300x200.jpg 300w, https:\/\/tvtecjundiai.com.br\/news\/wp-content\/uploads\/sites\/2\/2023\/02\/obras-de-implantacao-de-drenagem-na-rua-cheleline-jardim-sao-camilo_fm_-3-768x512.jpg 768w, https:\/\/tvtecjundiai.com.br\/news\/wp-content\/uploads\/sites\/2\/2023\/02\/obras-de-implantacao-de-drenagem-na-rua-cheleline-jardim-sao-camilo_fm_-3.jpg 1280w\" sizes=\"auto, (max-width: 1200px) 100vw, 1200px\" \/><figcaption class=\"wp-element-caption\">rua Ant\u00f4nio Cheleline est\u00e1 em etapa de drenagem antes de iniciar a pavimenta\u00e7\u00e3o<\/figcaption><\/figure>\n\n\n\n<p><strong>Mais obras<br><\/strong>A avenida Nami Az\u00e9m, na altura do bairro do Caxambu, tamb\u00e9m passar\u00e1 por requalifica\u00e7\u00e3o. Em breve ser\u00e3o iniciadas as obras para prepara\u00e7\u00e3o de solo e aplica\u00e7\u00e3o do asfalto ecol\u00f3gico. O trecho a ser pavimentado ser\u00e1 pr\u00f3ximo ao ponto de encontro com a avenida Ernesto Casteluber. Para essa obra os investimentos ser\u00e3o de R$ 870 mil, tamb\u00e9m com recursos pr\u00f3prios.<\/p>\n\n\n\n<p><strong><em>(Fonte\/Imagem: Prefeitura de Jundia\u00ed)<\/em><\/strong><\/p>\n","protected":false},"excerpt":{"rendered":"<p>A obra na rua Ant\u00f4nio Cheleline, que tem previs\u00e3o para ser entregue em agosto deste ano<\/p>\n","protected":false},"author":30,"featured_media":105294,"comment_status":"closed","ping_status":"0","sticky":false,"template":"","format":"standard","meta":{"footnotes":""},"categories":[2834,8356,5697,1],"tags":[],"class_list":["post-105293","post","type-post","status-publish","format-standard","has-post-thumbnail","hentry","category-cidades","category-jundiai","category-mobilidade-noticias","category-noticias"],"_links":{"self":[{"href":"https:\/\/tvtecjundiai.com.br\/news\/wp-json\/wp\/v2\/posts\/105293","targetHints":{"allow":["GET"]}}],"collection":[{"href":"https:\/\/tvtecjundiai.com.br\/news\/wp-json\/wp\/v2\/posts"}],"about":[{"href":"https:\/\/tvtecjundiai.com.br\/news\/wp-json\/wp\/v2\/types\/post"}],"author":[{"embeddable":true,"href":"https:\/\/tvtecjundiai.com.br\/news\/wp-json\/wp\/v2\/users\/30"}],"replies":[{"embeddable":true,"href":"https:\/\/tvtecjundiai.com.br\/news\/wp-json\/wp\/v2\/comments?post=105293"}],"version-history":[{"count":1,"href":"https:\/\/tvtecjundiai.com.br\/news\/wp-json\/wp\/v2\/posts\/105293\/revisions"}],"predecessor-version":[{"id":105295,"href":"https:\/\/tvtecjundiai.com.br\/news\/wp-json\/wp\/v2\/posts\/105293\/revisions\/105295"}],"wp:featuredmedia":[{"embeddable":true,"href":"https:\/\/tvtecjundiai.com.br\/news\/wp-json\/wp\/v2\/media\/105294"}],"wp:attachment":[{"href":"https:\/\/tvtecjundiai.com.br\/news\/wp-json\/wp\/v2\/media?parent=105293"}],"wp:term":[{"taxonomy":"category","embeddable":true,"href":"https:\/\/tvtecjundiai.com.br\/news\/wp-json\/wp\/v2\/categories?post=105293"},{"taxonomy":"post_tag","embeddable":true,"href":"https:\/\/tvtecjundiai.com.br\/news\/wp-json\/wp\/v2\/tags?post=105293"}],"curies":[{"name":"wp","href":"https:\/\/api.w.org\/{rel}","templated":true}]}}