{"id":10530,"date":"2018-05-17T13:45:43","date_gmt":"2018-05-17T16:45:43","guid":{"rendered":"https:\/\/tvtecjundiai.com.br\/news\/?p=10530"},"modified":"2018-05-17T13:45:43","modified_gmt":"2018-05-17T16:45:43","slug":"inscricao-para-o-enem-termina-nesta-sexta-18","status":"publish","type":"post","link":"https:\/\/tvtecjundiai.com.br\/news\/2018\/05\/17\/inscricao-para-o-enem-termina-nesta-sexta-18\/","title":{"rendered":"Inscri\u00e7\u00e3o para o Enem termina nesta sexta (18)"},"content":{"rendered":"<div id=\"attachment_7752\" style=\"width: 460px\" class=\"wp-caption alignright\"><a href=\"https:\/\/tvtecjundiai.com.br\/news\/wp-content\/uploads\/sites\/2\/2018\/03\/enem2017-caparosa.jpg\"><img loading=\"lazy\" decoding=\"async\" aria-describedby=\"caption-attachment-7752\" class=\"wp-image-7752\" src=\"https:\/\/tvtecjundiai.com.br\/news\/wp-content\/uploads\/sites\/2\/2018\/03\/enem2017-caparosa-300x225.jpg\" alt=\"\" width=\"450\" height=\"338\" srcset=\"https:\/\/tvtecjundiai.com.br\/news\/wp-content\/uploads\/sites\/2\/2018\/03\/enem2017-caparosa-300x225.jpg 300w, https:\/\/tvtecjundiai.com.br\/news\/wp-content\/uploads\/sites\/2\/2018\/03\/enem2017-caparosa-768x576.jpg 768w, https:\/\/tvtecjundiai.com.br\/news\/wp-content\/uploads\/sites\/2\/2018\/03\/enem2017-caparosa-1200x900.jpg 1200w, https:\/\/tvtecjundiai.com.br\/news\/wp-content\/uploads\/sites\/2\/2018\/03\/enem2017-caparosa.jpg 1600w\" sizes=\"auto, (max-width: 450px) 100vw, 450px\" \/><\/a><p id=\"caption-attachment-7752\" class=\"wp-caption-text\">As provas do Enem ser\u00e3o aplicadas em dois domingos, nos dias 4 e 11 de novembro<\/p><\/div>\n<p>Os estudantes que querem fazer a prova do Exame Nacional do Ensino M\u00e9dio (Enem) de 2018 t\u00eam at\u00e9 as 23h59 de amanh\u00e3 (18), no hor\u00e1rio de Bras\u00edlia, para fazer a inscri\u00e7\u00e3o, pela internet,\u00a0<a href=\"http:\/\/https\/\/enem.inep.gov.br\/participante\/#!\/inicial\">na p\u00e1gina do participante<\/a>\u00a0do Enem. At\u00e9 as 18h de quarta-feira (16) foram registrados 5 milh\u00f5es de inscritos.<\/p>\n<p>Mesmo os candidatos que pediram isen\u00e7\u00e3o da taxa do Enem devem fazer a inscri\u00e7\u00e3o para a prova. O pagamento da taxa para quem n\u00e3o conseguiu a isen\u00e7\u00e3o, no valor de R$ 82, deve ser feito at\u00e9 o dia 23 de maio nas ag\u00eancias banc\u00e1rias, casas lot\u00e9ricas e ag\u00eancias dos Correios. Os concluintes do ensino m\u00e9dio da rede p\u00fablica t\u00eam direito \u00e0 isen\u00e7\u00e3o no ato da inscri\u00e7\u00e3o, mesmo aqueles que n\u00e3o tiverem solicitado a isen\u00e7\u00e3o.<\/p>\n<p>Para se inscrever, o participante dever\u00e1 apresentar o n\u00famero do CPF (Cadastro de Pessoa F\u00edsica) e do documento de identidade e criar uma senha. O candidato precisa tamb\u00e9m informar um endere\u00e7o de e-mail v\u00e1lido e um n\u00famero de telefone fixo ou celular, que ser\u00e3o usados para enviar informa\u00e7\u00f5es sobre o exame.<\/p>\n<p>Com o fim do prazo de inscri\u00e7\u00e3o nesta sexta-feira (18), tamb\u00e9m se encerra a possibilidade de alterar dados cadastrais, a op\u00e7\u00e3o do munic\u00edpio onde o estudante quer fazer a prova e a op\u00e7\u00e3o de l\u00edngua estrangeira. Os candidatos que precisarem de atendimento especializado t\u00eam que fazer o pedido no ato da inscri\u00e7\u00e3o. Para o uso do nome social na prova do Enem, o pedido poder\u00e1 ser feito entre os dias 28 de maio e 3 de junho.<\/p>\n<p>As provas do Enem ser\u00e3o aplicadas em dois domingos, nos dias 4 e 11 de novembro. Os resultados ser\u00e3o divulgados em janeiro.<\/p>\n<p><em>Fonte: Ag\u00eancia Brasil<\/em><\/p>\n","protected":false},"excerpt":{"rendered":"<p>At\u00e9 as 18h de quarta-feira (16) foram registrados 5 milh\u00f5es de inscritos<\/p>\n","protected":false},"author":10,"featured_media":7752,"comment_status":"closed","ping_status":"closed","sticky":false,"template":"","format":"standard","meta":{"footnotes":""},"categories":[2828],"tags":[1903,1030,1440,5,15],"class_list":["post-10530","post","type-post","status-publish","format-standard","has-post-thumbnail","hentry","category-educacao","tag-brasil","tag-enem","tag-exame-nacional-do-ensino-medio","tag-jundiai","tag-tvtec"],"_links":{"self":[{"href":"https:\/\/tvtecjundiai.com.br\/news\/wp-json\/wp\/v2\/posts\/10530","targetHints":{"allow":["GET"]}}],"collection":[{"href":"https:\/\/tvtecjundiai.com.br\/news\/wp-json\/wp\/v2\/posts"}],"about":[{"href":"https:\/\/tvtecjundiai.com.br\/news\/wp-json\/wp\/v2\/types\/post"}],"author":[{"embeddable":true,"href":"https:\/\/tvtecjundiai.com.br\/news\/wp-json\/wp\/v2\/users\/10"}],"replies":[{"embeddable":true,"href":"https:\/\/tvtecjundiai.com.br\/news\/wp-json\/wp\/v2\/comments?post=10530"}],"version-history":[{"count":1,"href":"https:\/\/tvtecjundiai.com.br\/news\/wp-json\/wp\/v2\/posts\/10530\/revisions"}],"predecessor-version":[{"id":10531,"href":"https:\/\/tvtecjundiai.com.br\/news\/wp-json\/wp\/v2\/posts\/10530\/revisions\/10531"}],"wp:featuredmedia":[{"embeddable":true,"href":"https:\/\/tvtecjundiai.com.br\/news\/wp-json\/wp\/v2\/media\/7752"}],"wp:attachment":[{"href":"https:\/\/tvtecjundiai.com.br\/news\/wp-json\/wp\/v2\/media?parent=10530"}],"wp:term":[{"taxonomy":"category","embeddable":true,"href":"https:\/\/tvtecjundiai.com.br\/news\/wp-json\/wp\/v2\/categories?post=10530"},{"taxonomy":"post_tag","embeddable":true,"href":"https:\/\/tvtecjundiai.com.br\/news\/wp-json\/wp\/v2\/tags?post=10530"}],"curies":[{"name":"wp","href":"https:\/\/api.w.org\/{rel}","templated":true}]}}