{"id":105301,"date":"2023-02-23T11:57:41","date_gmt":"2023-02-23T14:57:41","guid":{"rendered":"https:\/\/tvtecjundiai.com.br\/news\/?p=105301"},"modified":"2023-02-23T12:06:30","modified_gmt":"2023-02-23T15:06:30","slug":"tvtec-recebe-coordenador-do-senac-jundiai-no-galpao-criativo","status":"publish","type":"post","link":"https:\/\/tvtecjundiai.com.br\/news\/2023\/02\/23\/tvtec-recebe-coordenador-do-senac-jundiai-no-galpao-criativo\/","title":{"rendered":"<strong>TVTEC recebe coordenador do Senac Jundia\u00ed no Galp\u00e3o Criativo<\/strong>"},"content":{"rendered":"\n<p>O coordenador do Senac Jundia\u00ed, F\u00e1bio Trombeta, visitou nesta quarta-feira (22) as depend\u00eancias da Funda\u00e7\u00e3o Escola TVTEC Jundia\u00ed com o objetivo de conhecer o espa\u00e7o da 2.\u00ba Mostra do Galp\u00e3o Criativo. O evento da Prefeitura de Jundia\u00ed e da TVTEC acontece nos dias 25 e 26 de fevereiro reunindo pessoas da economia criativa. Durante a visita, a superintendente M\u00f4nica Gropelo, apresentou as novidades desta edi\u00e7\u00e3o.<\/p>\n\n\n\n<p>Esperan\u00e7oso, o coordenador do Senac Jundia\u00ed, F\u00e1bio Trombeta, destacou a import\u00e2ncia da parceria com a Prefeitura de Jundia\u00ed e a TVTEC para a participa\u00e7\u00e3o no evento. \u201cO Galp\u00e3o Criativo \u00e9 um evento muito importante. \u00c9 uma honra o Senac participar e colaborar com a economia criativa. Estamos buscando fomentar o empreendedorismo e como o Senac tem uma imensid\u00e3o de cursos gratuitos e bolsas de estudos, vamos mostrar em um stand, em parceria com o Sebrae, um pouco da nossa estrutura e dos cursos que oferecemos\u201d, diz.<\/p>\n\n\n\n<p>A superintendente da FTVTEC, M\u00f4nica Gropelo, fala da import\u00e2ncia de valorizar as institui\u00e7\u00f5es que apoiam a criatividade como gera\u00e7\u00e3o de renda. &nbsp;\u201cEsse espa\u00e7o criativo da Prefeitura de Jundia\u00ed est\u00e1 abrindo uma grande oportunidade para as institui\u00e7\u00f5es que se interessam no movimento da economia criativa. Como \u00e9 o caso do Senac e o Sebrae Jundia\u00ed, que tamb\u00e9m v\u00e3o estar conosco nos dias 25 e 26 de fevereiro.\u201d<\/p>\n\n\n\n<figure class=\"wp-block-image size-large\"><img loading=\"lazy\" decoding=\"async\" width=\"1200\" height=\"900\" src=\"https:\/\/tvtecjundiai.com.br\/news\/wp-content\/uploads\/sites\/2\/2023\/02\/WhatsApp-Image-2023-02-22-at-16.45.22-1200x900.jpeg\" alt=\"\" class=\"wp-image-105303\" srcset=\"https:\/\/tvtecjundiai.com.br\/news\/wp-content\/uploads\/sites\/2\/2023\/02\/WhatsApp-Image-2023-02-22-at-16.45.22-1200x900.jpeg 1200w, https:\/\/tvtecjundiai.com.br\/news\/wp-content\/uploads\/sites\/2\/2023\/02\/WhatsApp-Image-2023-02-22-at-16.45.22-300x225.jpeg 300w, https:\/\/tvtecjundiai.com.br\/news\/wp-content\/uploads\/sites\/2\/2023\/02\/WhatsApp-Image-2023-02-22-at-16.45.22-768x576.jpeg 768w, https:\/\/tvtecjundiai.com.br\/news\/wp-content\/uploads\/sites\/2\/2023\/02\/WhatsApp-Image-2023-02-22-at-16.45.22.jpeg 1280w\" sizes=\"auto, (max-width: 1200px) 100vw, 1200px\" \/><\/figure>\n\n\n\n<p>Segundo M\u00f4nica, o espa\u00e7o abre oportunidades para v\u00e1rias institui\u00e7\u00f5es interessadas neste movimento da economia criativa, como exemplo o Senac e o Sebrae. &nbsp;\u201cA proposta \u00e9 que o Galp\u00e3o Criativo se torne um laborat\u00f3rio pr\u00e1tico, com criativos se qualificando, aprendendo na pr\u00e1tica e depois voltem com suas mentorias. A gente come\u00e7a a promover este movimento de cadeia retroalimentar, por isso acho bacana saber que uma cidade oferece um espa\u00e7o como esse, privilegiado, gratuito, com estacionamento e com uma certa infraestrutura&nbsp;agrad\u00e1vel.\u201d<\/p>\n\n\n\n<p><strong>Servi\u00e7o<\/strong><\/p>\n\n\n\n<p>Endere\u00e7o: Avenida Dr. Cavalcanti, 396, Complexo Argos<\/p>\n\n\n\n<p>Data e hor\u00e1rio: Dia 25 de fevereiro, das 10h \u00e0s 18h; Dia 26 de fevereiro, das 10h \u00e0s 17h<\/p>\n\n\n\n<p>Os visitantes podem fazer um gesto concreto doando um litro de leite como entrada ao evento. Mais informa\u00e7\u00f5es acesse o Instagram:&nbsp;<a href=\"https:\/\/www.instagram.com\/galpaocriativojundiai\/\">@galpaocriativojundiai<\/a><\/p>\n","protected":false},"excerpt":{"rendered":"<p>O espa\u00e7o abre oportunidades para interessados na economia criativa<\/p>\n","protected":false},"author":30,"featured_media":105302,"comment_status":"closed","ping_status":"0","sticky":false,"template":"","format":"standard","meta":{"footnotes":""},"categories":[29,8408,8356,1],"tags":[],"class_list":["post-105301","post","type-post","status-publish","format-standard","has-post-thumbnail","hentry","category-destaque","category-galpao-criativo","category-jundiai","category-noticias"],"_links":{"self":[{"href":"https:\/\/tvtecjundiai.com.br\/news\/wp-json\/wp\/v2\/posts\/105301","targetHints":{"allow":["GET"]}}],"collection":[{"href":"https:\/\/tvtecjundiai.com.br\/news\/wp-json\/wp\/v2\/posts"}],"about":[{"href":"https:\/\/tvtecjundiai.com.br\/news\/wp-json\/wp\/v2\/types\/post"}],"author":[{"embeddable":true,"href":"https:\/\/tvtecjundiai.com.br\/news\/wp-json\/wp\/v2\/users\/30"}],"replies":[{"embeddable":true,"href":"https:\/\/tvtecjundiai.com.br\/news\/wp-json\/wp\/v2\/comments?post=105301"}],"version-history":[{"count":7,"href":"https:\/\/tvtecjundiai.com.br\/news\/wp-json\/wp\/v2\/posts\/105301\/revisions"}],"predecessor-version":[{"id":105314,"href":"https:\/\/tvtecjundiai.com.br\/news\/wp-json\/wp\/v2\/posts\/105301\/revisions\/105314"}],"wp:featuredmedia":[{"embeddable":true,"href":"https:\/\/tvtecjundiai.com.br\/news\/wp-json\/wp\/v2\/media\/105302"}],"wp:attachment":[{"href":"https:\/\/tvtecjundiai.com.br\/news\/wp-json\/wp\/v2\/media?parent=105301"}],"wp:term":[{"taxonomy":"category","embeddable":true,"href":"https:\/\/tvtecjundiai.com.br\/news\/wp-json\/wp\/v2\/categories?post=105301"},{"taxonomy":"post_tag","embeddable":true,"href":"https:\/\/tvtecjundiai.com.br\/news\/wp-json\/wp\/v2\/tags?post=105301"}],"curies":[{"name":"wp","href":"https:\/\/api.w.org\/{rel}","templated":true}]}}