{"id":105319,"date":"2023-02-24T12:39:00","date_gmt":"2023-02-24T15:39:00","guid":{"rendered":"https:\/\/tvtecjundiai.com.br\/news\/?p=105319"},"modified":"2023-02-24T12:50:47","modified_gmt":"2023-02-24T15:50:47","slug":"galpao-criativo-mostra-como-as-terapias-ajudam-no-bem-estar","status":"publish","type":"post","link":"https:\/\/tvtecjundiai.com.br\/news\/2023\/02\/24\/galpao-criativo-mostra-como-as-terapias-ajudam-no-bem-estar\/","title":{"rendered":"Galp\u00e3o Criativo mostra como as terapias ajudam no bem-estar"},"content":{"rendered":"\n<p>Durante a 2\u00aa Mostra Galp\u00e3o Criativo, evento realizado nos dias 25 e 26 de fevereiro pela Prefeitura de Jundia\u00ed e Funda\u00e7\u00e3o Escola TVTEC Jundia\u00ed, os agentes da economia criativa mostrar\u00e3o seus trabalhos a um p\u00fablico interessado em produtos novos, disruptivos e com foco na valoriza\u00e7\u00e3o do fazer com as m\u00e3os.<\/p>\n\n\n\n<p>O encontro re\u00fane 75 agentes nas \u00e1reas de gastronomia, sa\u00fade, bem-estar e economia criativa. A superintendente da TVTEC, M\u00f4nica Gropelo, refor\u00e7a que o Galp\u00e3o Criativo une aprendizagem, qualifica\u00e7\u00e3o e forma\u00e7\u00e3o de talentos para o grande universo de possibilidades e oportunidades dentro das \u00e1reas da economia criativa. &#8220;A proposta \u00e9 conhecer, diagnosticar, pesquisar, validar e dar suporte aos criativos por meio de recursos, t\u00e9cnicas e planejamento. O nosso m\u00e9todo \u00e9 o &#8216;m\u00e3o na massa&#8217; construindo laborat\u00f3rios de trocas, experi\u00eancias e modelos que v\u00e3o inspirar neg\u00f3cios criativos para a principal mat\u00e9ria-prima de cada participante, que \u00e9 a sua propriedade intelectual colocada em cada ideia, cada produto e servi\u00e7o.&#8221;<\/p>\n\n\n\n<p>Pela segunda vez, a fisioterapeuta K\u00e1ssia Nayara de Melo Ara\u00fajo participa do encontro mostrando seu trabalho na \u00e1rea de sa\u00fade integral, inclusive com demonstra\u00e7\u00f5es. &#8220;A proposta \u00e9 mostrar que doen\u00e7as como depress\u00e3o, ansiedade, ins\u00f4nia e cansa\u00e7o podem ser amenizadas com certos protocolos que ajudam no equil\u00edbrio do corpo, mente e emo\u00e7\u00f5es.&#8221;<\/p>\n\n\n\n<figure class=\"wp-block-image size-full\"><img loading=\"lazy\" decoding=\"async\" width=\"682\" height=\"650\" src=\"https:\/\/tvtecjundiai.com.br\/news\/wp-content\/uploads\/sites\/2\/2023\/02\/celeste2.jpeg\" alt=\"\" class=\"wp-image-105385\" srcset=\"https:\/\/tvtecjundiai.com.br\/news\/wp-content\/uploads\/sites\/2\/2023\/02\/celeste2.jpeg 682w, https:\/\/tvtecjundiai.com.br\/news\/wp-content\/uploads\/sites\/2\/2023\/02\/celeste2-300x286.jpeg 300w\" sizes=\"auto, (max-width: 682px) 100vw, 682px\" \/><figcaption class=\"wp-element-caption\">Celeste Rossi de Carvalho mostra os benef\u00edcios dos tratamentos energ\u00e9ticos<\/figcaption><\/figure>\n\n\n\n<p>Apesar de participar pela segunda vez do evento, ela comenta que pretende levar mais informa\u00e7\u00f5es sobre o tema aos participantes. &#8220;O galp\u00e3o \u00e9 um espa\u00e7o m\u00faltiplo, onde h\u00e1 oportunidade para quem tem produtos ou servi\u00e7os al\u00e9m de ser muito agrad\u00e1vel para todas as idades. No meu estande estarei expondo e oferecendo a chance para quem deseja melhorar a sua concentra\u00e7\u00e3o modulando as ondas do c\u00e9rebro.&#8221;<\/p>\n\n\n\n<p>Com foco em cartomancia e dan\u00e7a cigana art\u00edstica, Carla Camargo, conhecida como Esmeralda M\u00edstica,  tamb\u00e9m far\u00e1 parte do encontro. &#8220;Decidi participar novamente porque \u00e9 um evento com viabilidade  comercial e cultural. Jundia\u00ed sempre acolheu bem os artes\u00e3os e profissionais hol\u00edsticos e tenho certeza que este encontro ir\u00e1 favorecer, inclusive, outras pessoas da regi\u00e3o.&#8221;<\/p>\n\n\n\n<figure class=\"wp-block-image size-large\"><img loading=\"lazy\" decoding=\"async\" width=\"1160\" height=\"960\" src=\"https:\/\/tvtecjundiai.com.br\/news\/wp-content\/uploads\/sites\/2\/2023\/02\/galpao_cigana2-1160x960.jpeg\" alt=\"\" class=\"wp-image-105384\" srcset=\"https:\/\/tvtecjundiai.com.br\/news\/wp-content\/uploads\/sites\/2\/2023\/02\/galpao_cigana2-1160x960.jpeg 1160w, https:\/\/tvtecjundiai.com.br\/news\/wp-content\/uploads\/sites\/2\/2023\/02\/galpao_cigana2-300x248.jpeg 300w, https:\/\/tvtecjundiai.com.br\/news\/wp-content\/uploads\/sites\/2\/2023\/02\/galpao_cigana2-768x636.jpeg 768w, https:\/\/tvtecjundiai.com.br\/news\/wp-content\/uploads\/sites\/2\/2023\/02\/galpao_cigana2.jpeg 1200w\" sizes=\"auto, (max-width: 1160px) 100vw, 1160px\" \/><figcaption class=\"wp-element-caption\">Carla Camargo, conhecida como Esmeralda M\u00edstica, tamb\u00e9m far\u00e1 parte do encontro. <\/figcaption><\/figure>\n\n\n\n<p>Para a domoterapeuta Celeste Rossi de Carvalho, que ir\u00e1 mostrar seu trabalho com as mesas radi\u00f4nica e de constela\u00e7\u00e3o sist\u00eamica familiar, ser\u00e1 mais um momento de divulgar o trabalho de forma clara e precisa. &#8220;Quero divulgar meu trabalho porque muitas pessoas n\u00e3o conhecem os benef\u00edcios dos tratamentos energ\u00e9ticos para as doen\u00e7as f\u00edsicas e emocionais. Vou aproveitar para levar incensos e cristais para comercializar&#8221;, comenta. <\/p>\n\n\n\n<p><strong>Servi\u00e7o<\/strong><\/p>\n\n\n\n<p>Endere\u00e7o: Avenida Dr. Cavalcanti, 396, Complexo Argos<\/p>\n\n\n\n<p>Data e hor\u00e1rio: Dia 25 de fevereiro, das 10h \u00e0s 18h; Dia 26 de fevereiro, das 10h \u00e0s 17h<\/p>\n\n\n\n<p>Os visitantes podem fazer um gesto concreto doando um litro de leite como entrada ao evento. Mais informa\u00e7\u00f5es acesse o Instagram:&nbsp;<a href=\"https:\/\/www.instagram.com\/galpaocriativojundiai\/\">@galpaocriativojundiai<\/a><\/p>\n\n\n\n<p><\/p>\n","protected":false},"excerpt":{"rendered":"<p>Os agentes mostrar\u00e3o seus trabalhos a um p\u00fablico interessado em produtos novos<\/p>\n","protected":false},"author":30,"featured_media":105376,"comment_status":"closed","ping_status":"0","sticky":false,"template":"","format":"standard","meta":{"footnotes":""},"categories":[29,1],"tags":[],"class_list":["post-105319","post","type-post","status-publish","format-standard","has-post-thumbnail","hentry","category-destaque","category-noticias"],"_links":{"self":[{"href":"https:\/\/tvtecjundiai.com.br\/news\/wp-json\/wp\/v2\/posts\/105319","targetHints":{"allow":["GET"]}}],"collection":[{"href":"https:\/\/tvtecjundiai.com.br\/news\/wp-json\/wp\/v2\/posts"}],"about":[{"href":"https:\/\/tvtecjundiai.com.br\/news\/wp-json\/wp\/v2\/types\/post"}],"author":[{"embeddable":true,"href":"https:\/\/tvtecjundiai.com.br\/news\/wp-json\/wp\/v2\/users\/30"}],"replies":[{"embeddable":true,"href":"https:\/\/tvtecjundiai.com.br\/news\/wp-json\/wp\/v2\/comments?post=105319"}],"version-history":[{"count":3,"href":"https:\/\/tvtecjundiai.com.br\/news\/wp-json\/wp\/v2\/posts\/105319\/revisions"}],"predecessor-version":[{"id":105388,"href":"https:\/\/tvtecjundiai.com.br\/news\/wp-json\/wp\/v2\/posts\/105319\/revisions\/105388"}],"wp:featuredmedia":[{"embeddable":true,"href":"https:\/\/tvtecjundiai.com.br\/news\/wp-json\/wp\/v2\/media\/105376"}],"wp:attachment":[{"href":"https:\/\/tvtecjundiai.com.br\/news\/wp-json\/wp\/v2\/media?parent=105319"}],"wp:term":[{"taxonomy":"category","embeddable":true,"href":"https:\/\/tvtecjundiai.com.br\/news\/wp-json\/wp\/v2\/categories?post=105319"},{"taxonomy":"post_tag","embeddable":true,"href":"https:\/\/tvtecjundiai.com.br\/news\/wp-json\/wp\/v2\/tags?post=105319"}],"curies":[{"name":"wp","href":"https:\/\/api.w.org\/{rel}","templated":true}]}}