{"id":105322,"date":"2023-02-23T14:33:45","date_gmt":"2023-02-23T17:33:45","guid":{"rendered":"https:\/\/tvtecjundiai.com.br\/news\/?p=105322"},"modified":"2023-02-23T14:33:45","modified_gmt":"2023-02-23T17:33:45","slug":"utis-upo-e-usi-horario-de-visitas-noturnas-no-hospital-sao-vicente-e-alterado-nesta-quinta-23","status":"publish","type":"post","link":"https:\/\/tvtecjundiai.com.br\/news\/2023\/02\/23\/utis-upo-e-usi-horario-de-visitas-noturnas-no-hospital-sao-vicente-e-alterado-nesta-quinta-23\/","title":{"rendered":"UTIs, UPO E USI: Hor\u00e1rio de visitas noturnas no Hospital S\u00e3o Vicente \u00e9 alterado nesta quinta (23)"},"content":{"rendered":"\n<p>A partir desta quinta-feira (23), o Hospital de Caridade S\u00e3o Vicente de Paulo (HSV) passa a contar com novos hor\u00e1rios de visitas noturnas nas Unidades de Terapia Intensiva (UTIs), Unidade P\u00f3s-Operat\u00f3ria (UPO) e Unidade de Suporte Intensivo (USI). A mudan\u00e7a visa a melhoria do fluxo da unidade de interna\u00e7\u00e3o.<\/p>\n\n\n\n<p>As visitas \u00e0s UTIs ocorrem nos seguintes hor\u00e1rios, sendo&nbsp;<strong>permitido dois visitantes<\/strong>:<\/p>\n\n\n\n<ul class=\"wp-block-list\">\n<li>UTI I (antiga UTI Geral) \u2013 13h30 \u00e0s 14h \u2013 20h30 \u00e0s 21h.<\/li>\n\n\n\n<li>UTI II (antiga UTI Coronariana) \u2013 14h30 \u00e0s 15h \u2013 20h30 \u00e0s 21h.<\/li>\n\n\n\n<li>UTI III (antiga UTI Neuro\/Semi-Neuro) \u2013 12h \u00e0s 12h30 \u2013 20h30 \u00e0s 21h.<\/li>\n\n\n\n<li>Unidade de Suporte Intensivo \u2013 14h30 \u00e0s 15h \u2013 20h \u00e0s 20h30.<\/li>\n\n\n\n<li>Unidade P\u00f3s-Operat\u00f3ria \u2013 13h30 \u00e0s 14h \u2013 20h \u00e0s 20h30.<\/li>\n<\/ul>\n\n\n\n<p><strong>Os hor\u00e1rios das demais enfermarias n\u00e3o foram alterados<\/strong>, sendo permitido somente um visitante:<\/p>\n\n\n\n<ul class=\"wp-block-list\">\n<li>Pronto-Socorro (interna\u00e7\u00e3o) \u2013 15h \u00e0s 15h30.<\/li>\n\n\n\n<li>Emerg\u00eancia (somente se n\u00e3o houver intercorr\u00eancias) \u2013 11h \u00e0s 11h30.<\/li>\n\n\n\n<li>Enfermaria I (antiga Cl\u00ednica Masculina) \u2013 16h \u00e0s 16h30.<\/li>\n\n\n\n<li>Enfermaria II (antiga Ortopedia) \u2013 16h \u00e0s 16h30.<\/li>\n\n\n\n<li>Enfermaria III (antiga Cl\u00ednica Cir\u00fargica II) \u2013 16h \u00e0s 16h30.<\/li>\n\n\n\n<li>Enfermaria IV (antiga Cl\u00ednica Cir\u00fargica I) \u2013 16h \u00e0s 16h30.<\/li>\n\n\n\n<li>Enfermaria VII e Enfermaria VIII (Cuidados Paliativos e Sa\u00fade Mental) \u2013 16h \u00e0s 16h30.<\/li>\n<\/ul>\n\n\n<div class=\"wp-block-image\">\n<figure class=\"aligncenter size-large is-resized\"><img loading=\"lazy\" decoding=\"async\" src=\"https:\/\/tvtecjundiai.com.br\/news\/wp-content\/uploads\/sites\/2\/2022\/11\/hospital-sao-vicente-gerais-retrospectiva_c_-93-1200x800.jpg\" alt=\"\" class=\"wp-image-100915\" width=\"681\" height=\"454\" srcset=\"https:\/\/tvtecjundiai.com.br\/news\/wp-content\/uploads\/sites\/2\/2022\/11\/hospital-sao-vicente-gerais-retrospectiva_c_-93-1200x800.jpg 1200w, https:\/\/tvtecjundiai.com.br\/news\/wp-content\/uploads\/sites\/2\/2022\/11\/hospital-sao-vicente-gerais-retrospectiva_c_-93-300x200.jpg 300w, https:\/\/tvtecjundiai.com.br\/news\/wp-content\/uploads\/sites\/2\/2022\/11\/hospital-sao-vicente-gerais-retrospectiva_c_-93-768x512.jpg 768w, https:\/\/tvtecjundiai.com.br\/news\/wp-content\/uploads\/sites\/2\/2022\/11\/hospital-sao-vicente-gerais-retrospectiva_c_-93.jpg 1280w\" sizes=\"auto, (max-width: 681px) 100vw, 681px\" \/><\/figure>\n<\/div>\n\n\n<p><\/p>\n\n\n\n<p><strong><em>(Fonte\/Imagem: Assessoria Hospital S\u00e3o Vicente)<\/em><\/strong><\/p>\n","protected":false},"excerpt":{"rendered":"<p>A mudan\u00e7a visa a melhoria do fluxo da unidade de interna\u00e7\u00e3o<\/p>\n","protected":false},"author":30,"featured_media":100915,"comment_status":"closed","ping_status":"0","sticky":false,"template":"","format":"standard","meta":{"footnotes":""},"categories":[8356,1,2839,8355],"tags":[],"class_list":["post-105322","post","type-post","status-publish","format-standard","has-post-thumbnail","hentry","category-jundiai","category-noticias","category-saude","category-saude-3"],"_links":{"self":[{"href":"https:\/\/tvtecjundiai.com.br\/news\/wp-json\/wp\/v2\/posts\/105322","targetHints":{"allow":["GET"]}}],"collection":[{"href":"https:\/\/tvtecjundiai.com.br\/news\/wp-json\/wp\/v2\/posts"}],"about":[{"href":"https:\/\/tvtecjundiai.com.br\/news\/wp-json\/wp\/v2\/types\/post"}],"author":[{"embeddable":true,"href":"https:\/\/tvtecjundiai.com.br\/news\/wp-json\/wp\/v2\/users\/30"}],"replies":[{"embeddable":true,"href":"https:\/\/tvtecjundiai.com.br\/news\/wp-json\/wp\/v2\/comments?post=105322"}],"version-history":[{"count":1,"href":"https:\/\/tvtecjundiai.com.br\/news\/wp-json\/wp\/v2\/posts\/105322\/revisions"}],"predecessor-version":[{"id":105323,"href":"https:\/\/tvtecjundiai.com.br\/news\/wp-json\/wp\/v2\/posts\/105322\/revisions\/105323"}],"wp:featuredmedia":[{"embeddable":true,"href":"https:\/\/tvtecjundiai.com.br\/news\/wp-json\/wp\/v2\/media\/100915"}],"wp:attachment":[{"href":"https:\/\/tvtecjundiai.com.br\/news\/wp-json\/wp\/v2\/media?parent=105322"}],"wp:term":[{"taxonomy":"category","embeddable":true,"href":"https:\/\/tvtecjundiai.com.br\/news\/wp-json\/wp\/v2\/categories?post=105322"},{"taxonomy":"post_tag","embeddable":true,"href":"https:\/\/tvtecjundiai.com.br\/news\/wp-json\/wp\/v2\/tags?post=105322"}],"curies":[{"name":"wp","href":"https:\/\/api.w.org\/{rel}","templated":true}]}}