{"id":105337,"date":"2023-02-23T15:55:17","date_gmt":"2023-02-23T18:55:17","guid":{"rendered":"https:\/\/tvtecjundiai.com.br\/news\/?p=105337"},"modified":"2023-02-23T15:55:26","modified_gmt":"2023-02-23T18:55:26","slug":"procon-movel-tem-inicio-com-25-atendimentos-em-dois-dias-no-cecap","status":"publish","type":"post","link":"https:\/\/tvtecjundiai.com.br\/news\/2023\/02\/23\/procon-movel-tem-inicio-com-25-atendimentos-em-dois-dias-no-cecap\/","title":{"rendered":"Procon M\u00f3vel tem in\u00edcio com 25 atendimentos em dois dias no Cecap"},"content":{"rendered":"\n<p>O Procon de Jundia\u00ed iniciou, nesta semana, as primeiras a\u00e7\u00f5es do ano com o Procon M\u00f3vel. As atividades foram realizadas no terminal rodovi\u00e1rio do Cecap, na quarta (22) e quinta-feira (23), e acontecer\u00e3o no Centro de Integra\u00e7\u00e3o da Cidadania (CIC), no mesmo bairro, nesta sexta (24). Nos dois primeiros dias, foram 25 atendimentos. A a\u00e7\u00e3o tem como objetivo principal a descentraliza\u00e7\u00e3o do atendimento oferecido \u00e0 popula\u00e7\u00e3o.<\/p>\n\n\n\n<p>O motorista Edimilson Castro Reis aproveitou a oportunidade para tirar uma d\u00favida sobre um servi\u00e7o financeiro. Com problemas de mobilidade, ele revela que teria dificuldades de ir at\u00e9 o centro e aprovou a descentraliza\u00e7\u00e3o do atendimento. \u201cImportante que o Procon esteja nos bairros, pois fica mais f\u00e1cil para muitas pessoas tirarem as d\u00favidas e serem atendidas\u201d, avalia.<\/p>\n\n\n\n<p>Segundo a chefe do Procon Jundia\u00ed, Val\u00e9ria Tavares Alc\u00e2ntara, al\u00e9m de ampliar o atendimento para a popula\u00e7\u00e3o, o Procon M\u00f3vel atua em outras frentes. \u201cCom essas a\u00e7\u00f5es conseguimos realizar trabalhos que visam o consumo consciente, orientar sobre direitos, deveres e alertas de golpes contra os consumidores, que s\u00e3o cada vez mais frequentes\u201d, comenta Val\u00e9ria.<\/p>\n\n\n\n<figure class=\"wp-block-image size-large\"><img loading=\"lazy\" decoding=\"async\" width=\"1200\" height=\"801\" src=\"https:\/\/tvtecjundiai.com.br\/news\/wp-content\/uploads\/sites\/2\/2023\/02\/procon_movel_terminal_cecap_m_-12-1200x801.jpg\" alt=\"\" class=\"wp-image-105338\" srcset=\"https:\/\/tvtecjundiai.com.br\/news\/wp-content\/uploads\/sites\/2\/2023\/02\/procon_movel_terminal_cecap_m_-12-1200x801.jpg 1200w, https:\/\/tvtecjundiai.com.br\/news\/wp-content\/uploads\/sites\/2\/2023\/02\/procon_movel_terminal_cecap_m_-12-300x200.jpg 300w, https:\/\/tvtecjundiai.com.br\/news\/wp-content\/uploads\/sites\/2\/2023\/02\/procon_movel_terminal_cecap_m_-12-768x512.jpg 768w, https:\/\/tvtecjundiai.com.br\/news\/wp-content\/uploads\/sites\/2\/2023\/02\/procon_movel_terminal_cecap_m_-12.jpg 1280w\" sizes=\"auto, (max-width: 1200px) 100vw, 1200px\" \/><figcaption class=\"wp-element-caption\">Edimilson foi um dos atendidos em a\u00e7\u00e3o do Procon M\u00f3vel<\/figcaption><\/figure>\n\n\n\n<p><strong>Confira a programa\u00e7\u00e3o completa:<\/strong><\/p>\n\n\n\n<p><strong>24 de fevereiro:<\/strong>&nbsp;CIC, no Parque Cecap \u2013 09h \u00e0s 15h<\/p>\n\n\n\n<p><strong>13, 15 e 17 de mar\u00e7o:<\/strong>&nbsp;Pra\u00e7a Governador Pedro de Toledo, no Centro \u2013 09h \u00e0s 15h<\/p>\n\n\n\n<p><strong>20, 22 e 24 de mar\u00e7o:<\/strong>&nbsp;Novo Horizonte (C\u00e1ritas Diocesana de Jundia\u00ed) \u2013 09h \u00e0s 15h<\/p>\n\n\n\n<p><strong>31 de mar\u00e7o:<\/strong>&nbsp;CIC, no Parque Cecap \u2013 09h \u00e0s 15h<\/p>\n\n\n\n<p><strong>26, 27 e 28 de abril:<\/strong>&nbsp;Cras Santa Gertrudes \u2013 09h \u00e0s 15h<\/p>\n\n\n\n<p><strong>29, 30 e 31 de maio:<\/strong>&nbsp;Pra\u00e7a Francisco Fernandes Passolano, no Vianelo \u2013 09h \u00e0s 15h<\/p>\n\n\n\n<p><strong>28, 29 e 30 de junho:<\/strong>\u00a0UBS Agapeama \u2013 09h \u00e0s 15h<\/p>\n\n\n\n<p><strong><em>(Fonte\/Imagem: Prefeitura de Jundia\u00ed)<\/em><\/strong><\/p>\n","protected":false},"excerpt":{"rendered":"<p>A a\u00e7\u00e3o tem como objetivo principal a descentraliza\u00e7\u00e3o do atendimento oferecido \u00e0 popula\u00e7\u00e3o<\/p>\n","protected":false},"author":30,"featured_media":105338,"comment_status":"closed","ping_status":"0","sticky":false,"template":"","format":"standard","meta":{"footnotes":""},"categories":[2834,8356,5697,1],"tags":[],"class_list":["post-105337","post","type-post","status-publish","format-standard","has-post-thumbnail","hentry","category-cidades","category-jundiai","category-mobilidade-noticias","category-noticias"],"_links":{"self":[{"href":"https:\/\/tvtecjundiai.com.br\/news\/wp-json\/wp\/v2\/posts\/105337","targetHints":{"allow":["GET"]}}],"collection":[{"href":"https:\/\/tvtecjundiai.com.br\/news\/wp-json\/wp\/v2\/posts"}],"about":[{"href":"https:\/\/tvtecjundiai.com.br\/news\/wp-json\/wp\/v2\/types\/post"}],"author":[{"embeddable":true,"href":"https:\/\/tvtecjundiai.com.br\/news\/wp-json\/wp\/v2\/users\/30"}],"replies":[{"embeddable":true,"href":"https:\/\/tvtecjundiai.com.br\/news\/wp-json\/wp\/v2\/comments?post=105337"}],"version-history":[{"count":1,"href":"https:\/\/tvtecjundiai.com.br\/news\/wp-json\/wp\/v2\/posts\/105337\/revisions"}],"predecessor-version":[{"id":105339,"href":"https:\/\/tvtecjundiai.com.br\/news\/wp-json\/wp\/v2\/posts\/105337\/revisions\/105339"}],"wp:featuredmedia":[{"embeddable":true,"href":"https:\/\/tvtecjundiai.com.br\/news\/wp-json\/wp\/v2\/media\/105338"}],"wp:attachment":[{"href":"https:\/\/tvtecjundiai.com.br\/news\/wp-json\/wp\/v2\/media?parent=105337"}],"wp:term":[{"taxonomy":"category","embeddable":true,"href":"https:\/\/tvtecjundiai.com.br\/news\/wp-json\/wp\/v2\/categories?post=105337"},{"taxonomy":"post_tag","embeddable":true,"href":"https:\/\/tvtecjundiai.com.br\/news\/wp-json\/wp\/v2\/tags?post=105337"}],"curies":[{"name":"wp","href":"https:\/\/api.w.org\/{rel}","templated":true}]}}