{"id":105342,"date":"2023-02-24T09:01:42","date_gmt":"2023-02-24T12:01:42","guid":{"rendered":"https:\/\/tvtecjundiai.com.br\/news\/?p=105342"},"modified":"2023-02-24T10:47:40","modified_gmt":"2023-02-24T13:47:40","slug":"jundiai-continua-arrecadacao-de-doacoes-para-vitimas-das-chuvas-no-litoral-norte12","status":"publish","type":"post","link":"https:\/\/tvtecjundiai.com.br\/news\/2023\/02\/24\/jundiai-continua-arrecadacao-de-doacoes-para-vitimas-das-chuvas-no-litoral-norte12\/","title":{"rendered":"Jundia\u00ed continua arrecada\u00e7\u00e3o de doa\u00e7\u00f5es para v\u00edtimas das chuvas no Litoral Norte"},"content":{"rendered":"\n<p>Ap\u00f3s as fortes chuvas que atingiram o Litoral Norte durante o Carnaval deixarem muitos desabrigados, o Fundo Social de Solidariedade (Funss) de Jundia\u00ed e a Guarda Municipal de Jundia\u00ed (GMJ) se tornaram pontos de arrecada\u00e7\u00e3o de doa\u00e7\u00f5es para as v\u00edtimas. <\/p>\n\n\n\n<p>Os interessados em ajudar podem doar alimentos n\u00e3o perec\u00edveis, roupas para crian\u00e7as e adultos, absorventes, fraldas descart\u00e1veis, \u00e1gua mineral, produtos de higiene pessoal e limpeza, artigos de cama, mesa e banho, entre outros. Todas as doa\u00e7\u00f5es ser\u00e3o encaminhadas por meio da Defesa Civil do Estado de S\u00e3o Paulo. <\/p>\n\n\n<div class=\"wp-block-image\">\n<figure class=\"aligncenter size-large is-resized\"><img loading=\"lazy\" decoding=\"async\" src=\"https:\/\/tvtecjundiai.com.br\/news\/wp-content\/uploads\/sites\/2\/2023\/02\/funss_litoral-1200x801.jpg\" alt=\"\" class=\"wp-image-105343\" width=\"633\" height=\"422\" srcset=\"https:\/\/tvtecjundiai.com.br\/news\/wp-content\/uploads\/sites\/2\/2023\/02\/funss_litoral-1200x801.jpg 1200w, https:\/\/tvtecjundiai.com.br\/news\/wp-content\/uploads\/sites\/2\/2023\/02\/funss_litoral-300x200.jpg 300w, https:\/\/tvtecjundiai.com.br\/news\/wp-content\/uploads\/sites\/2\/2023\/02\/funss_litoral-768x512.jpg 768w, https:\/\/tvtecjundiai.com.br\/news\/wp-content\/uploads\/sites\/2\/2023\/02\/funss_litoral.jpg 1280w\" sizes=\"auto, (max-width: 633px) 100vw, 633px\" \/><\/figure>\n<\/div>\n\n\n<p><\/p>\n\n\n\n<p>Al\u00e9m da mobiliza\u00e7\u00e3o municipal, alguns jundiaienses tamb\u00e9m est\u00e3o agindo por conta para ajudar as v\u00edtimas no litoral. \u00c9 o caso da coordenadora comercial Carolina Sibinelli, que est\u00e1 arrecadando doa\u00e7\u00f5es que ser\u00e3o encaminhadas para S\u00e3o Sebasti\u00e3o. O transporte ser\u00e1 feito pelo DJ Edu Zottini.<\/p>\n\n\n\n<p>&#8220;Quando vi as not\u00edcias sobre as chuvas fiquei muito comovida com toda a situa\u00e7\u00e3o. Eu amo o litoral norte e n\u00e3o poderia deixar de ajudar. Fiz contato com a Nat, uma amiga de Jundia\u00ed que \u00e9 propriet\u00e1ria de uma pousada em Maresias, e o Edu Zottini se disponibilizou a levar as doa\u00e7\u00f5es. Esse movimento jamais seria poss\u00edvel sozinha, a ajuda de muitas pessoas foi essencial. \u00c9 gratificante saber a for\u00e7a que temos&#8221;, disse Carolina.<\/p>\n\n\n\n<p><strong>Pontos de arrecada\u00e7\u00e3o de doa\u00e7\u00f5es<\/strong><\/p>\n\n\n\n<p><strong>Fundo Social de Solidariedade (Funss) de Jundia\u00ed: <\/strong>localizado no Parque da Uva, com acesso pela avenida Dona Manoela Lacerda de Vergueiro, s\/n, port\u00e3o 03, Anhangaba\u00fa. O funcionamento \u00e9 de segunda a sexta-feira, exceto feriados, das 8h \u00e0s 17h. Informa\u00e7\u00f5es pelos telefones (11) 4589-6319 e 4589-6320. <\/p>\n\n\n\n<p><strong>Guarda Municipal de Jundia\u00ed (GMJ):<\/strong> fica na Avenida Uni\u00e3o dos Ferrovi\u00e1rios, 1600, Complexo Fepasa, Centro. Os telefones s\u00e3o (11) 4492-9090 (PABX) e 4492-9067 \/ 9069 \/ 9070 (Administrativo).<\/p>\n\n\n\n<p><strong>Contato de Carolina Sibinelli: <\/strong>(11) 99754 2811<\/p>\n\n\n\n<p><strong><em>(Fonte: TVTEC Jundia\u00ed\/Imagem: Prefeitura de Jundia\u00ed)<\/em><\/strong><\/p>\n","protected":false},"excerpt":{"rendered":"<p>O Fundo Social de Solidariedade (Funss) e a Guarda Municipal est\u00e3o reunindo doa\u00e7\u00f5es<\/p>\n","protected":false},"author":30,"featured_media":105343,"comment_status":"closed","ping_status":"0","sticky":false,"template":"","format":"standard","meta":{"footnotes":""},"categories":[8392,8356,1],"tags":[],"class_list":["post-105342","post","type-post","status-publish","format-standard","has-post-thumbnail","hentry","category-assistencia-social","category-jundiai","category-noticias"],"_links":{"self":[{"href":"https:\/\/tvtecjundiai.com.br\/news\/wp-json\/wp\/v2\/posts\/105342","targetHints":{"allow":["GET"]}}],"collection":[{"href":"https:\/\/tvtecjundiai.com.br\/news\/wp-json\/wp\/v2\/posts"}],"about":[{"href":"https:\/\/tvtecjundiai.com.br\/news\/wp-json\/wp\/v2\/types\/post"}],"author":[{"embeddable":true,"href":"https:\/\/tvtecjundiai.com.br\/news\/wp-json\/wp\/v2\/users\/30"}],"replies":[{"embeddable":true,"href":"https:\/\/tvtecjundiai.com.br\/news\/wp-json\/wp\/v2\/comments?post=105342"}],"version-history":[{"count":7,"href":"https:\/\/tvtecjundiai.com.br\/news\/wp-json\/wp\/v2\/posts\/105342\/revisions"}],"predecessor-version":[{"id":105367,"href":"https:\/\/tvtecjundiai.com.br\/news\/wp-json\/wp\/v2\/posts\/105342\/revisions\/105367"}],"wp:featuredmedia":[{"embeddable":true,"href":"https:\/\/tvtecjundiai.com.br\/news\/wp-json\/wp\/v2\/media\/105343"}],"wp:attachment":[{"href":"https:\/\/tvtecjundiai.com.br\/news\/wp-json\/wp\/v2\/media?parent=105342"}],"wp:term":[{"taxonomy":"category","embeddable":true,"href":"https:\/\/tvtecjundiai.com.br\/news\/wp-json\/wp\/v2\/categories?post=105342"},{"taxonomy":"post_tag","embeddable":true,"href":"https:\/\/tvtecjundiai.com.br\/news\/wp-json\/wp\/v2\/tags?post=105342"}],"curies":[{"name":"wp","href":"https:\/\/api.w.org\/{rel}","templated":true}]}}