{"id":105345,"date":"2023-02-24T09:12:26","date_gmt":"2023-02-24T12:12:26","guid":{"rendered":"https:\/\/tvtecjundiai.com.br\/news\/?p=105345"},"modified":"2023-02-24T10:43:42","modified_gmt":"2023-02-24T13:43:42","slug":"agendamento-para-vacina-pfizer-bivalente-70-sera-aberto-nesta-sexta-feira-241","status":"publish","type":"post","link":"https:\/\/tvtecjundiai.com.br\/news\/2023\/02\/24\/agendamento-para-vacina-pfizer-bivalente-70-sera-aberto-nesta-sexta-feira-241\/","title":{"rendered":"Agendamento para vacina Pfizer Bivalente 70+ ser\u00e1 aberto nesta sexta-feira (24)"},"content":{"rendered":"\n<p>A Prefeitura de Jundia\u00ed est\u00e1 estruturada para receber as doses da vacina Pfizer Bivalente e iniciar a imuniza\u00e7\u00e3o a partir de ter\u00e7a-feira (28). Nesta sexta-feira (24), \u00e0s 15h, ser\u00e1 aberto agendamento pelo&nbsp;<a href=\"https:\/\/jundiai.sp.gov.br\/\">site<\/a>&nbsp;ou&nbsp;<a href=\"https:\/\/jundiai.sp.gov.br\/aplicativo-prefeitura-de-jundiai\/\">APP Jundia\u00ed<\/a>&nbsp;para aplica\u00e7\u00e3o em sistema drive-thru.<\/p>\n\n\n\n<p>O imunizante \u00e9 uma vers\u00e3o atualizada dos j\u00e1 existentes contra a COVID-19 e pode oferecer uma prote\u00e7\u00e3o ainda maior contra a cepa original do coronav\u00edrus e as subvariantes \u00f4micron. Nesta primeira fase, conforme documento t\u00e9cnico do Minist\u00e9rio da Sa\u00fade, os primeiros a serem imunizados ser\u00e3o os idosos acima de 70 anos; pessoas vivendo em Institui\u00e7\u00f5es de Longa Perman\u00eancia (ILPI\u2019s) a partir de 12 anos; e pessoas imunocomprometidas a partir de 12 anos.<br><br>Para tomar a dose bivalente, a pessoa deve ter recebido, no m\u00ednimo, duas doses da vacina monovalente (Janssen, Pfizer, CoronaVac ou Astrazeneca) e ter tomado a \u00faltima dose h\u00e1, pelo menos, quatro meses. O Munic\u00edpio registra em torno de 35.750 pessoas com mais de 70 anos que estariam aptas a receber o novo imunizante.<\/p>\n\n\n<div class=\"wp-block-image\">\n<figure class=\"aligncenter size-large is-resized\"><img loading=\"lazy\" decoding=\"async\" src=\"https:\/\/tvtecjundiai.com.br\/news\/wp-content\/uploads\/sites\/2\/2023\/02\/drive_vacinacao_90_terceira_dose-272-1200x800.jpg\" alt=\"\" class=\"wp-image-105347\" width=\"713\" height=\"475\" srcset=\"https:\/\/tvtecjundiai.com.br\/news\/wp-content\/uploads\/sites\/2\/2023\/02\/drive_vacinacao_90_terceira_dose-272-1200x800.jpg 1200w, https:\/\/tvtecjundiai.com.br\/news\/wp-content\/uploads\/sites\/2\/2023\/02\/drive_vacinacao_90_terceira_dose-272-300x200.jpg 300w, https:\/\/tvtecjundiai.com.br\/news\/wp-content\/uploads\/sites\/2\/2023\/02\/drive_vacinacao_90_terceira_dose-272-768x512.jpg 768w, https:\/\/tvtecjundiai.com.br\/news\/wp-content\/uploads\/sites\/2\/2023\/02\/drive_vacinacao_90_terceira_dose-272.jpg 1280w\" sizes=\"auto, (max-width: 713px) 100vw, 713px\" \/><figcaption class=\"wp-element-caption\">Ter\u00e7a e quarta-feira, a aplica\u00e7\u00e3o para os agendados ser\u00e1 em sistema drive-thru no Parque da Uva<\/figcaption><\/figure>\n<\/div>\n\n\n<p>\u201cReceberemos, a partir da Secretaria de Estado da Sa\u00fade, cerca de 20,7 mil doses. Iniciaremos com a aplica\u00e7\u00e3o em sistema drive-thru. Esse \u00e9 um refor\u00e7o importante principalmente para essa popula\u00e7\u00e3o, que \u00e9 a mais vulner\u00e1vel. Sabemos que apesar da queda no n\u00famero de casos e interna\u00e7\u00f5es, o v\u00edrus ainda circula. A pessoa imunizada, com os refor\u00e7os em dia, tem menos chance de desenvolver as formas mais graves da doen\u00e7a\u201d, destaca a coordenadora da Vigil\u00e2ncia Epidemiol\u00f3gica, enfermeira Maria do Carmo Possidente.<br><br><strong>Aplica\u00e7\u00e3o<\/strong><br>Em sistema drive-thru no Parque da Uva, a aplica\u00e7\u00e3o ocorrer\u00e1 na ter\u00e7a (28) e na quarta-feira (1\u00ba), das 17h \u00e0s 20h30. A entrada ser\u00e1 pelo port\u00e3o 13, localizado na avenida Manoela Lacerda de Vergueiro, s\/n.<br><br>No in\u00edcio da semana, a Prefeitura tamb\u00e9m abrir\u00e1 agendamento para aplica\u00e7\u00e3o no s\u00e1bado (4), das 8h30 \u00e0s 16h, em 11 equipamentos de sa\u00fade: Cl\u00ednica da Fam\u00edlia Hortol\u00e2ndia; Cl\u00ednica da Fam\u00edlia 2; UBS Eloy Chaves, Nova UBS Retiro, UBS Rami, Nova UBS Santa Gertrudes; Nova UBS Agapeama; UBS Col\u00f4nia; UBS Tarum\u00e3; UBS Ivoturucaia; e UBS Morada das Vinhas.<br><br>\u00c0 medida que a cidade receber novos lotes da Pfizer Bivalente ser\u00e1 ampliado tanto o agendamento como a popula\u00e7\u00e3o apta a receber o imunizante.<\/p>\n\n\n\n<p><strong>Outras vacinas<\/strong><br>As demais vacinas contra COVID-19 seguem sendo disponibilizadas sem a necessidade de agendamento. A partir dos 12 anos, a aplica\u00e7\u00e3o ocorre em todas as Unidades B\u00e1sicas de Sa\u00fade, no hor\u00e1rio das salas de vacina\u00e7\u00e3o. J\u00e1 as vacinas Pfizer Baby, para crian\u00e7as de seis meses a 4 anos, e Pfizer Pedi\u00e1trica, para crian\u00e7as de 5 a 11 anos, s\u00e3o aplicadas de acordo com a programa\u00e7\u00e3o dispon\u00edvel no site.&nbsp;<a href=\"https:\/\/jundiai.sp.gov.br\/coronavirus\/calendario-de-vacinacao\/\">CONFIRA<\/a><\/p>\n\n\n\n<p><strong><em>(Fonte\/Imagem: Prefeitura de Jundia\u00ed)<\/em><\/strong><\/p>\n","protected":false},"excerpt":{"rendered":"<p>As demais vacinas contra COVID-19 seguem sendo disponibilizadas sem agendamento<\/p>\n","protected":false},"author":30,"featured_media":105347,"comment_status":"closed","ping_status":"0","sticky":false,"template":"","format":"standard","meta":{"footnotes":""},"categories":[8356,1,2839,8355],"tags":[],"class_list":["post-105345","post","type-post","status-publish","format-standard","has-post-thumbnail","hentry","category-jundiai","category-noticias","category-saude","category-saude-3"],"_links":{"self":[{"href":"https:\/\/tvtecjundiai.com.br\/news\/wp-json\/wp\/v2\/posts\/105345","targetHints":{"allow":["GET"]}}],"collection":[{"href":"https:\/\/tvtecjundiai.com.br\/news\/wp-json\/wp\/v2\/posts"}],"about":[{"href":"https:\/\/tvtecjundiai.com.br\/news\/wp-json\/wp\/v2\/types\/post"}],"author":[{"embeddable":true,"href":"https:\/\/tvtecjundiai.com.br\/news\/wp-json\/wp\/v2\/users\/30"}],"replies":[{"embeddable":true,"href":"https:\/\/tvtecjundiai.com.br\/news\/wp-json\/wp\/v2\/comments?post=105345"}],"version-history":[{"count":2,"href":"https:\/\/tvtecjundiai.com.br\/news\/wp-json\/wp\/v2\/posts\/105345\/revisions"}],"predecessor-version":[{"id":105361,"href":"https:\/\/tvtecjundiai.com.br\/news\/wp-json\/wp\/v2\/posts\/105345\/revisions\/105361"}],"wp:featuredmedia":[{"embeddable":true,"href":"https:\/\/tvtecjundiai.com.br\/news\/wp-json\/wp\/v2\/media\/105347"}],"wp:attachment":[{"href":"https:\/\/tvtecjundiai.com.br\/news\/wp-json\/wp\/v2\/media?parent=105345"}],"wp:term":[{"taxonomy":"category","embeddable":true,"href":"https:\/\/tvtecjundiai.com.br\/news\/wp-json\/wp\/v2\/categories?post=105345"},{"taxonomy":"post_tag","embeddable":true,"href":"https:\/\/tvtecjundiai.com.br\/news\/wp-json\/wp\/v2\/tags?post=105345"}],"curies":[{"name":"wp","href":"https:\/\/api.w.org\/{rel}","templated":true}]}}