{"id":105368,"date":"2023-02-24T11:11:33","date_gmt":"2023-02-24T14:11:33","guid":{"rendered":"https:\/\/tvtecjundiai.com.br\/news\/?p=105368"},"modified":"2023-02-24T11:11:39","modified_gmt":"2023-02-24T14:11:39","slug":"agenda-cultural-confira-a-programacao-da-ultima-semana-de-fevereiro","status":"publish","type":"post","link":"https:\/\/tvtecjundiai.com.br\/news\/2023\/02\/24\/agenda-cultural-confira-a-programacao-da-ultima-semana-de-fevereiro\/","title":{"rendered":"<strong>Agenda Cultural: confira a programa\u00e7\u00e3o da \u00faltima semana de fevereiro<\/strong>"},"content":{"rendered":"\n<p>Ap\u00f3s dias de intensa movimenta\u00e7\u00e3o em diversos pontos da cidade e mesmo nos equipamento culturais com programa\u00e7\u00e3o de Carnaval, as a\u00e7\u00f5es da Unidade de Gest\u00e3o de Cultura (UGC) n\u00e3o param, e no \u00faltimo final de semana de fevereiro tem a\u00e7\u00f5es e atra\u00e7\u00f5es culturais programadas que contemplam diversos p\u00fablicos e com entrada gratuita.<\/p>\n\n\n\n<p>Confira a programa\u00e7\u00e3o de cada equipamento cultural para o final de semana:<\/p>\n\n\n\n<p><strong>F\u00e1brica das Inf\u00e2ncias Japy<\/strong><\/p>\n\n\n\n<p>As atra\u00e7\u00f5es aos finais de semana come\u00e7am sempre \u00e0s 10h30. No s\u00e1bado (25), a atra\u00e7\u00e3o programada \u00e9 a Oficina Abor\u00e9: Pir\u00e2mide de Bambu\u201d sob o comando de Mariana Escher . A Viv\u00eancia Circo Org\u00e2nico faz com que o participante pratique de forma segura a jun\u00e7\u00e3o dos movimentos de circo, dan\u00e7a e movimento natural\/locomo\u00e7\u00e3o animal. Acrobacia coletiva a partir de duas pessoas, mas podem ser feitas em grupo ou individuais.<\/p>\n\n\n\n<p>No domingo (26) Show Musical Infantil \u201c4Banda\u201d com Cena 4 Produ\u00e7\u00f5es \u2013 Show Musical indicado para todas idades. Trata-se de um animado e divertido tour pelo universo musical infantil. Contanto com voz, viol\u00e3o e percuss\u00e3o, os quatro artistas cantam cantigas de roda, cl\u00e1ssicos infantis e outras m\u00fasicas, numa mescla de estilos \u2013 do rock ao samba, e do rap \u00e0 MPB\u2026 tudo isso numa grande brincadeira.<\/p>\n\n\n\n<figure class=\"wp-block-image size-large\"><img loading=\"lazy\" decoding=\"async\" width=\"1200\" height=\"800\" src=\"https:\/\/tvtecjundiai.com.br\/news\/wp-content\/uploads\/sites\/2\/2023\/02\/piramidebambu2-1-2-1200x800.jpg\" alt=\"\" class=\"wp-image-105369\" srcset=\"https:\/\/tvtecjundiai.com.br\/news\/wp-content\/uploads\/sites\/2\/2023\/02\/piramidebambu2-1-2-1200x800.jpg 1200w, https:\/\/tvtecjundiai.com.br\/news\/wp-content\/uploads\/sites\/2\/2023\/02\/piramidebambu2-1-2-300x200.jpg 300w, https:\/\/tvtecjundiai.com.br\/news\/wp-content\/uploads\/sites\/2\/2023\/02\/piramidebambu2-1-2-768x512.jpg 768w, https:\/\/tvtecjundiai.com.br\/news\/wp-content\/uploads\/sites\/2\/2023\/02\/piramidebambu2-1-2.jpg 1280w\" sizes=\"auto, (max-width: 1200px) 100vw, 1200px\" \/><figcaption class=\"wp-element-caption\">Pir\u00e2mide de Bambu vai movimentar a F\u00e1brica das Inf\u00e2ncias Japy<\/figcaption><\/figure>\n\n\n\n<p>A programa\u00e7\u00e3o gratuita voltada para o p\u00fablico infantojuvenil integra o programa municipal Cidade das Crian\u00e7as e pode ser apreciada por todas as fam\u00edlias.<\/p>\n\n\n\n<p>A F\u00e1brica Japy est\u00e1 localizada na rua Lacerda Franco, 175, Vila Arens. Mais informa\u00e7\u00f5es 4521-0971 Hor\u00e1rio de funcionamento no s\u00e1bado e domingo \u00e9 das 9h \u00e0s 13h.<\/p>\n\n\n\n<p><strong>Biblioteca Nelson Foot (BNF)<\/strong><\/p>\n\n\n\n<p>A Biblioteca aos s\u00e1bados est\u00e1 com novo hor\u00e1rio de funcionamento: das 10h \u00e0s 17h, para assim atender a um maior p\u00fablico de Jundia\u00ed e regi\u00e3o. Al\u00e9m dos servi\u00e7os dispon\u00edveis nas suas sess\u00f5es e espa\u00e7os, o p\u00fablico ainda poder\u00e1 visitar duas exposi\u00e7\u00f5es que re\u00fane duas paix\u00f5es dos brasileiros: Carnaval, com a mostra \u201cFantasia, o Luxo do Samba\u201d e Carros Antigos, \u201cTempos Dourados: 50 anos fazendo artes\u201d, do artista pl\u00e1stico bragantino, Moraes.<\/p>\n\n\n\n<p>Para a garotada a programa\u00e7\u00e3o est\u00e1 voltada essa semana, para o per\u00edodo da tarde: a partir das 15h tem conta\u00e7\u00e3o de hist\u00f3ria com os atores da Cia. Rick &amp; Kelly \u2013 Espet\u00e1culo Chapeuzinho Vermelho Ecol\u00f3gico<\/p>\n\n\n\n<figure class=\"wp-block-image size-full\"><img loading=\"lazy\" decoding=\"async\" width=\"800\" height=\"518\" src=\"https:\/\/tvtecjundiai.com.br\/news\/wp-content\/uploads\/sites\/2\/2023\/02\/chapeuzinho-vermelho-jundiai-jpg6_.jpg\" alt=\"\" class=\"wp-image-105370\" srcset=\"https:\/\/tvtecjundiai.com.br\/news\/wp-content\/uploads\/sites\/2\/2023\/02\/chapeuzinho-vermelho-jundiai-jpg6_.jpg 800w, https:\/\/tvtecjundiai.com.br\/news\/wp-content\/uploads\/sites\/2\/2023\/02\/chapeuzinho-vermelho-jundiai-jpg6_-300x194.jpg 300w, https:\/\/tvtecjundiai.com.br\/news\/wp-content\/uploads\/sites\/2\/2023\/02\/chapeuzinho-vermelho-jundiai-jpg6_-768x497.jpg 768w\" sizes=\"auto, (max-width: 800px) 100vw, 800px\" \/><figcaption class=\"wp-element-caption\">Na Biblioteca tem conta\u00e7\u00e3o de hist\u00f3ria \u201cChapeuzinho Vermelho Ecol\u00f3gico\u201d<\/figcaption><\/figure>\n\n\n\n<p>O t\u00e3o conhecido, e talvez o mais interpretado conto dos Irm\u00e3os Grimm, volta aos palcos com uma vers\u00e3o ecol\u00f3gica. O espet\u00e1culo procura mostrar o perigo das m\u00e1s companhias, o valor dos conselhos dos mais velhos e a vantagem de confiar sempre desconfiando. \u00c9 uma montagem engra\u00e7ada, descontra\u00edda, sem viol\u00eancia, ou cara feia que possa assustar os mais t\u00edmidos. O espet\u00e1culo enfoca o tema da ecologia, a fauna e a flor. Chapeuzinho Vermelho, protagonista da hist\u00f3ria, \u00e9 esperta e muito inteligente, sua Vov\u00f3 aparentemente ing\u00eanua o lobo n\u00e3o \u00e9 sacrificado e sim levado para o Zool\u00f3gico, tornando o espet\u00e1culo ecologicamente correto.<\/p>\n\n\n\n<p>A Biblioteca fica na avenida Dr. Cavalcanti, 396 \u2013 Complexo Argos. Mais informa\u00e7\u00f5es pelo telefone 4527-2110.<\/p>\n\n\n\n<p><a href=\"https:\/\/cultura.jundiai.sp.gov.br\/espacos-culturais\/teatropolytheama\/\"><strong>Teatro Polytheama<\/strong><\/a><\/p>\n\n\n\n<p>No palco do Polytheama neste final de semana, o destaque fica para o espet\u00e1culo de teatro infantil, no domingo (26), a partir das 16h, com os atores da Cia. dos Tr\u00eas, com \u201cChapeuzinho Vermelho e o Lobo Mau Amarelo\u201d. Classifica\u00e7\u00e3o indicativa para crian\u00e7as a partir de dois anos. Ingressos para plateia e frisas a 60 reais<\/p>\n\n\n\n<p><a href=\"https:\/\/www.sympla.com.br\/eventos?s=polytheama&amp;tab=eventos&amp;ordem=date\" target=\"_blank\" rel=\"noreferrer noopener\"><strong>A bilheteria on-line do Teatro \u00e9 pela plataforma Sympla<\/strong><\/a>. J\u00e1 a bilheteria f\u00edsica funciona de ter\u00e7a a sexta-feira, das 10h \u00e0s 20h. Aos s\u00e1bados, domingos e feriados, a bilheteria funciona somente se houver espet\u00e1culo programado. Das 10h \u00e0s 17h ficam dispon\u00edveis os ingressos da agenda cultural em geral. J\u00e1 a partir desse hor\u00e1rio, ficam dispon\u00edveis somente os ingressos do espet\u00e1culo programado para o dia. O Teatro Polytheama est\u00e1 localizado na rua Bar\u00e3o de Jundia\u00ed, 176, Centro. Mais informa\u00e7\u00f5es no 4586-2472.<\/p>\n\n\n\n<p><a href=\"https:\/\/cultura.jundiai.sp.gov.br\/espacos-culturais\/museu-historico-e-cultural-de-jundiai\/\"><strong>Museu Hist\u00f3rico e Cultural de Jundia\u00ed<\/strong><\/a><\/p>\n\n\n\n<figure class=\"wp-block-image size-large\"><img loading=\"lazy\" decoding=\"async\" width=\"1200\" height=\"800\" src=\"https:\/\/tvtecjundiai.com.br\/news\/wp-content\/uploads\/sites\/2\/2023\/02\/solar_do_barao_exposicao_jundiai-130-1-2-1280x853-1-1200x800.jpg\" alt=\"\" class=\"wp-image-105371\" srcset=\"https:\/\/tvtecjundiai.com.br\/news\/wp-content\/uploads\/sites\/2\/2023\/02\/solar_do_barao_exposicao_jundiai-130-1-2-1280x853-1-1200x800.jpg 1200w, https:\/\/tvtecjundiai.com.br\/news\/wp-content\/uploads\/sites\/2\/2023\/02\/solar_do_barao_exposicao_jundiai-130-1-2-1280x853-1-300x200.jpg 300w, https:\/\/tvtecjundiai.com.br\/news\/wp-content\/uploads\/sites\/2\/2023\/02\/solar_do_barao_exposicao_jundiai-130-1-2-1280x853-1-768x512.jpg 768w, https:\/\/tvtecjundiai.com.br\/news\/wp-content\/uploads\/sites\/2\/2023\/02\/solar_do_barao_exposicao_jundiai-130-1-2-1280x853-1.jpg 1280w\" sizes=\"auto, (max-width: 1200px) 100vw, 1200px\" \/><figcaption class=\"wp-element-caption\">Solar do Bar\u00e3o: Sempre uma boa op\u00e7\u00e3o de lazer, entretenimento e cultura<\/figcaption><\/figure>\n\n\n\n<p>O Museu Hist\u00f3rico e Cultural \u2013 Solar do Bar\u00e3o, bem como seu jardim, s\u00e3o uma excelente op\u00e7\u00e3o de lazer e cultura. A exposi\u00e7\u00e3o \u201cPatrim\u00f4nios Culturais de Jundia\u00ed\u201d \u00e9 o destaque no local. Com entrada gratuita, a exposi\u00e7\u00e3o \u00e9 uma viagem pelas salas, por acervos que constroem m\u00faltiplas, por\u00e9m nem sempre percept\u00edveis, identidades culturais de Jundia\u00ed, rendendo uma homenagem a lugares e personalidades relevantes da Hist\u00f3ria da cidade.<\/p>\n\n\n\n<p>O Solar do Bar\u00e3o est\u00e1 localizado na rua Bar\u00e3o de Jundia\u00ed, 762, Centro. Aberto na sexta, s\u00e1bado e domingo, das 10h \u00e0s 17h. Mais informa\u00e7\u00f5es 4521-6259.<\/p>\n\n\n\n<p><strong>Museu Ferrovi\u00e1rio<\/strong><\/p>\n\n\n\n<p>No local o visitante poder\u00e1 conferir a exposi\u00e7\u00e3o: \u201cFerrovias\u2026 muito al\u00e9m dos trilhos\u201d, que, dividida em duas salas, \u00e9 uma homenagem \u00e0s contribui\u00e7\u00f5es da ferrovia e dos ferrovi\u00e1rios, tanto no mundo, como no Brasil e em Jundia\u00ed.<\/p>\n\n\n\n<p>Por meio de documentos, fotos, r\u00e9plicas e pain\u00e9is interativos, a exposi\u00e7\u00e3o visa narrar n\u00e3o s\u00f3 a import\u00e2ncia da ferrovia para o desenvolvimento local e mundial, como tamb\u00e9m a import\u00e2ncia de seus trabalhadores e trabalhadoras.<\/p>\n\n\n\n<p>O Museu Ferrovi\u00e1rio est\u00e1 localizado na avenida Uni\u00e3o dos Ferrovi\u00e1rios, 1.760 \u2013 Espa\u00e7o Expressa (antigo Complexo Fepasa). Aberto de ter\u00e7a-feira a domingo, (inclusive nos feriados) das 10h \u00e0s 17h. Entrada gratuita. Mais informa\u00e7\u00f5es: 4589-6800<\/p>\n\n\n\n<p><a href=\"https:\/\/cultura.jundiai.sp.gov.br\/espacos-culturais\/centro-jundiaiense-de-cultura-jorosil\/pinacoteca-diogenes-duarte-paes\/\"><strong>Pinacoteca Municipal Di\u00f3genes Duarte Paes<\/strong><\/a><\/p>\n\n\n\n<p>Com entrada gratuita o p\u00fablico poder\u00e1 visitar a exposi\u00e7\u00e3o e videoinstala\u00e7\u00e3o, \u201c Bras\u00edlia, substantivo feminino\u201d,\u00a0 da artista Julia Coimbra Martin, que\u00a0 vive e trabalha entre Jundia\u00ed e S\u00e3o Paulo.<\/p>\n\n\n\n<figure class=\"wp-block-image size-large\"><img loading=\"lazy\" decoding=\"async\" width=\"1200\" height=\"761\" src=\"https:\/\/tvtecjundiai.com.br\/news\/wp-content\/uploads\/sites\/2\/2023\/02\/pinacoteca-4-1200x761.jpg\" alt=\"\" class=\"wp-image-105372\" srcset=\"https:\/\/tvtecjundiai.com.br\/news\/wp-content\/uploads\/sites\/2\/2023\/02\/pinacoteca-4-1200x761.jpg 1200w, https:\/\/tvtecjundiai.com.br\/news\/wp-content\/uploads\/sites\/2\/2023\/02\/pinacoteca-4-300x190.jpg 300w, https:\/\/tvtecjundiai.com.br\/news\/wp-content\/uploads\/sites\/2\/2023\/02\/pinacoteca-4-768x487.jpg 768w, https:\/\/tvtecjundiai.com.br\/news\/wp-content\/uploads\/sites\/2\/2023\/02\/pinacoteca-4.jpg 1260w\" sizes=\"auto, (max-width: 1200px) 100vw, 1200px\" \/><figcaption class=\"wp-element-caption\">A Pinacoteca abriga um acervo com obras de grandes artistas<\/figcaption><\/figure>\n\n\n\n<p>Graduada em Artes Visuais no Col\u00e9gio Divino Salvador (CDS) e Bacharel em Arquitetura e Urbanismo pela Universidade Anhembi Morumbi (UAM). Atualmente cursa p\u00f3s-gradua\u00e7\u00e3o na Pontif\u00edcia Universidade Cat\u00f3lica de S\u00e3o Paulo (PUC-SP) em especializa\u00e7\u00e3o em Arte: Cr\u00edtica e Curadoria. Sua linha de pesquisa transita entre arquitetura, sociologia, antropologia e imag\u00e9tica. Ela trabalhou com cenografia e design gr\u00e1fico para institui\u00e7\u00f5es educacionais e atualmente desenvolve e executa projetos arquitet\u00f4nicos residenciais e comerciais. Al\u00e9m disso, ela colabora com dire\u00e7\u00e3o art\u00edstica e produ\u00e7\u00e3o para projetos de cinema e publicidade. A mostra pode ser visitada at\u00e9 dia 12 de mar\u00e7o.<\/p>\n\n\n\n<p>Outra possibilidade ser\u00e1 a de conferir as exposi\u00e7\u00f5es montadas com as obras da reserva t\u00e9cnica da Pinacoteca, como as obras de&nbsp;Di\u00f3genes Duarte Paes, \u00c9lvio Santiago e&nbsp;Inos Corradin.<\/p>\n\n\n\n<p>A Pinacoteca est\u00e1 localizada na rua Bar\u00e3o de Jundia\u00ed, 109, Centro e est\u00e1 aberta para visita\u00e7\u00e3o de ter\u00e7a-feira a domingo das 10h \u00e0s 17h, inclusive nos feriados. Mais informa\u00e7\u00f5es 4568-2326.<\/p>\n\n\n\n<p><strong><em>(Fonte\/Imagem: Prefeitura de Jundia\u00ed)<\/em><\/strong><\/p>\n","protected":false},"excerpt":{"rendered":"<p>No \u00faltimo final de semana de fevereiro tem a\u00e7\u00f5es e atra\u00e7\u00f5es que contemplam diversos p\u00fablicos<\/p>\n","protected":false},"author":30,"featured_media":105370,"comment_status":"closed","ping_status":"0","sticky":false,"template":"","format":"standard","meta":{"footnotes":""},"categories":[2833,8356,8354,1,2825,2824],"tags":[],"class_list":["post-105368","post","type-post","status-publish","format-standard","has-post-thumbnail","hentry","category-cultura","category-jundiai","category-lazer","category-noticias","category-turismo","category-variedades"],"_links":{"self":[{"href":"https:\/\/tvtecjundiai.com.br\/news\/wp-json\/wp\/v2\/posts\/105368","targetHints":{"allow":["GET"]}}],"collection":[{"href":"https:\/\/tvtecjundiai.com.br\/news\/wp-json\/wp\/v2\/posts"}],"about":[{"href":"https:\/\/tvtecjundiai.com.br\/news\/wp-json\/wp\/v2\/types\/post"}],"author":[{"embeddable":true,"href":"https:\/\/tvtecjundiai.com.br\/news\/wp-json\/wp\/v2\/users\/30"}],"replies":[{"embeddable":true,"href":"https:\/\/tvtecjundiai.com.br\/news\/wp-json\/wp\/v2\/comments?post=105368"}],"version-history":[{"count":1,"href":"https:\/\/tvtecjundiai.com.br\/news\/wp-json\/wp\/v2\/posts\/105368\/revisions"}],"predecessor-version":[{"id":105377,"href":"https:\/\/tvtecjundiai.com.br\/news\/wp-json\/wp\/v2\/posts\/105368\/revisions\/105377"}],"wp:featuredmedia":[{"embeddable":true,"href":"https:\/\/tvtecjundiai.com.br\/news\/wp-json\/wp\/v2\/media\/105370"}],"wp:attachment":[{"href":"https:\/\/tvtecjundiai.com.br\/news\/wp-json\/wp\/v2\/media?parent=105368"}],"wp:term":[{"taxonomy":"category","embeddable":true,"href":"https:\/\/tvtecjundiai.com.br\/news\/wp-json\/wp\/v2\/categories?post=105368"},{"taxonomy":"post_tag","embeddable":true,"href":"https:\/\/tvtecjundiai.com.br\/news\/wp-json\/wp\/v2\/tags?post=105368"}],"curies":[{"name":"wp","href":"https:\/\/api.w.org\/{rel}","templated":true}]}}