{"id":10537,"date":"2018-05-17T14:52:48","date_gmt":"2018-05-17T17:52:48","guid":{"rendered":"https:\/\/tvtecjundiai.com.br\/news\/?p=10537"},"modified":"2018-05-17T16:37:32","modified_gmt":"2018-05-17T19:37:32","slug":"seletiva-de-skate-no-sororoca-e-cancelada","status":"publish","type":"post","link":"https:\/\/tvtecjundiai.com.br\/news\/2018\/05\/17\/seletiva-de-skate-no-sororoca-e-cancelada\/","title":{"rendered":"Seletiva de skate no Sororoca \u00e9 cancelada"},"content":{"rendered":"<div id=\"attachment_10552\" style=\"width: 360px\" class=\"wp-caption alignright\"><a href=\"https:\/\/tvtecjundiai.com.br\/news\/wp-content\/uploads\/sites\/2\/2018\/05\/sororoca_novo-11.jpg\"><img loading=\"lazy\" decoding=\"async\" aria-describedby=\"caption-attachment-10552\" class=\"wp-image-10552\" src=\"https:\/\/tvtecjundiai.com.br\/news\/wp-content\/uploads\/sites\/2\/2018\/05\/sororoca_novo-11-300x200.jpg\" alt=\"\" width=\"350\" height=\"233\" srcset=\"https:\/\/tvtecjundiai.com.br\/news\/wp-content\/uploads\/sites\/2\/2018\/05\/sororoca_novo-11-300x200.jpg 300w, https:\/\/tvtecjundiai.com.br\/news\/wp-content\/uploads\/sites\/2\/2018\/05\/sororoca_novo-11-768x512.jpg 768w, https:\/\/tvtecjundiai.com.br\/news\/wp-content\/uploads\/sites\/2\/2018\/05\/sororoca_novo-11-1200x800.jpg 1200w, https:\/\/tvtecjundiai.com.br\/news\/wp-content\/uploads\/sites\/2\/2018\/05\/sororoca_novo-11.jpg 1280w\" sizes=\"auto, (max-width: 350px) 100vw, 350px\" \/><\/a><p id=\"caption-attachment-10552\" class=\"wp-caption-text\">O ato de vandalismo prejudicou n\u00e3o somente um \u00fanico evento, como toda a popula\u00e7\u00e3o usu\u00e1ria do espa\u00e7o<\/p><\/div>\n<p>A Seletiva de Skate organizada pela Unidade de Gest\u00e3o de Esporte e Lazer (UGEL) que estava agendada para o pr\u00f3ximo domingo (20), foi cancelada por conta de atos de vandalismos na estrutura do Centro Educacional, Cultural e Esportivo (CECE) Jos\u00e9 Brenna. O cabeamento el\u00e9trico e at\u00e9 a caixa de entrada de energia foram furtados.\u00a0 Al\u00e9m do adiamento tempor\u00e1rio da seletiva, o atendimento ao p\u00fablico em geral tamb\u00e9m foi comprometido, j\u00e1 que o local reduziu o hor\u00e1rio de funcionamento, passando a funcionar das 7h \u00e0s 17h.<\/p>\n<p>De acordo com a assessora especial de projetos esportivos, Elaine Sivi Machado, para solucionar o problema ser\u00e1 necess\u00e1rio fazer a compra do material. &#8220;Teremos de aguardar a aquisi\u00e7\u00e3o do material, que pela complexidade, n\u00e3o fica dispon\u00edvel no estoque da Prefeitura, para solicitar a nova liga\u00e7\u00e3o el\u00e9trica \u00e0 CPFL. Somente ap\u00f3s esse processo \u00e9 que poderemos reagendar a seletiva&#8221;, comenta.<\/p>\n<p>O ato de vandalismo prejudicou n\u00e3o somente um \u00fanico evento, como toda a popula\u00e7\u00e3o usu\u00e1ria do espa\u00e7o.\u00a0 &#8220;Al\u00e9m de furtarem, ainda danificaram a estrutura. A popula\u00e7\u00e3o pode colaborar com a Guarda Municipal, pelo telefone 153, denunciando atitudes suspeitas no entorno do Centro Esportivo&#8221;, comenta.<\/p>\n<p><em>Fonte: Prefeitura de Jundia\u00ed<\/em><\/p>\n","protected":false},"excerpt":{"rendered":"<p>Atos de vandalismos na estrutura do CECE motivaram cancelamento<\/p>\n","protected":false},"author":10,"featured_media":10552,"comment_status":"closed","ping_status":"closed","sticky":false,"template":"","format":"standard","meta":{"footnotes":""},"categories":[2834],"tags":[5,120,121,15],"class_list":["post-10537","post","type-post","status-publish","format-standard","has-post-thumbnail","hentry","category-cidades","tag-jundiai","tag-skate","tag-sororoca","tag-tvtec"],"_links":{"self":[{"href":"https:\/\/tvtecjundiai.com.br\/news\/wp-json\/wp\/v2\/posts\/10537","targetHints":{"allow":["GET"]}}],"collection":[{"href":"https:\/\/tvtecjundiai.com.br\/news\/wp-json\/wp\/v2\/posts"}],"about":[{"href":"https:\/\/tvtecjundiai.com.br\/news\/wp-json\/wp\/v2\/types\/post"}],"author":[{"embeddable":true,"href":"https:\/\/tvtecjundiai.com.br\/news\/wp-json\/wp\/v2\/users\/10"}],"replies":[{"embeddable":true,"href":"https:\/\/tvtecjundiai.com.br\/news\/wp-json\/wp\/v2\/comments?post=10537"}],"version-history":[{"count":4,"href":"https:\/\/tvtecjundiai.com.br\/news\/wp-json\/wp\/v2\/posts\/10537\/revisions"}],"predecessor-version":[{"id":10553,"href":"https:\/\/tvtecjundiai.com.br\/news\/wp-json\/wp\/v2\/posts\/10537\/revisions\/10553"}],"wp:featuredmedia":[{"embeddable":true,"href":"https:\/\/tvtecjundiai.com.br\/news\/wp-json\/wp\/v2\/media\/10552"}],"wp:attachment":[{"href":"https:\/\/tvtecjundiai.com.br\/news\/wp-json\/wp\/v2\/media?parent=10537"}],"wp:term":[{"taxonomy":"category","embeddable":true,"href":"https:\/\/tvtecjundiai.com.br\/news\/wp-json\/wp\/v2\/categories?post=10537"},{"taxonomy":"post_tag","embeddable":true,"href":"https:\/\/tvtecjundiai.com.br\/news\/wp-json\/wp\/v2\/tags?post=10537"}],"curies":[{"name":"wp","href":"https:\/\/api.w.org\/{rel}","templated":true}]}}