{"id":105373,"date":"2023-02-24T11:09:56","date_gmt":"2023-02-24T14:09:56","guid":{"rendered":"https:\/\/tvtecjundiai.com.br\/news\/?p=105373"},"modified":"2023-02-24T11:09:57","modified_gmt":"2023-02-24T14:09:57","slug":"sabado-25-e-dia-de-campanha-de-multivacinacao-em-jundiai","status":"publish","type":"post","link":"https:\/\/tvtecjundiai.com.br\/news\/2023\/02\/24\/sabado-25-e-dia-de-campanha-de-multivacinacao-em-jundiai\/","title":{"rendered":"S\u00e1bado (25) \u00e9 dia de campanha de multivacina\u00e7\u00e3o em Jundia\u00ed"},"content":{"rendered":"\n<p>Jundia\u00ed prossegue neste s\u00e1bado (25) com a campanha de multivacina\u00e7\u00e3o no Espa\u00e7o Jundia\u00ed Empreendedora, localizado no Maxi Shopping (Piso G3). O atendimento ser\u00e1 das 11h \u00e0s 17h.<\/p>\n\n\n\n<p>Ser\u00e3o disponibilizadas todas as doses contra a COVID-19 para pessoas com 12 anos ou mais; a D1, D2 e D3 da Pfizer Baby para crian\u00e7as de seis meses a 4 anos; a primeira, a segunda dose e a dose de refor\u00e7o da Pfizer Pedi\u00e1trica para crian\u00e7as de 5 a 11 anos; a segunda dose da vacina Coronavac para pessoas com 3 anos ou mais; a segunda dose da vacina contra Influenza para crian\u00e7as; e todas as vacinas previstas no Calend\u00e1rio Nacional de Imuniza\u00e7\u00e3o do Minist\u00e9rio da Sa\u00fade para crian\u00e7as, adolescentes e adultos.<\/p>\n\n\n\n<p>No local tamb\u00e9m haver\u00e1 a aplica\u00e7\u00e3o da vacina antirr\u00e1bica humana destinada aos veterin\u00e1rios, t\u00e9cnicos e auxiliares de veterin\u00e1ria, al\u00e9m de alunos de veterin\u00e1ria tendo aulas pr\u00e1ticas em que h\u00e1 contato com animais ou aulas de necr\u00f3psia e estagiando na \u00e1rea.<\/p>\n\n\n<div class=\"wp-block-image\">\n<figure class=\"aligncenter size-large is-resized\"><img loading=\"lazy\" decoding=\"async\" src=\"https:\/\/tvtecjundiai.com.br\/news\/wp-content\/uploads\/sites\/2\/2023\/02\/multivacinacao-jundiai-empreendedora-2-1280x854-1-1-1200x801.jpg\" alt=\"\" class=\"wp-image-105374\" width=\"736\" height=\"491\" srcset=\"https:\/\/tvtecjundiai.com.br\/news\/wp-content\/uploads\/sites\/2\/2023\/02\/multivacinacao-jundiai-empreendedora-2-1280x854-1-1-1200x801.jpg 1200w, https:\/\/tvtecjundiai.com.br\/news\/wp-content\/uploads\/sites\/2\/2023\/02\/multivacinacao-jundiai-empreendedora-2-1280x854-1-1-300x200.jpg 300w, https:\/\/tvtecjundiai.com.br\/news\/wp-content\/uploads\/sites\/2\/2023\/02\/multivacinacao-jundiai-empreendedora-2-1280x854-1-1-768x512.jpg 768w, https:\/\/tvtecjundiai.com.br\/news\/wp-content\/uploads\/sites\/2\/2023\/02\/multivacinacao-jundiai-empreendedora-2-1280x854-1-1.jpg 1280w\" sizes=\"auto, (max-width: 736px) 100vw, 736px\" \/><figcaption class=\"wp-element-caption\">Crian\u00e7as, adolescentes e adultos podem aproveitar para atualizar a carteira de vacina\u00e7\u00e3o<\/figcaption><\/figure>\n<\/div>\n\n\n<p><\/p>\n\n\n\n<p>\u00c9 necess\u00e1rio apresentar um documento de identidade e a caderneta de vacina\u00e7\u00e3o. No caso da vacina contra COVID-19, quem n\u00e3o estiver com o comprovante, pode informar no momento e ser\u00e1 emitido outro imediatamente. No caso da vacina antirr\u00e1bica humana, \u00e9 solicitada a apresenta\u00e7\u00e3o de documentos comprobat\u00f3rios da profiss\u00e3o, aula pr\u00e1tica ou est\u00e1gio.<\/p>\n\n\n\n<p>A Unidade de Gest\u00e3o de Promo\u00e7\u00e3o da Sa\u00fade (UGPS) aguarda a entrega pela Secretaria Estadual de Sa\u00fade de novos lotes de doses de vacinas Coronavac para retomar a aplica\u00e7\u00e3o em primeira dose.<\/p>\n\n\n\n<p><em><strong>(Fonte\/Imagem: Prefeitura de Jundia\u00ed)<\/strong><\/em><\/p>\n","protected":false},"excerpt":{"rendered":"<p>O atendimento ser\u00e1 no Espa\u00e7o Jundia\u00ed Empreendedora, das 11h \u00e0s 17h<\/p>\n","protected":false},"author":30,"featured_media":105374,"comment_status":"closed","ping_status":"0","sticky":false,"template":"","format":"standard","meta":{"footnotes":""},"categories":[8356,2839,8355],"tags":[],"class_list":["post-105373","post","type-post","status-publish","format-standard","has-post-thumbnail","hentry","category-jundiai","category-saude","category-saude-3"],"_links":{"self":[{"href":"https:\/\/tvtecjundiai.com.br\/news\/wp-json\/wp\/v2\/posts\/105373","targetHints":{"allow":["GET"]}}],"collection":[{"href":"https:\/\/tvtecjundiai.com.br\/news\/wp-json\/wp\/v2\/posts"}],"about":[{"href":"https:\/\/tvtecjundiai.com.br\/news\/wp-json\/wp\/v2\/types\/post"}],"author":[{"embeddable":true,"href":"https:\/\/tvtecjundiai.com.br\/news\/wp-json\/wp\/v2\/users\/30"}],"replies":[{"embeddable":true,"href":"https:\/\/tvtecjundiai.com.br\/news\/wp-json\/wp\/v2\/comments?post=105373"}],"version-history":[{"count":1,"href":"https:\/\/tvtecjundiai.com.br\/news\/wp-json\/wp\/v2\/posts\/105373\/revisions"}],"predecessor-version":[{"id":105375,"href":"https:\/\/tvtecjundiai.com.br\/news\/wp-json\/wp\/v2\/posts\/105373\/revisions\/105375"}],"wp:featuredmedia":[{"embeddable":true,"href":"https:\/\/tvtecjundiai.com.br\/news\/wp-json\/wp\/v2\/media\/105374"}],"wp:attachment":[{"href":"https:\/\/tvtecjundiai.com.br\/news\/wp-json\/wp\/v2\/media?parent=105373"}],"wp:term":[{"taxonomy":"category","embeddable":true,"href":"https:\/\/tvtecjundiai.com.br\/news\/wp-json\/wp\/v2\/categories?post=105373"},{"taxonomy":"post_tag","embeddable":true,"href":"https:\/\/tvtecjundiai.com.br\/news\/wp-json\/wp\/v2\/tags?post=105373"}],"curies":[{"name":"wp","href":"https:\/\/api.w.org\/{rel}","templated":true}]}}