{"id":105378,"date":"2023-02-24T11:52:08","date_gmt":"2023-02-24T14:52:08","guid":{"rendered":"https:\/\/tvtecjundiai.com.br\/news\/?p=105378"},"modified":"2023-02-24T11:52:08","modified_gmt":"2023-02-24T14:52:08","slug":"tv-cultura-exibe-especial-do-castelo-ra-tim-bum-neste-sabado-25","status":"publish","type":"post","link":"https:\/\/tvtecjundiai.com.br\/news\/2023\/02\/24\/tv-cultura-exibe-especial-do-castelo-ra-tim-bum-neste-sabado-25\/","title":{"rendered":"TV Cultura exibe especial do &#8216;Castelo R\u00e1-Tim-Bum&#8217; neste s\u00e1bado (25)"},"content":{"rendered":"\n<p>&#8220;Bum-bum-bum, Castelo R\u00e1-Tim-Bum&#8221; vai voltar a tocar na sua televis\u00e3o! A TV Cultura organizou um reencontro especial com os principais atores da s\u00e9rie infantojuvenil que marcou os anos 90 para este s\u00e1bado (25), a partir das 22h (hor\u00e1rio de Bras\u00edlia).<\/p>\n\n\n\n<p>Nomes como Cassio Scapin (Nino), Rosi Campos (Morgana), Freddy Allan (Zequinha), Cinthya Rachel (Biba), Pascoal da Concei\u00e7\u00e3o (Doutor Abobrinha), Angela Dip (rep\u00f3rter Pen\u00e9lope), Patr\u00edcia Gaspar (Caipora), Fabiana Prado (fada Lana), e \u00c1lvaro Petersen Jr. (Celeste e Godofredo) contar\u00e3o hist\u00f3rias do que viveram na s\u00e9rie, como a vida mudou ap\u00f3s o trabalho e ainda receber\u00e3o uma surpresa.<\/p>\n\n\n\n<p>A a\u00e7\u00e3o com os artistas \u00e9 o in\u00edcio de uma grande homenagem especial que o canal paulista planeja para celebrar os 30 anos que o Castelo R\u00e1-Tim-Bum completar\u00e1 em 2024. <\/p>\n\n\n<div class=\"wp-block-image\">\n<figure class=\"aligncenter size-full is-resized\"><img loading=\"lazy\" decoding=\"async\" src=\"https:\/\/tvtecjundiai.com.br\/news\/wp-content\/uploads\/sites\/2\/2023\/02\/tv-cultura-promove-reencontro-do-castelo-ra-tim-bum-1677195348976_v2_900x506.jpg\" alt=\"\" class=\"wp-image-105379\" width=\"735\" height=\"413\" srcset=\"https:\/\/tvtecjundiai.com.br\/news\/wp-content\/uploads\/sites\/2\/2023\/02\/tv-cultura-promove-reencontro-do-castelo-ra-tim-bum-1677195348976_v2_900x506.jpg 900w, https:\/\/tvtecjundiai.com.br\/news\/wp-content\/uploads\/sites\/2\/2023\/02\/tv-cultura-promove-reencontro-do-castelo-ra-tim-bum-1677195348976_v2_900x506-300x169.jpg 300w, https:\/\/tvtecjundiai.com.br\/news\/wp-content\/uploads\/sites\/2\/2023\/02\/tv-cultura-promove-reencontro-do-castelo-ra-tim-bum-1677195348976_v2_900x506-768x432.jpg 768w\" sizes=\"auto, (max-width: 735px) 100vw, 735px\" \/><figcaption class=\"wp-element-caption\">Foto: Nadja Kouchi\/TV Cultura<\/figcaption><\/figure>\n<\/div>\n\n\n<p><\/p>\n\n\n\n<p>En\u00e9as Pereira, vice-presidente executivo da TV Cultura e um dos mentores do projeto, explicou a ideia. &#8220;A gente queria muito antes de fazer as homenagens promover um reencontro com todos os atores, ou o m\u00e1ximo dos que pudessem e topassem. A gente fez um especial no estilo do epis\u00f3dio feito em &#8216;Friends&#8217; e &#8216;Harry Potter&#8217;, destacou o dirigente do canal.<\/p>\n\n\n\n<p>O destino conspirou a favor quando a marca de bolachas Oreo procurou o canal para conseguir o licenciamento da s\u00e9rie infantojuvenil. A ideia de grava\u00e7\u00e3o de comercial somente saiu do papel ap\u00f3s acerto para patrocinar o evento especial com os principais artistas da trama.<\/p>\n\n\n\n<p>&#8220;O acordo foi de grande valia para a gente reconstruir cen\u00e1rio, contratar os atores. Tudo isso para trazer todo mundo, o m\u00e1ximo das pessoas. Voc\u00ea sabe que nunca d\u00e1 para trazer todo mundo, mas para trazer a maioria para fazer esse reencontro. Assim que nasceu. Na ideia de uma grande homenagem a toda essa equipe, sabe? Atores, criadores, t\u00e9cnicos que participaram do R\u00e1-Tim-Bum l\u00e1 atr\u00e1s&#8221;, disse En\u00e9as Pereira.<\/p>\n\n\n<div class=\"wp-block-image\">\n<figure class=\"aligncenter size-large is-resized\"><img loading=\"lazy\" decoding=\"async\" src=\"https:\/\/tvtecjundiai.com.br\/news\/wp-content\/uploads\/sites\/2\/2023\/02\/castelo-ra-tim-bum-reencontro_1831-1200x675.jpeg\" alt=\"\" class=\"wp-image-105380\" width=\"752\" height=\"423\" srcset=\"https:\/\/tvtecjundiai.com.br\/news\/wp-content\/uploads\/sites\/2\/2023\/02\/castelo-ra-tim-bum-reencontro_1831-1200x675.jpeg 1200w, https:\/\/tvtecjundiai.com.br\/news\/wp-content\/uploads\/sites\/2\/2023\/02\/castelo-ra-tim-bum-reencontro_1831-300x169.jpeg 300w, https:\/\/tvtecjundiai.com.br\/news\/wp-content\/uploads\/sites\/2\/2023\/02\/castelo-ra-tim-bum-reencontro_1831-768x432.jpeg 768w, https:\/\/tvtecjundiai.com.br\/news\/wp-content\/uploads\/sites\/2\/2023\/02\/castelo-ra-tim-bum-reencontro_1831.jpeg 1280w\" sizes=\"auto, (max-width: 752px) 100vw, 752px\" \/><figcaption class=\"wp-element-caption\">Foto: Nadja Kouchi\/TV Cultura<\/figcaption><\/figure>\n<\/div>\n\n\n<p><\/p>\n\n\n\n<p>O reencontro especial com os principais atores da s\u00e9rie Castelo R\u00e1-Tim-Bum ser\u00e1 exibido neste s\u00e1bado (25), a partir das 22h (hor\u00e1rio de Bras\u00edlia).<\/p>\n\n\n\n<p><strong><em>(Fonte: Uol\/Imagens: Nadja Kouchi\/TV Cultura)<\/em><\/strong><\/p>\n","protected":false},"excerpt":{"rendered":"<p>A a\u00e7\u00e3o com os artistas \u00e9 o in\u00edcio de uma grande homenagem especial<\/p>\n","protected":false},"author":30,"featured_media":105379,"comment_status":"closed","ping_status":"0","sticky":false,"template":"","format":"standard","meta":{"footnotes":""},"categories":[2833,1],"tags":[],"class_list":["post-105378","post","type-post","status-publish","format-standard","has-post-thumbnail","hentry","category-cultura","category-noticias"],"_links":{"self":[{"href":"https:\/\/tvtecjundiai.com.br\/news\/wp-json\/wp\/v2\/posts\/105378","targetHints":{"allow":["GET"]}}],"collection":[{"href":"https:\/\/tvtecjundiai.com.br\/news\/wp-json\/wp\/v2\/posts"}],"about":[{"href":"https:\/\/tvtecjundiai.com.br\/news\/wp-json\/wp\/v2\/types\/post"}],"author":[{"embeddable":true,"href":"https:\/\/tvtecjundiai.com.br\/news\/wp-json\/wp\/v2\/users\/30"}],"replies":[{"embeddable":true,"href":"https:\/\/tvtecjundiai.com.br\/news\/wp-json\/wp\/v2\/comments?post=105378"}],"version-history":[{"count":1,"href":"https:\/\/tvtecjundiai.com.br\/news\/wp-json\/wp\/v2\/posts\/105378\/revisions"}],"predecessor-version":[{"id":105381,"href":"https:\/\/tvtecjundiai.com.br\/news\/wp-json\/wp\/v2\/posts\/105378\/revisions\/105381"}],"wp:featuredmedia":[{"embeddable":true,"href":"https:\/\/tvtecjundiai.com.br\/news\/wp-json\/wp\/v2\/media\/105379"}],"wp:attachment":[{"href":"https:\/\/tvtecjundiai.com.br\/news\/wp-json\/wp\/v2\/media?parent=105378"}],"wp:term":[{"taxonomy":"category","embeddable":true,"href":"https:\/\/tvtecjundiai.com.br\/news\/wp-json\/wp\/v2\/categories?post=105378"},{"taxonomy":"post_tag","embeddable":true,"href":"https:\/\/tvtecjundiai.com.br\/news\/wp-json\/wp\/v2\/tags?post=105378"}],"curies":[{"name":"wp","href":"https:\/\/api.w.org\/{rel}","templated":true}]}}