{"id":105414,"date":"2023-02-25T12:39:08","date_gmt":"2023-02-25T15:39:08","guid":{"rendered":"https:\/\/tvtecjundiai.com.br\/news\/?p=105414"},"modified":"2023-02-25T12:39:12","modified_gmt":"2023-02-25T15:39:12","slug":"prefeitura-de-jundiai-e-tvtec-iniciam-a-2a-edicao-do-galpao-criativo","status":"publish","type":"post","link":"https:\/\/tvtecjundiai.com.br\/news\/2023\/02\/25\/prefeitura-de-jundiai-e-tvtec-iniciam-a-2a-edicao-do-galpao-criativo\/","title":{"rendered":"<strong>Prefeitura de Jundia\u00ed e TVTEC iniciam a 2\u00aa edi\u00e7\u00e3o do Galp\u00e3o Criativo<\/strong>"},"content":{"rendered":"\n<p>A Prefeitura de Jundia\u00ed em parceria com a Funda\u00e7\u00e3o Escola TVTEC inicia neste s\u00e1bado e domingo (25 e 26) mais uma mostra do Galp\u00e3o Criativo. Com o objetivo de reunir criativos e visitantes, o evento re\u00fane profissionais da economia criativa e divulga trabalhos nas \u00e1reas de artesanato, artes e servi\u00e7os. At\u00e9 as 18h \u00e9 poss\u00edvel conhecer este espa\u00e7o que re\u00fane criativos dos mais diferentes segmentos.<\/p>\n\n\n\n<p>Prestigiando o evento, o gestor de Desenvolvimento Econ\u00f4mico, Ci\u00eancia e Tecnologia da Unidade de Gest\u00e3o de Desenvolvimento Econ\u00f4mico, Cristiano Lopes, elogia o sucesso do encontro e ressalta que Jundia\u00ed tem se importado com a qualifica\u00e7\u00e3o dos empreendedores. \u201cSempre \u00e9 bom ver pessoas empreendendo e, este espa\u00e7o, mostra a clareza deste trabalho.\u201d<\/p>\n\n\n\n<figure class=\"wp-block-image size-large\"><img loading=\"lazy\" decoding=\"async\" width=\"1200\" height=\"800\" src=\"https:\/\/tvtecjundiai.com.br\/news\/wp-content\/uploads\/sites\/2\/2023\/02\/2023.02.25_GALPAO_DIA-1-PARTE-1_17-1200x800.jpg\" alt=\"\" class=\"wp-image-105418\" srcset=\"https:\/\/tvtecjundiai.com.br\/news\/wp-content\/uploads\/sites\/2\/2023\/02\/2023.02.25_GALPAO_DIA-1-PARTE-1_17-1200x800.jpg 1200w, https:\/\/tvtecjundiai.com.br\/news\/wp-content\/uploads\/sites\/2\/2023\/02\/2023.02.25_GALPAO_DIA-1-PARTE-1_17-300x200.jpg 300w, https:\/\/tvtecjundiai.com.br\/news\/wp-content\/uploads\/sites\/2\/2023\/02\/2023.02.25_GALPAO_DIA-1-PARTE-1_17-768x512.jpg 768w, https:\/\/tvtecjundiai.com.br\/news\/wp-content\/uploads\/sites\/2\/2023\/02\/2023.02.25_GALPAO_DIA-1-PARTE-1_17.jpg 1280w\" sizes=\"auto, (max-width: 1200px) 100vw, 1200px\" \/><figcaption class=\"wp-element-caption\">Na abertura do Galp\u00e3p Criativo a superintendente M\u00f4nica Gropelo recebe gestor Cristiano Lopes e Graziela Milani de Indaiatuba<\/figcaption><\/figure>\n\n\n\n<p>A superintendente da Funda\u00e7\u00e3o Escola TVTEC Jundia\u00ed, M\u00f4nica Gropelo, refor\u00e7a que a qualifica\u00e7\u00e3o tem sido o diferencial no Galp\u00e3o Criativo. \u201cSomos uma incubadora de ideias e qualificar estes criativos faz toda a diferen\u00e7a. Estou muito satisfeita com este trabalho.\u201d<\/p>\n\n\n\n<p>Durante os dois dias de evento, al\u00e9m das novidades, os participantes tamb\u00e9m ter\u00e3o a chance de conhecer um pouco mais da cultura local, al\u00e9m de promover o empreendedorismo e o desenvolvimento de novas oportunidades de neg\u00f3cios. Para a professora e propriet\u00e1ria da loja AfroAri, que oferece turbantes, acess\u00f3rios e moda afro feminina, Arine Ribeiro, de 35 anos, a segunda edi\u00e7\u00e3o deve atrair um p\u00fablico ainda maior.<\/p>\n\n\n\n<p>\u201cO Galp\u00e3o Criativo \u00e9 uma oportunidade maravilhosa para os empreendedores e como \u00e9 minha primeira vez, est\u00e1 sendo muito gratificante. Espero que consiga vender bastante e que as pessoas conhe\u00e7am o meu trabalho e um pouco da cultura africana\u201d, diz.<\/p>\n\n\n\n<figure class=\"wp-block-image size-large\"><img loading=\"lazy\" decoding=\"async\" width=\"1200\" height=\"800\" src=\"https:\/\/tvtecjundiai.com.br\/news\/wp-content\/uploads\/sites\/2\/2023\/02\/2023.02.25_GALPAO_DIA-1-PARTE-1_3-1200x800.jpg\" alt=\"\" class=\"wp-image-105420\" srcset=\"https:\/\/tvtecjundiai.com.br\/news\/wp-content\/uploads\/sites\/2\/2023\/02\/2023.02.25_GALPAO_DIA-1-PARTE-1_3-1200x800.jpg 1200w, https:\/\/tvtecjundiai.com.br\/news\/wp-content\/uploads\/sites\/2\/2023\/02\/2023.02.25_GALPAO_DIA-1-PARTE-1_3-300x200.jpg 300w, https:\/\/tvtecjundiai.com.br\/news\/wp-content\/uploads\/sites\/2\/2023\/02\/2023.02.25_GALPAO_DIA-1-PARTE-1_3-768x512.jpg 768w, https:\/\/tvtecjundiai.com.br\/news\/wp-content\/uploads\/sites\/2\/2023\/02\/2023.02.25_GALPAO_DIA-1-PARTE-1_3.jpg 1280w\" sizes=\"auto, (max-width: 1200px) 100vw, 1200px\" \/><figcaption class=\"wp-element-caption\">Isabela Lourenzon oferece arte bot\u00e2nica com plantas desidratadas<\/figcaption><\/figure>\n\n\n\n<p>Participando do evento pela segunda vez, a propriet\u00e1ria do Piante Quadros, Isabela Lourenzon, oferece arte bot\u00e2nica com plantas desidratadas. \u201cO evento \u00e9 incr\u00edvel e s\u00f3 quem participa sabe como \u00e9 maravilhosa a energia e a uni\u00e3o das pessoas. Para esses dois dias de evento, as expectativas est\u00e3o altas. Espero vender minhas artes e que as pessoas conhe\u00e7am a beleza das plantas desidratadas\u201d, conta Isabela.<\/p>\n\n\n\n<p>Os visitantes podem encontrar tudo, desde artesanato, joias, quadros, roupas, acess\u00f3rios, alimentos e muito mais. Tamb\u00e9m h\u00e1 uma grande variedade de atividades para as crian\u00e7as, como oficinas de artesanato, jogos e outras atividades para o p\u00fablico em geral.<\/p>\n\n\n\n<p><strong>Mostra \u2018T\u00f4 Dentro\u2019, no Galp\u00e3o Criativo<\/strong><\/p>\n\n\n\n<p>Endere\u00e7o: Avenida Dr. Cavalcanti, 396, Complexo Argos<\/p>\n\n\n\n<p>Data e hor\u00e1rio: s\u00e1bado (25), das 10h \u00e0s 18h e domingo (26) das 10h \u00e0s 17h. Entrada gratuita.<\/p>\n\n\n\n<p>Mais informa\u00e7\u00f5es, acesse o Instagram:&nbsp;<a href=\"https:\/\/www.instagram.com\/galpaocriativojundiai\/\">@galpaocriativojundiai<\/a><\/p>\n","protected":false},"excerpt":{"rendered":"<p>O evento re\u00fane profissionais da economia criativa<\/p>\n","protected":false},"author":30,"featured_media":105417,"comment_status":"closed","ping_status":"0","sticky":false,"template":"","format":"standard","meta":{"footnotes":""},"categories":[29,8408,8356,1],"tags":[],"class_list":["post-105414","post","type-post","status-publish","format-standard","has-post-thumbnail","hentry","category-destaque","category-galpao-criativo","category-jundiai","category-noticias"],"_links":{"self":[{"href":"https:\/\/tvtecjundiai.com.br\/news\/wp-json\/wp\/v2\/posts\/105414","targetHints":{"allow":["GET"]}}],"collection":[{"href":"https:\/\/tvtecjundiai.com.br\/news\/wp-json\/wp\/v2\/posts"}],"about":[{"href":"https:\/\/tvtecjundiai.com.br\/news\/wp-json\/wp\/v2\/types\/post"}],"author":[{"embeddable":true,"href":"https:\/\/tvtecjundiai.com.br\/news\/wp-json\/wp\/v2\/users\/30"}],"replies":[{"embeddable":true,"href":"https:\/\/tvtecjundiai.com.br\/news\/wp-json\/wp\/v2\/comments?post=105414"}],"version-history":[{"count":3,"href":"https:\/\/tvtecjundiai.com.br\/news\/wp-json\/wp\/v2\/posts\/105414\/revisions"}],"predecessor-version":[{"id":105421,"href":"https:\/\/tvtecjundiai.com.br\/news\/wp-json\/wp\/v2\/posts\/105414\/revisions\/105421"}],"wp:featuredmedia":[{"embeddable":true,"href":"https:\/\/tvtecjundiai.com.br\/news\/wp-json\/wp\/v2\/media\/105417"}],"wp:attachment":[{"href":"https:\/\/tvtecjundiai.com.br\/news\/wp-json\/wp\/v2\/media?parent=105414"}],"wp:term":[{"taxonomy":"category","embeddable":true,"href":"https:\/\/tvtecjundiai.com.br\/news\/wp-json\/wp\/v2\/categories?post=105414"},{"taxonomy":"post_tag","embeddable":true,"href":"https:\/\/tvtecjundiai.com.br\/news\/wp-json\/wp\/v2\/tags?post=105414"}],"curies":[{"name":"wp","href":"https:\/\/api.w.org\/{rel}","templated":true}]}}