{"id":105422,"date":"2023-02-25T15:30:27","date_gmt":"2023-02-25T18:30:27","guid":{"rendered":"https:\/\/tvtecjundiai.com.br\/news\/?p=105422"},"modified":"2023-02-26T09:29:04","modified_gmt":"2023-02-26T12:29:04","slug":"impulsionados-pelas-redes-sociais-visitantes-conhecem-o-galpao-criativo","status":"publish","type":"post","link":"https:\/\/tvtecjundiai.com.br\/news\/2023\/02\/25\/impulsionados-pelas-redes-sociais-visitantes-conhecem-o-galpao-criativo\/","title":{"rendered":"Impulsionados pelas redes sociais visitantes conhecem Galp\u00e3o Criativo"},"content":{"rendered":"\n<p>Os visitantes que estiveram neste s\u00e1bado (26) no Galp\u00e3o Criativo, projeto da Prefeitura de Jundia\u00ed e da Funda\u00e7\u00e3o Escola TVTEC, foram atra\u00eddos pelas redes sociais. O evento acontece at\u00e9 as 18h e conta com expositores das \u00e1reas de artesanato, servi\u00e7os e alimenta\u00e7\u00e3o.<\/p>\n\n\n\n<p>Com grande diversidade de produtos, os visitantes tiveram a oportunidade de conhecer o trabalho de artistas locais e admirar a variedade de estilos expostos. Para a visitante Daniele Salaro, o evento \u00e9 uma \u00f3tima oportunidade para apoiar o trabalho criativo. \u201cFiquei sabendo do evento pelas redes sociais e achei a proposta bem interessante. Jundia\u00ed precisa de lugares como este, onde as pessoas podem divulgar seus produtos ou passear em fam\u00edlia. Inclusive tamb\u00e9m pretendo expor meus produtos nas pr\u00f3ximas edi\u00e7\u00f5es, j\u00e1 que tamb\u00e9m trabalho com artesanato e economia criativa.\u201d<\/p>\n\n\n<div class=\"wp-block-image\">\n<figure class=\"aligncenter size-large is-resized\"><img loading=\"lazy\" decoding=\"async\" src=\"https:\/\/tvtecjundiai.com.br\/news\/wp-content\/uploads\/sites\/2\/2023\/02\/WhatsApp-Image-2023-02-25-at-15.15.37-1-1037x960.jpeg\" alt=\"\" class=\"wp-image-105426\" width=\"611\" height=\"565\" srcset=\"https:\/\/tvtecjundiai.com.br\/news\/wp-content\/uploads\/sites\/2\/2023\/02\/WhatsApp-Image-2023-02-25-at-15.15.37-1-1037x960.jpeg 1037w, https:\/\/tvtecjundiai.com.br\/news\/wp-content\/uploads\/sites\/2\/2023\/02\/WhatsApp-Image-2023-02-25-at-15.15.37-1-300x278.jpeg 300w, https:\/\/tvtecjundiai.com.br\/news\/wp-content\/uploads\/sites\/2\/2023\/02\/WhatsApp-Image-2023-02-25-at-15.15.37-1-768x711.jpeg 768w, https:\/\/tvtecjundiai.com.br\/news\/wp-content\/uploads\/sites\/2\/2023\/02\/WhatsApp-Image-2023-02-25-at-15.15.37-1.jpeg 1280w\" sizes=\"auto, (max-width: 611px) 100vw, 611px\" \/><figcaption class=\"wp-element-caption\">Ana Zorzi foi atra\u00edda ao evento pelas redes sociais<\/figcaption><\/figure>\n<\/div>\n\n\n<p>Conhecendo o Galp\u00e3o Criativo pela primeira vez, Ana Zorzi tamb\u00e9m foi atra\u00edda pelas redes sociais. \u201cVim somente para conhecer e estou amando tudo. \u00c9 uma proposta bem interessante e diferente. Com certeza vou vir amanh\u00e3 e nas pr\u00f3ximas edi\u00e7\u00f5es\u201d, comenta.<\/p>\n\n\n\n<p>Quem j\u00e1 conhece o evento aprova e faz quest\u00e3o de comparecer. Marcia Mauricio do Vale, est\u00e1 participando pela segunda vez e comenta que o espa\u00e7o est\u00e1 cada vez melhor. \u201cO Galp\u00e3o Criativo \u00e9 uma oportunidade \u00fanica de conhecer novos profissionais e incentivar artes\u00f5es e empreendedores. Estou gostando de tudo, do layout, das variedades, do espa\u00e7o, al\u00e9m de ser um projeto muito importante para Jundia\u00ed.\u201d<\/p>\n\n\n<div class=\"wp-block-image\">\n<figure class=\"aligncenter size-large is-resized\"><img loading=\"lazy\" decoding=\"async\" src=\"https:\/\/tvtecjundiai.com.br\/news\/wp-content\/uploads\/sites\/2\/2023\/02\/WhatsApp-Image-2023-02-25-at-15.15.38-1200x898.jpeg\" alt=\"\" class=\"wp-image-105425\" width=\"693\" height=\"518\" srcset=\"https:\/\/tvtecjundiai.com.br\/news\/wp-content\/uploads\/sites\/2\/2023\/02\/WhatsApp-Image-2023-02-25-at-15.15.38-1200x898.jpeg 1200w, https:\/\/tvtecjundiai.com.br\/news\/wp-content\/uploads\/sites\/2\/2023\/02\/WhatsApp-Image-2023-02-25-at-15.15.38-300x225.jpeg 300w, https:\/\/tvtecjundiai.com.br\/news\/wp-content\/uploads\/sites\/2\/2023\/02\/WhatsApp-Image-2023-02-25-at-15.15.38-768x575.jpeg 768w, https:\/\/tvtecjundiai.com.br\/news\/wp-content\/uploads\/sites\/2\/2023\/02\/WhatsApp-Image-2023-02-25-at-15.15.38.jpeg 1280w\" sizes=\"auto, (max-width: 693px) 100vw, 693px\" \/><figcaption class=\"wp-element-caption\"> Marcia Mauricio do Vale est\u00e1 participando pela segunda vez e comenta que o espa\u00e7o est\u00e1 cada vez melhor<\/figcaption><\/figure>\n<\/div>\n\n\n<p><strong>Mostra \u2018T\u00f4 Dentro\u2019, no Galp\u00e3o Criativo<\/strong><\/p>\n\n\n\n<p>Endere\u00e7o: Avenida Dr. Cavalcanti, 396, Complexo Argos<\/p>\n\n\n\n<p>Data e hor\u00e1rio: s\u00e1bado (25), das 10h \u00e0s 18h e domingo (26) das 10h \u00e0s 17h. Entrada gratuita.<\/p>\n\n\n\n<p>Mais informa\u00e7\u00f5es, acesse o Instagram:&nbsp;<a href=\"https:\/\/www.instagram.com\/galpaocriativojundiai\/\">@galpaocriativojundiai<\/a><\/p>\n","protected":false},"excerpt":{"rendered":"<p>Visitantes tiveram a oportunidade de conhecer o trabalho de artistas locais<\/p>\n","protected":false},"author":30,"featured_media":105424,"comment_status":"closed","ping_status":"0","sticky":false,"template":"","format":"standard","meta":{"footnotes":""},"categories":[29,8408,8356,1],"tags":[],"class_list":["post-105422","post","type-post","status-publish","format-standard","has-post-thumbnail","hentry","category-destaque","category-galpao-criativo","category-jundiai","category-noticias"],"_links":{"self":[{"href":"https:\/\/tvtecjundiai.com.br\/news\/wp-json\/wp\/v2\/posts\/105422","targetHints":{"allow":["GET"]}}],"collection":[{"href":"https:\/\/tvtecjundiai.com.br\/news\/wp-json\/wp\/v2\/posts"}],"about":[{"href":"https:\/\/tvtecjundiai.com.br\/news\/wp-json\/wp\/v2\/types\/post"}],"author":[{"embeddable":true,"href":"https:\/\/tvtecjundiai.com.br\/news\/wp-json\/wp\/v2\/users\/30"}],"replies":[{"embeddable":true,"href":"https:\/\/tvtecjundiai.com.br\/news\/wp-json\/wp\/v2\/comments?post=105422"}],"version-history":[{"count":4,"href":"https:\/\/tvtecjundiai.com.br\/news\/wp-json\/wp\/v2\/posts\/105422\/revisions"}],"predecessor-version":[{"id":105447,"href":"https:\/\/tvtecjundiai.com.br\/news\/wp-json\/wp\/v2\/posts\/105422\/revisions\/105447"}],"wp:featuredmedia":[{"embeddable":true,"href":"https:\/\/tvtecjundiai.com.br\/news\/wp-json\/wp\/v2\/media\/105424"}],"wp:attachment":[{"href":"https:\/\/tvtecjundiai.com.br\/news\/wp-json\/wp\/v2\/media?parent=105422"}],"wp:term":[{"taxonomy":"category","embeddable":true,"href":"https:\/\/tvtecjundiai.com.br\/news\/wp-json\/wp\/v2\/categories?post=105422"},{"taxonomy":"post_tag","embeddable":true,"href":"https:\/\/tvtecjundiai.com.br\/news\/wp-json\/wp\/v2\/tags?post=105422"}],"curies":[{"name":"wp","href":"https:\/\/api.w.org\/{rel}","templated":true}]}}