{"id":105448,"date":"2023-02-26T10:47:16","date_gmt":"2023-02-26T13:47:16","guid":{"rendered":"https:\/\/tvtecjundiai.com.br\/news\/?p=105448"},"modified":"2023-02-26T12:38:09","modified_gmt":"2023-02-26T15:38:09","slug":"galpao-criativo-mostra-a-importancia-da-parceria-em-prol-da-comunidade","status":"publish","type":"post","link":"https:\/\/tvtecjundiai.com.br\/news\/2023\/02\/26\/galpao-criativo-mostra-a-importancia-da-parceria-em-prol-da-comunidade\/","title":{"rendered":"<strong>Galp\u00e3o Criativo mostra a import\u00e2ncia da parceria em prol da comunidade<\/strong>"},"content":{"rendered":"\n<p>A 2\u00aa edi\u00e7\u00e3o da Mostra Galp\u00e3o Criativo, projeto da Prefeitura de Jundia\u00ed e da Funda\u00e7\u00e3o Escola TVTEC Jundia\u00ed, une criatividade, oportunidade, conhecimento e qualifica\u00e7\u00e3o na economia criativa. Itens essenciais quando o assunto \u00e9 revelar talentos dispostos a mostrar seu real valor. Neste domingo (26), at\u00e9  as 17h, \u00e9 possivel conhecer ainda mais esta incubadora de talentos. <\/p>\n\n\n\n<p>Para o vice-prefeito de Jundia\u00ed,&nbsp;Gustavo Martineli, incentivar o empreendedorismo em Jundia\u00ed \u00e9 mostrar a import\u00e2ncia de valorizar o trabalho do criativo. \u201c\u00c9 uma alegria estar aqui na segunda edi\u00e7\u00e3o do Galp\u00e3o Criativo. Gostaria de parabenizar toda a equipe da TVTEC em parceria com a Prefeitura de Jundia\u00ed pela iniciativa de criar um espa\u00e7o de economia criativa com networking, que tamb\u00e9m vem ao encontro da proposta do nosso governo\u201d.<\/p>\n\n\n\n<figure class=\"wp-block-image size-large\"><img loading=\"lazy\" decoding=\"async\" width=\"1200\" height=\"800\" src=\"https:\/\/tvtecjundiai.com.br\/news\/wp-content\/uploads\/sites\/2\/2023\/02\/2023.02.25_GALPAO_DIA-1-PARTE-1_1-1200x800.jpg\" alt=\"\" class=\"wp-image-105450\" srcset=\"https:\/\/tvtecjundiai.com.br\/news\/wp-content\/uploads\/sites\/2\/2023\/02\/2023.02.25_GALPAO_DIA-1-PARTE-1_1-1200x800.jpg 1200w, https:\/\/tvtecjundiai.com.br\/news\/wp-content\/uploads\/sites\/2\/2023\/02\/2023.02.25_GALPAO_DIA-1-PARTE-1_1-300x200.jpg 300w, https:\/\/tvtecjundiai.com.br\/news\/wp-content\/uploads\/sites\/2\/2023\/02\/2023.02.25_GALPAO_DIA-1-PARTE-1_1-768x512.jpg 768w, https:\/\/tvtecjundiai.com.br\/news\/wp-content\/uploads\/sites\/2\/2023\/02\/2023.02.25_GALPAO_DIA-1-PARTE-1_1.jpg 1280w\" sizes=\"auto, (max-width: 1200px) 100vw, 1200px\" \/><figcaption class=\"wp-element-caption\"> O vice-prefeito de Jundia\u00ed Gustavo Martineli prestigiou o evento deste s\u00e1bado (25)<\/figcaption><\/figure>\n\n\n\n<p>O assessor de Pol\u00edticas para Igualdade Racial, Jensen Silva, parabenizou o Galp\u00e3o Criativo por dar oportunidade \u00e0s pessoas que saem do anonimato e conseguem mostrar seus trabalhos ao p\u00fablico externo. \u201cO interessante do espa\u00e7o \u00e9 que consegue dar um \u2018impulso\u2019 a quem deseja empreender e ser inclu\u00eddo. \u00c9 o movimento social e integrado.\u201d<\/p>\n\n\n\n<p>Nesta edi\u00e7\u00e3o, cerca de 70 agentes criativos dos mais diferentes segmentos se unem para mostrar que \u00e9 poss\u00edvel, quando se tem oportunidade, gerar renda com o trabalho produzido manualmente. Assim tem feito Sandra Santos, da Aromas e Sabores que,  pela segunda vez, participa do encontro. &#8220;Desta vez eu trouxe outros tipos de alimentos, como massas e geleias, e por por isso minha expectativa \u00e9 maior do que na primeira edi\u00e7\u00e3o.&#8221;<\/p>\n\n\n\n<p>Pela primeira vez no Galp\u00e3o Criativo, Leandro Cinelli, da Do.Cinelli, mostrou que os doces, sua paix\u00e3o desde a inf\u00e2ncia, ser\u00e1 o carro-chefe para seus futuros neg\u00f3cios. &#8220;Meu foco \u00e9 que as pessoas conhe\u00e7am meu trabalho e meus doces, pois esta \u00e9 a minha primeira feira e espero que n\u00e3o seja a \u00faltima.&#8221;<\/p>\n\n\n\n<figure class=\"wp-block-image size-large\"><img loading=\"lazy\" decoding=\"async\" width=\"1200\" height=\"800\" src=\"https:\/\/tvtecjundiai.com.br\/news\/wp-content\/uploads\/sites\/2\/2023\/02\/2023.02.25_GALPAO_DIA-1-PARTE-1_2-2-1200x800.jpg\" alt=\"\" class=\"wp-image-105451\" srcset=\"https:\/\/tvtecjundiai.com.br\/news\/wp-content\/uploads\/sites\/2\/2023\/02\/2023.02.25_GALPAO_DIA-1-PARTE-1_2-2-1200x800.jpg 1200w, https:\/\/tvtecjundiai.com.br\/news\/wp-content\/uploads\/sites\/2\/2023\/02\/2023.02.25_GALPAO_DIA-1-PARTE-1_2-2-300x200.jpg 300w, https:\/\/tvtecjundiai.com.br\/news\/wp-content\/uploads\/sites\/2\/2023\/02\/2023.02.25_GALPAO_DIA-1-PARTE-1_2-2-768x512.jpg 768w, https:\/\/tvtecjundiai.com.br\/news\/wp-content\/uploads\/sites\/2\/2023\/02\/2023.02.25_GALPAO_DIA-1-PARTE-1_2-2.jpg 1280w\" sizes=\"auto, (max-width: 1200px) 100vw, 1200px\" \/><figcaption class=\"wp-element-caption\">Ao longo do dia o p\u00fablico poder\u00e1 participar de oficinas criativas<\/figcaption><\/figure>\n\n\n\n<p>Al\u00e9m de conhecer o trabalho dos criativos, ao longo do dia ser\u00e1 poss\u00edvel participar de oficinas criativas, visitar espa\u00e7o kids e conhecer atividades e interven\u00e7\u00f5es culturais. <\/p>\n\n\n\n<p>Servi\u00e7o<\/p>\n\n\n\n<p>Endere\u00e7o: Avenida Dr. Cavalcanti, 396, Complexo Argos<\/p>\n\n\n\n<p>Data e hor\u00e1rio: domingo (26) das 10h \u00e0s 17h. Entrada gratuita.<\/p>\n\n\n\n<p>Mais informa\u00e7\u00f5es acesse o Instagram:\u00a0<a href=\"https:\/\/www.instagram.com\/galpaocriativojundiai\/\">@galpaocriativojundiai<\/a><\/p>\n\n\n\n<p><\/p>\n","protected":false},"excerpt":{"rendered":"<p>O evento fica aberto at\u00e9 as 17h com entrada gratuita <\/p>\n","protected":false},"author":30,"featured_media":105449,"comment_status":"closed","ping_status":"0","sticky":false,"template":"","format":"standard","meta":{"footnotes":""},"categories":[29,8408,8356,1],"tags":[],"class_list":["post-105448","post","type-post","status-publish","format-standard","has-post-thumbnail","hentry","category-destaque","category-galpao-criativo","category-jundiai","category-noticias"],"_links":{"self":[{"href":"https:\/\/tvtecjundiai.com.br\/news\/wp-json\/wp\/v2\/posts\/105448","targetHints":{"allow":["GET"]}}],"collection":[{"href":"https:\/\/tvtecjundiai.com.br\/news\/wp-json\/wp\/v2\/posts"}],"about":[{"href":"https:\/\/tvtecjundiai.com.br\/news\/wp-json\/wp\/v2\/types\/post"}],"author":[{"embeddable":true,"href":"https:\/\/tvtecjundiai.com.br\/news\/wp-json\/wp\/v2\/users\/30"}],"replies":[{"embeddable":true,"href":"https:\/\/tvtecjundiai.com.br\/news\/wp-json\/wp\/v2\/comments?post=105448"}],"version-history":[{"count":2,"href":"https:\/\/tvtecjundiai.com.br\/news\/wp-json\/wp\/v2\/posts\/105448\/revisions"}],"predecessor-version":[{"id":105453,"href":"https:\/\/tvtecjundiai.com.br\/news\/wp-json\/wp\/v2\/posts\/105448\/revisions\/105453"}],"wp:featuredmedia":[{"embeddable":true,"href":"https:\/\/tvtecjundiai.com.br\/news\/wp-json\/wp\/v2\/media\/105449"}],"wp:attachment":[{"href":"https:\/\/tvtecjundiai.com.br\/news\/wp-json\/wp\/v2\/media?parent=105448"}],"wp:term":[{"taxonomy":"category","embeddable":true,"href":"https:\/\/tvtecjundiai.com.br\/news\/wp-json\/wp\/v2\/categories?post=105448"},{"taxonomy":"post_tag","embeddable":true,"href":"https:\/\/tvtecjundiai.com.br\/news\/wp-json\/wp\/v2\/tags?post=105448"}],"curies":[{"name":"wp","href":"https:\/\/api.w.org\/{rel}","templated":true}]}}