{"id":105454,"date":"2023-02-26T13:03:47","date_gmt":"2023-02-26T16:03:47","guid":{"rendered":"https:\/\/tvtecjundiai.com.br\/news\/?p=105454"},"modified":"2023-02-26T13:56:43","modified_gmt":"2023-02-26T16:56:43","slug":"em-parceria-com-entidades-galpao-criativo-proporciona-qualificacao-de-talentos","status":"publish","type":"post","link":"https:\/\/tvtecjundiai.com.br\/news\/2023\/02\/26\/em-parceria-com-entidades-galpao-criativo-proporciona-qualificacao-de-talentos\/","title":{"rendered":"Galp\u00e3o proporciona qualifica\u00e7\u00e3o de talentos voltada ao setor criativo"},"content":{"rendered":"\n<p>Proporcionando qualifica\u00e7\u00e3o de novos talentos, a 2\u00aa edi\u00e7\u00e3o da Mostra Galp\u00e3o Criativo, projeto da Prefeitura de Jundia\u00ed e da Funda\u00e7\u00e3o Escola TVTEC Jundia\u00ed, oferece oportunidades e novos conhecimentos  a um p\u00fablico diversificado. Durante o evento, entidades parceiras estiveram presentes ajudando os participantes a desenvolverem seus recursos e obterem habilidades criativas. Nos dois dias, at\u00e9 o momento, 586 pessoas passaram pelo Galp\u00e3o Criativo. O evento fica aberto at\u00e9 as 17h com entrada gratuita.<\/p>\n\n\n\n<p>O gerente do Senac Jundia\u00ed, Mauro de Nardi Costa, comemora a parceria com a TVTEC. \u201cO Senac dentro do projeto de economia criativa tamb\u00e9m contribui com as pessoas que est\u00e3o participando do evento, pois o empreendedorismo est\u00e1 inserido em todas nossas grades curriculares e aqui isso \u00e9 colocado em pr\u00e1tica, inclusive por ex-alunos. \u00c9 muito gratificante para n\u00f3s do Senac junto com o poder p\u00fablico fomentar a economia criativa\u201d.<\/p>\n\n\n\n<figure class=\"wp-block-image size-large\"><img loading=\"lazy\" decoding=\"async\" width=\"1200\" height=\"800\" src=\"https:\/\/tvtecjundiai.com.br\/news\/wp-content\/uploads\/sites\/2\/2023\/02\/2023.02.25_GALPAO_DIA-1-PARTE-1_4-1200x800.jpg\" alt=\"\" class=\"wp-image-105458\" srcset=\"https:\/\/tvtecjundiai.com.br\/news\/wp-content\/uploads\/sites\/2\/2023\/02\/2023.02.25_GALPAO_DIA-1-PARTE-1_4-1200x800.jpg 1200w, https:\/\/tvtecjundiai.com.br\/news\/wp-content\/uploads\/sites\/2\/2023\/02\/2023.02.25_GALPAO_DIA-1-PARTE-1_4-300x200.jpg 300w, https:\/\/tvtecjundiai.com.br\/news\/wp-content\/uploads\/sites\/2\/2023\/02\/2023.02.25_GALPAO_DIA-1-PARTE-1_4-768x512.jpg 768w, https:\/\/tvtecjundiai.com.br\/news\/wp-content\/uploads\/sites\/2\/2023\/02\/2023.02.25_GALPAO_DIA-1-PARTE-1_4.jpg 1280w\" sizes=\"auto, (max-width: 1200px) 100vw, 1200px\" \/><figcaption class=\"wp-element-caption\">A qualifica\u00e7\u00e3o \u00e9 importante para que os criativos se tornem empreendedores<\/figcaption><\/figure>\n\n\n\n<p>Segundo o diretor de Fomento ao Com\u00e9rcio, Enrico Arkchimor Milamonti, o Galp\u00e3o Criativo \u00e9 uma grande oportunidade para que futuros empreendedores se destaquem. \u201cGostaria de parabenizar a superintendente da TVTEC M\u00f4nica Gropelo, o Prefeito Luiz Fernando Machado e o gestor de governo e finan\u00e7as, Jos\u00e9 Antonio Parimoschi pelo incr\u00edvel projeto. Este evento traz uma \u00f3tima oportunidade para quem quer entrar no mercado e se formalizar como MEI, Jundia\u00ed s\u00f3 tem a ganhar com essa iniciativa\u201d.<\/p>\n\n\n\n<p>Esperan\u00e7oso com as vendas, o aposentado Ant\u00f4nio Ferrari, de 84 anos, est\u00e1 participando do Galp\u00e3o Criativo pela primeira vez. \u201cH\u00e1 dois anos fa\u00e7o comedouros e camas para pets, utilizando apenas madeira e alum\u00ednio. Estou adorando o local e espero que as pessoas conhe\u00e7am o meu trabalho\u201d.<\/p>\n\n\n\n<figure class=\"wp-block-image size-large\"><img loading=\"lazy\" decoding=\"async\" width=\"1200\" height=\"800\" src=\"https:\/\/tvtecjundiai.com.br\/news\/wp-content\/uploads\/sites\/2\/2023\/02\/2023.02.25_GALPAO_DIA-1-PARTE-1-1200x800.jpg\" alt=\"\" class=\"wp-image-105456\" srcset=\"https:\/\/tvtecjundiai.com.br\/news\/wp-content\/uploads\/sites\/2\/2023\/02\/2023.02.25_GALPAO_DIA-1-PARTE-1-1200x800.jpg 1200w, https:\/\/tvtecjundiai.com.br\/news\/wp-content\/uploads\/sites\/2\/2023\/02\/2023.02.25_GALPAO_DIA-1-PARTE-1-300x200.jpg 300w, https:\/\/tvtecjundiai.com.br\/news\/wp-content\/uploads\/sites\/2\/2023\/02\/2023.02.25_GALPAO_DIA-1-PARTE-1-768x512.jpg 768w, https:\/\/tvtecjundiai.com.br\/news\/wp-content\/uploads\/sites\/2\/2023\/02\/2023.02.25_GALPAO_DIA-1-PARTE-1.jpg 1280w\" sizes=\"auto, (max-width: 1200px) 100vw, 1200px\" \/><figcaption class=\"wp-element-caption\">O aposentado Ant\u00f4nio Ferrari fez sua estreia no Galp\u00e3o Criativo<\/figcaption><\/figure>\n\n\n\n<p><strong>Servi\u00e7o<\/strong><\/p>\n\n\n\n<p>Endere\u00e7o: Avenida Dr. Cavalcanti, 396, Complexo Argos<\/p>\n\n\n\n<p>Data e hor\u00e1rio: domingo (26) das 10h \u00e0s 17h. Entrada gratuita.<\/p>\n\n\n\n<p>Mais informa\u00e7\u00f5es acesse o Instagram: <a href=\"https:\/\/www.instagram.com\/galpaocriativojundiai\/\">@galpaocriativojundiai<\/a><\/p>\n","protected":false},"excerpt":{"rendered":"<p>At\u00e9 as 13h, quase 600 pessoas prestigiaram o evento<\/p>\n","protected":false},"author":30,"featured_media":105455,"comment_status":"closed","ping_status":"0","sticky":false,"template":"","format":"standard","meta":{"footnotes":""},"categories":[29,8408,8356,1],"tags":[],"class_list":["post-105454","post","type-post","status-publish","format-standard","has-post-thumbnail","hentry","category-destaque","category-galpao-criativo","category-jundiai","category-noticias"],"_links":{"self":[{"href":"https:\/\/tvtecjundiai.com.br\/news\/wp-json\/wp\/v2\/posts\/105454","targetHints":{"allow":["GET"]}}],"collection":[{"href":"https:\/\/tvtecjundiai.com.br\/news\/wp-json\/wp\/v2\/posts"}],"about":[{"href":"https:\/\/tvtecjundiai.com.br\/news\/wp-json\/wp\/v2\/types\/post"}],"author":[{"embeddable":true,"href":"https:\/\/tvtecjundiai.com.br\/news\/wp-json\/wp\/v2\/users\/30"}],"replies":[{"embeddable":true,"href":"https:\/\/tvtecjundiai.com.br\/news\/wp-json\/wp\/v2\/comments?post=105454"}],"version-history":[{"count":7,"href":"https:\/\/tvtecjundiai.com.br\/news\/wp-json\/wp\/v2\/posts\/105454\/revisions"}],"predecessor-version":[{"id":105464,"href":"https:\/\/tvtecjundiai.com.br\/news\/wp-json\/wp\/v2\/posts\/105454\/revisions\/105464"}],"wp:featuredmedia":[{"embeddable":true,"href":"https:\/\/tvtecjundiai.com.br\/news\/wp-json\/wp\/v2\/media\/105455"}],"wp:attachment":[{"href":"https:\/\/tvtecjundiai.com.br\/news\/wp-json\/wp\/v2\/media?parent=105454"}],"wp:term":[{"taxonomy":"category","embeddable":true,"href":"https:\/\/tvtecjundiai.com.br\/news\/wp-json\/wp\/v2\/categories?post=105454"},{"taxonomy":"post_tag","embeddable":true,"href":"https:\/\/tvtecjundiai.com.br\/news\/wp-json\/wp\/v2\/tags?post=105454"}],"curies":[{"name":"wp","href":"https:\/\/api.w.org\/{rel}","templated":true}]}}