{"id":105481,"date":"2023-02-26T16:50:25","date_gmt":"2023-02-26T19:50:25","guid":{"rendered":"https:\/\/tvtecjundiai.com.br\/news\/?p=105481"},"modified":"2023-02-27T10:05:17","modified_gmt":"2023-02-27T13:05:17","slug":"arte-urbana-criatividade-e-expressao-fazem-parte-do-galpao-criativo","status":"publish","type":"post","link":"https:\/\/tvtecjundiai.com.br\/news\/2023\/02\/26\/arte-urbana-criatividade-e-expressao-fazem-parte-do-galpao-criativo\/","title":{"rendered":"<strong>Arte urbana, criatividade e express\u00e3o fazem parte do Galp\u00e3o Criativo<\/strong>"},"content":{"rendered":"\n<p>A criatividade e a sustentabilidade fizeram parte da 2\u00aa edi\u00e7\u00e3o da Mostra Galp\u00e3o Criativo, projeto da Prefeitura de Jundia\u00ed e da Funda\u00e7\u00e3o Escola TVTEC Jundia\u00ed, que aconteceu neste domingo (26). Nos dois dias, 840 pessoas, em m\u00e9dia, passaram pelo evento.<\/p>\n\n\n\n<p>Com o prop\u00f3sito de conscientizar as pessoas sobre quest\u00f5es ambientais, Alan da Silva faz parte do Coletivo Recicla A\u00ed, reutilizando materiais que as empresas descartam para fazer artesanato. \u201cUtilizo rolamentos, retalhos de chapa de ferro, porca, parafuso, peda\u00e7os de metal e madeira. Com esses materiais fa\u00e7o carrinhos, motos e pe\u00e7as para decora\u00e7\u00e3o. Expor no Galp\u00e3o \u00e9 gratificante, posso mostrar que tudo \u00e9 poss\u00edvel, como reduzir, reciclar e reutilizar, acho que o nosso planeta precisa disso\u201d.<\/p>\n\n\n<div class=\"wp-block-image\">\n<figure class=\"aligncenter size-large is-resized\"><img loading=\"lazy\" decoding=\"async\" src=\"https:\/\/tvtecjundiai.com.br\/news\/wp-content\/uploads\/sites\/2\/2023\/02\/WhatsApp-Image-2023-02-26-at-16.35.50-1200x900.jpeg\" alt=\"\" class=\"wp-image-105488\" width=\"727\" height=\"545\" srcset=\"https:\/\/tvtecjundiai.com.br\/news\/wp-content\/uploads\/sites\/2\/2023\/02\/WhatsApp-Image-2023-02-26-at-16.35.50-1200x900.jpeg 1200w, https:\/\/tvtecjundiai.com.br\/news\/wp-content\/uploads\/sites\/2\/2023\/02\/WhatsApp-Image-2023-02-26-at-16.35.50-300x225.jpeg 300w, https:\/\/tvtecjundiai.com.br\/news\/wp-content\/uploads\/sites\/2\/2023\/02\/WhatsApp-Image-2023-02-26-at-16.35.50-768x576.jpeg 768w, https:\/\/tvtecjundiai.com.br\/news\/wp-content\/uploads\/sites\/2\/2023\/02\/WhatsApp-Image-2023-02-26-at-16.35.50.jpeg 1280w\" sizes=\"auto, (max-width: 727px) 100vw, 727px\" \/><figcaption class=\"wp-element-caption\">Gustavo Lacerda Santos faz parte do Coletivo Recicla A\u00ed<\/figcaption><\/figure>\n<\/div>\n\n\n<p><\/p>\n\n\n\n<p>Criadas com muita criatividade e paix\u00e3o, Evaldo Marques, tamb\u00e9m conhecido como Ratones, faz excepcionais desenhos e customiza\u00e7\u00e3o de objetos inspirados nos anos 80 e no estilo old school. \u201cTrabalho com a arte urbana h\u00e1 mais de 30 anos e meu prop\u00f3sito \u00e9 mostrar minha arte e a cultura do grafite para as pessoas que ainda n\u00e3o conhecem, principalmente em ambientes que alcan\u00e7am um p\u00fablico variado. Estou gostando bastante da experi\u00eancia e espero participar de outros eventos\u201d.<\/p>\n\n\n<div class=\"wp-block-image\">\n<figure class=\"aligncenter size-large is-resized\"><img loading=\"lazy\" decoding=\"async\" src=\"https:\/\/tvtecjundiai.com.br\/news\/wp-content\/uploads\/sites\/2\/2023\/02\/WhatsApp-Image-2023-02-26-at-16.35.51-1062x960.jpeg\" alt=\"\" class=\"wp-image-105482\" width=\"721\" height=\"651\" srcset=\"https:\/\/tvtecjundiai.com.br\/news\/wp-content\/uploads\/sites\/2\/2023\/02\/WhatsApp-Image-2023-02-26-at-16.35.51-1062x960.jpeg 1062w, https:\/\/tvtecjundiai.com.br\/news\/wp-content\/uploads\/sites\/2\/2023\/02\/WhatsApp-Image-2023-02-26-at-16.35.51-300x271.jpeg 300w, https:\/\/tvtecjundiai.com.br\/news\/wp-content\/uploads\/sites\/2\/2023\/02\/WhatsApp-Image-2023-02-26-at-16.35.51-768x694.jpeg 768w, https:\/\/tvtecjundiai.com.br\/news\/wp-content\/uploads\/sites\/2\/2023\/02\/WhatsApp-Image-2023-02-26-at-16.35.51.jpeg 1280w\" sizes=\"auto, (max-width: 721px) 100vw, 721px\" \/><figcaption class=\"wp-element-caption\">Evaldo Marques faz customiza\u00e7\u00e3o de objetos inspirados nos anos 80 e no estilo old school<\/figcaption><\/figure>\n<\/div>\n\n\n<p><\/p>\n\n\n\n<p><strong><em>(Fonte\/Imagens: TVTEC Jundia\u00ed)<\/em><\/strong><\/p>\n","protected":false},"excerpt":{"rendered":"<p>Nos dois dias, 840 pessoas, em m\u00e9dia, passaram pelo evento<\/p>\n","protected":false},"author":30,"featured_media":105505,"comment_status":"closed","ping_status":"0","sticky":false,"template":"","format":"standard","meta":{"footnotes":""},"categories":[29,8408,8356,1],"tags":[],"class_list":["post-105481","post","type-post","status-publish","format-standard","has-post-thumbnail","hentry","category-destaque","category-galpao-criativo","category-jundiai","category-noticias"],"_links":{"self":[{"href":"https:\/\/tvtecjundiai.com.br\/news\/wp-json\/wp\/v2\/posts\/105481","targetHints":{"allow":["GET"]}}],"collection":[{"href":"https:\/\/tvtecjundiai.com.br\/news\/wp-json\/wp\/v2\/posts"}],"about":[{"href":"https:\/\/tvtecjundiai.com.br\/news\/wp-json\/wp\/v2\/types\/post"}],"author":[{"embeddable":true,"href":"https:\/\/tvtecjundiai.com.br\/news\/wp-json\/wp\/v2\/users\/30"}],"replies":[{"embeddable":true,"href":"https:\/\/tvtecjundiai.com.br\/news\/wp-json\/wp\/v2\/comments?post=105481"}],"version-history":[{"count":3,"href":"https:\/\/tvtecjundiai.com.br\/news\/wp-json\/wp\/v2\/posts\/105481\/revisions"}],"predecessor-version":[{"id":105506,"href":"https:\/\/tvtecjundiai.com.br\/news\/wp-json\/wp\/v2\/posts\/105481\/revisions\/105506"}],"wp:featuredmedia":[{"embeddable":true,"href":"https:\/\/tvtecjundiai.com.br\/news\/wp-json\/wp\/v2\/media\/105505"}],"wp:attachment":[{"href":"https:\/\/tvtecjundiai.com.br\/news\/wp-json\/wp\/v2\/media?parent=105481"}],"wp:term":[{"taxonomy":"category","embeddable":true,"href":"https:\/\/tvtecjundiai.com.br\/news\/wp-json\/wp\/v2\/categories?post=105481"},{"taxonomy":"post_tag","embeddable":true,"href":"https:\/\/tvtecjundiai.com.br\/news\/wp-json\/wp\/v2\/tags?post=105481"}],"curies":[{"name":"wp","href":"https:\/\/api.w.org\/{rel}","templated":true}]}}