{"id":105492,"date":"2023-02-27T09:15:42","date_gmt":"2023-02-27T12:15:42","guid":{"rendered":"https:\/\/tvtecjundiai.com.br\/news\/?p=105492"},"modified":"2023-02-27T09:15:43","modified_gmt":"2023-02-27T12:15:43","slug":"semana-sera-abafada-e-chuvosa-em-jundiai-com-maxima-de-31c","status":"publish","type":"post","link":"https:\/\/tvtecjundiai.com.br\/news\/2023\/02\/27\/semana-sera-abafada-e-chuvosa-em-jundiai-com-maxima-de-31c\/","title":{"rendered":"Semana ser\u00e1 abafada e chuvosa em Jundia\u00ed, com m\u00e1xima de 31\u00b0C"},"content":{"rendered":"\n<p>Os \u00faltimos dias de fevereiro ser\u00e3o abafados e com pancadas de chuva em Jundia\u00ed, assim como o in\u00edcio do m\u00eas de mar\u00e7o. Segundo o Climatempo, os term\u00f4metros devem ficar entre 19\u00b0C e 31\u00b0C.<\/p>\n\n\n\n<p>Nesta segunda-feira (27), o dia deve ser de sol com muitas nuvens e pancadas de chuva \u00e0 tarde e \u00e0 noite, que devem somar 25mm. Os term\u00f4metros marcam entre 21\u00b0C e 30\u00b0C.<\/p>\n\n\n<div class=\"wp-block-image\">\n<figure class=\"aligncenter size-large is-resized\"><img loading=\"lazy\" decoding=\"async\" src=\"https:\/\/tvtecjundiai.com.br\/news\/wp-content\/uploads\/sites\/2\/2023\/02\/WhatsApp-Image-2023-02-22-at-10.03.11-2-1200x900.jpeg\" alt=\"\" class=\"wp-image-105493\" width=\"656\" height=\"492\" srcset=\"https:\/\/tvtecjundiai.com.br\/news\/wp-content\/uploads\/sites\/2\/2023\/02\/WhatsApp-Image-2023-02-22-at-10.03.11-2-1200x900.jpeg 1200w, https:\/\/tvtecjundiai.com.br\/news\/wp-content\/uploads\/sites\/2\/2023\/02\/WhatsApp-Image-2023-02-22-at-10.03.11-2-300x225.jpeg 300w, https:\/\/tvtecjundiai.com.br\/news\/wp-content\/uploads\/sites\/2\/2023\/02\/WhatsApp-Image-2023-02-22-at-10.03.11-2-768x576.jpeg 768w, https:\/\/tvtecjundiai.com.br\/news\/wp-content\/uploads\/sites\/2\/2023\/02\/WhatsApp-Image-2023-02-22-at-10.03.11-2.jpeg 1280w\" sizes=\"auto, (max-width: 656px) 100vw, 656px\" \/><\/figure>\n<\/div>\n\n\n<p><\/p>\n\n\n\n<p><strong>Confira a previs\u00e3o detalhada na cidade, de acordo com o Climatempo<\/strong><\/p>\n\n\n\n<p><strong>Ter\u00e7a-feira (28):\u00a0<\/strong>Sol com algumas nuvens e pancadas de chuva durante o dia e \u00e0 noite, que devem somar 30mm. Os term\u00f4metros ficam entre 20\u00b0C e 27\u00b0C.<\/p>\n\n\n\n<p><strong>Quarta-feira (1):\u00a0<\/strong>O primeiro dia de mar\u00e7o ser\u00e1 de sol com algumas nuvens e pancadas de chuva durante o dia e \u00e0 noite, que devem somar 40mm. A temperatura fica entre 20\u00b0C e 27\u00b0C.<\/p>\n\n\n\n<p><strong>Quinta-feira (2):<\/strong>\u00a0Sol com muitas nuvens e pancadas de chuva \u00e0 tarde e \u00e0 noite, que devem somar 25mm. Os term\u00f4metros ficam entre 19\u00b0C e 28\u00b0C.<\/p>\n\n\n\n<p><strong>Sexta-feira (3):<\/strong>\u00a0Sol com muitas nuvens durante o dia e pancadas de chuva \u00e0 tarde e \u00e0 noite, que devem somar 15mm. A temperatura fica entre 19\u00b0C e 31\u00b0C, atingindo a m\u00e1xima prevista para o fim de semana.<\/p>\n\n\n\n<p><strong><em>(Fonte: TVTEC Jundia\u00ed\/Imagem: Juliano Justino)<\/em><\/strong><\/p>\n","protected":false},"excerpt":{"rendered":"<p>Segundo o Climatempo, os term\u00f4metros devem ficar entre 19\u00b0C e 31\u00b0C<\/p>\n","protected":false},"author":30,"featured_media":105493,"comment_status":"closed","ping_status":"0","sticky":false,"template":"","format":"standard","meta":{"footnotes":""},"categories":[3185,8356,1],"tags":[],"class_list":["post-105492","post","type-post","status-publish","format-standard","has-post-thumbnail","hentry","category-clima","category-jundiai","category-noticias"],"_links":{"self":[{"href":"https:\/\/tvtecjundiai.com.br\/news\/wp-json\/wp\/v2\/posts\/105492","targetHints":{"allow":["GET"]}}],"collection":[{"href":"https:\/\/tvtecjundiai.com.br\/news\/wp-json\/wp\/v2\/posts"}],"about":[{"href":"https:\/\/tvtecjundiai.com.br\/news\/wp-json\/wp\/v2\/types\/post"}],"author":[{"embeddable":true,"href":"https:\/\/tvtecjundiai.com.br\/news\/wp-json\/wp\/v2\/users\/30"}],"replies":[{"embeddable":true,"href":"https:\/\/tvtecjundiai.com.br\/news\/wp-json\/wp\/v2\/comments?post=105492"}],"version-history":[{"count":1,"href":"https:\/\/tvtecjundiai.com.br\/news\/wp-json\/wp\/v2\/posts\/105492\/revisions"}],"predecessor-version":[{"id":105494,"href":"https:\/\/tvtecjundiai.com.br\/news\/wp-json\/wp\/v2\/posts\/105492\/revisions\/105494"}],"wp:featuredmedia":[{"embeddable":true,"href":"https:\/\/tvtecjundiai.com.br\/news\/wp-json\/wp\/v2\/media\/105493"}],"wp:attachment":[{"href":"https:\/\/tvtecjundiai.com.br\/news\/wp-json\/wp\/v2\/media?parent=105492"}],"wp:term":[{"taxonomy":"category","embeddable":true,"href":"https:\/\/tvtecjundiai.com.br\/news\/wp-json\/wp\/v2\/categories?post=105492"},{"taxonomy":"post_tag","embeddable":true,"href":"https:\/\/tvtecjundiai.com.br\/news\/wp-json\/wp\/v2\/tags?post=105492"}],"curies":[{"name":"wp","href":"https:\/\/api.w.org\/{rel}","templated":true}]}}