{"id":105508,"date":"2023-02-27T12:08:49","date_gmt":"2023-02-27T15:08:49","guid":{"rendered":"https:\/\/tvtecjundiai.com.br\/news\/?p=105508"},"modified":"2023-02-27T12:08:51","modified_gmt":"2023-02-27T15:08:51","slug":"cao-terapia-ajuda-na-recuperacao-de-pacientes-do-hospital-universitario","status":"publish","type":"post","link":"https:\/\/tvtecjundiai.com.br\/news\/2023\/02\/27\/cao-terapia-ajuda-na-recuperacao-de-pacientes-do-hospital-universitario\/","title":{"rendered":"C\u00e3o terapia ajuda na recupera\u00e7\u00e3o de pacientes do Hospital Universit\u00e1rio"},"content":{"rendered":"\n<p>\u00a0Comiss\u00e3o de Humaniza\u00e7\u00e3o, Eventos e Voluntariado do Hospital Universit\u00e1rio em parceria com o Canil da Guarda Municipal de Jundia\u00ed realizaram a C\u00e3o terapia na brinquedoteca do HU no dia 23 de fevereiro.<\/p>\n\n\n\n<p>Essa a\u00e7\u00e3o \u00e9 realizada mensalmente na institui\u00e7\u00e3o desde 2018 e consiste na intera\u00e7\u00e3o do c\u00e3o da Guarda Municipal com as crian\u00e7as internadas na pediatria e tamb\u00e9m da recep\u00e7\u00e3o do Pronto Socorro Infantil.<\/p>\n\n\n\n<p>A cadela Pantera foi at\u00e9 a brinquedoteca do hospital no dia 23 de fevereiro, acompanhada de seus condutores da Guarda Municipal para participar de atividades de terapia e humaniza\u00e7\u00e3o, que consistem em comandos para sentar, dar pata, carinho e muitas mais.<\/p>\n\n\n<div class=\"wp-block-image\">\n<figure class=\"aligncenter size-full is-resized\"><img loading=\"lazy\" decoding=\"async\" src=\"https:\/\/tvtecjundiai.com.br\/news\/wp-content\/uploads\/sites\/2\/2023\/02\/WhatsApp-Image-2023-02-27-at-11.48.04.jpeg\" alt=\"\" class=\"wp-image-105509\" width=\"649\" height=\"487\" srcset=\"https:\/\/tvtecjundiai.com.br\/news\/wp-content\/uploads\/sites\/2\/2023\/02\/WhatsApp-Image-2023-02-27-at-11.48.04.jpeg 1080w, https:\/\/tvtecjundiai.com.br\/news\/wp-content\/uploads\/sites\/2\/2023\/02\/WhatsApp-Image-2023-02-27-at-11.48.04-300x225.jpeg 300w, https:\/\/tvtecjundiai.com.br\/news\/wp-content\/uploads\/sites\/2\/2023\/02\/WhatsApp-Image-2023-02-27-at-11.48.04-768x576.jpeg 768w\" sizes=\"auto, (max-width: 649px) 100vw, 649px\" \/><figcaption class=\"wp-element-caption\">A cadela Pantera foi at\u00e9 a brinquedoteca do hospital no dia 23 de fevereiro<\/figcaption><\/figure>\n<\/div>\n\n\n<p>A rea\u00e7\u00e3o das crian\u00e7as e acompanhantes \u00e9 emocionante e os benef\u00edcios podem ser comprovados nos sorrisos que a a\u00e7\u00e3o desperta nos rostinhos de todos. Para Juliana Lopes Silva, 16 anos, internada na ala pedi\u00e1trica, \u00e9 muito importante interagir com os c\u00e3es. \u201cQuando eu soube que teria a visita, fui logo me preparar para poder participar da atividade\u201d, conta Juliana.<\/p>\n\n\n\n<p>Cabe ressaltar que para que os c\u00e3es visitem o HU como volunt\u00e1rio, s\u00e3o tomados alguns cuidados.\u00a0A Guarda Municipal apresentou a carteirinha de vacina\u00e7\u00e3o, atestado do veterin\u00e1rio declarando que os animais est\u00e3o em perfeitas condi\u00e7\u00f5es de sa\u00fade e pedigree.\u00a0<\/p>\n\n\n\n<p>O projeto passou pela aprova\u00e7\u00e3o do Servi\u00e7o de Controle de Infec\u00e7\u00e3o Hospitalar e pela coordena\u00e7\u00e3o pedi\u00e1trica.<\/p>\n\n\n<div class=\"wp-block-image\">\n<figure class=\"aligncenter size-full is-resized\"><img loading=\"lazy\" decoding=\"async\" src=\"https:\/\/tvtecjundiai.com.br\/news\/wp-content\/uploads\/sites\/2\/2023\/02\/WhatsApp-Image-2023-02-27-at-11.48.03-1.jpeg\" alt=\"\" class=\"wp-image-105510\" width=\"721\" height=\"541\" srcset=\"https:\/\/tvtecjundiai.com.br\/news\/wp-content\/uploads\/sites\/2\/2023\/02\/WhatsApp-Image-2023-02-27-at-11.48.03-1.jpeg 1080w, https:\/\/tvtecjundiai.com.br\/news\/wp-content\/uploads\/sites\/2\/2023\/02\/WhatsApp-Image-2023-02-27-at-11.48.03-1-300x225.jpeg 300w, https:\/\/tvtecjundiai.com.br\/news\/wp-content\/uploads\/sites\/2\/2023\/02\/WhatsApp-Image-2023-02-27-at-11.48.03-1-768x576.jpeg 768w\" sizes=\"auto, (max-width: 721px) 100vw, 721px\" \/><\/figure>\n<\/div>\n\n\n<p><strong><em>(Fonte\/Imagem: Assessoria Hospital Universit\u00e1rio)<\/em><\/strong><\/p>\n","protected":false},"excerpt":{"rendered":"<p>Essa a\u00e7\u00e3o \u00e9 realizada mensalmente na institui\u00e7\u00e3o desde 2018<\/p>\n","protected":false},"author":30,"featured_media":105513,"comment_status":"closed","ping_status":"0","sticky":false,"template":"","format":"standard","meta":{"footnotes":""},"categories":[8356,1,8355],"tags":[],"class_list":["post-105508","post","type-post","status-publish","format-standard","has-post-thumbnail","hentry","category-jundiai","category-noticias","category-saude-3"],"_links":{"self":[{"href":"https:\/\/tvtecjundiai.com.br\/news\/wp-json\/wp\/v2\/posts\/105508","targetHints":{"allow":["GET"]}}],"collection":[{"href":"https:\/\/tvtecjundiai.com.br\/news\/wp-json\/wp\/v2\/posts"}],"about":[{"href":"https:\/\/tvtecjundiai.com.br\/news\/wp-json\/wp\/v2\/types\/post"}],"author":[{"embeddable":true,"href":"https:\/\/tvtecjundiai.com.br\/news\/wp-json\/wp\/v2\/users\/30"}],"replies":[{"embeddable":true,"href":"https:\/\/tvtecjundiai.com.br\/news\/wp-json\/wp\/v2\/comments?post=105508"}],"version-history":[{"count":1,"href":"https:\/\/tvtecjundiai.com.br\/news\/wp-json\/wp\/v2\/posts\/105508\/revisions"}],"predecessor-version":[{"id":105514,"href":"https:\/\/tvtecjundiai.com.br\/news\/wp-json\/wp\/v2\/posts\/105508\/revisions\/105514"}],"wp:featuredmedia":[{"embeddable":true,"href":"https:\/\/tvtecjundiai.com.br\/news\/wp-json\/wp\/v2\/media\/105513"}],"wp:attachment":[{"href":"https:\/\/tvtecjundiai.com.br\/news\/wp-json\/wp\/v2\/media?parent=105508"}],"wp:term":[{"taxonomy":"category","embeddable":true,"href":"https:\/\/tvtecjundiai.com.br\/news\/wp-json\/wp\/v2\/categories?post=105508"},{"taxonomy":"post_tag","embeddable":true,"href":"https:\/\/tvtecjundiai.com.br\/news\/wp-json\/wp\/v2\/tags?post=105508"}],"curies":[{"name":"wp","href":"https:\/\/api.w.org\/{rel}","templated":true}]}}