{"id":10554,"date":"2018-05-17T16:51:04","date_gmt":"2018-05-17T19:51:04","guid":{"rendered":"https:\/\/tvtecjundiai.com.br\/news\/?p=10554"},"modified":"2018-05-17T16:51:04","modified_gmt":"2018-05-17T19:51:04","slug":"numero-de-alvaras-para-empresas-cresce-68-em-jundiai","status":"publish","type":"post","link":"https:\/\/tvtecjundiai.com.br\/news\/2018\/05\/17\/numero-de-alvaras-para-empresas-cresce-68-em-jundiai\/","title":{"rendered":"N\u00famero de alvar\u00e1s para empresas cresce 68% em Jundia\u00ed"},"content":{"rendered":"<div id=\"attachment_10555\" style=\"width: 460px\" class=\"wp-caption alignright\"><a href=\"https:\/\/tvtecjundiai.com.br\/news\/wp-content\/uploads\/sites\/2\/2018\/05\/wago_distrito-3-1.jpg\"><img loading=\"lazy\" decoding=\"async\" aria-describedby=\"caption-attachment-10555\" class=\"wp-image-10555\" src=\"https:\/\/tvtecjundiai.com.br\/news\/wp-content\/uploads\/sites\/2\/2018\/05\/wago_distrito-3-1-300x200.jpg\" alt=\"\" width=\"450\" height=\"300\" srcset=\"https:\/\/tvtecjundiai.com.br\/news\/wp-content\/uploads\/sites\/2\/2018\/05\/wago_distrito-3-1-300x200.jpg 300w, https:\/\/tvtecjundiai.com.br\/news\/wp-content\/uploads\/sites\/2\/2018\/05\/wago_distrito-3-1-768x512.jpg 768w, https:\/\/tvtecjundiai.com.br\/news\/wp-content\/uploads\/sites\/2\/2018\/05\/wago_distrito-3-1-1200x800.jpg 1200w, https:\/\/tvtecjundiai.com.br\/news\/wp-content\/uploads\/sites\/2\/2018\/05\/wago_distrito-3-1.jpg 1280w\" sizes=\"auto, (max-width: 450px) 100vw, 450px\" \/><\/a><p id=\"caption-attachment-10555\" class=\"wp-caption-text\">Empresa alem\u00e3 Wago \u00e9 uma das que chegaram a Jundia\u00ed no ano passado<\/p><\/div>\n<p>Em Jundia\u00ed, cresceu o n\u00famero de alvar\u00e1s emitidos para empresas no primeiro trimestre deste ano em 68% em rela\u00e7\u00e3o ao mesmo per\u00edodo de 2017. De acordo com a Unidade de Gest\u00e3o de Governo e Finan\u00e7as (UGGF), entre janeiro e mar\u00e7o de 2018 foram abertas 1.903 empresas no Munic\u00edpio (12 ind\u00fastrias, 492 com\u00e9rcios e 1.399 prestadores de servi\u00e7o), ante 1.137 de janeiro a mar\u00e7o do ano passado (13 ind\u00fastrias, 272 com\u00e9rcios e 852 prestadores de servi\u00e7o).<\/p>\n<p>Desde o in\u00edcio de 2017, melhorar o ambiente de neg\u00f3cios na cidade, atrair novos investimentos e, desta forma, gerar emprego e renda para a popula\u00e7\u00e3o \u00e9 uma das metas priorit\u00e1rias da Administra\u00e7\u00e3o. \u201cTemos trabalhado intensamente para proporcionar a chance de as pessoas assumirem o protagonismo de suas vidas. Acreditamos que o est\u00edmulo ao empreendedorismo \u00e9 uma boa forma de alcan\u00e7ar tal objetivo\u201d, destaca o prefeito Luiz Fernando Machado.<\/p>\n<p>O gestor de Governo e Finan\u00e7as, Jos\u00e9 Antonio Parimoschi, ressalta que v\u00e1rias a\u00e7\u00f5es t\u00eam sido realizadas em busca de uma maior agilidade no processo de abertura de empresas em Jundia\u00ed. \u201cPodemos citar a cria\u00e7\u00e3o, no ano passado, do GTT Competitividade, que visa a redu\u00e7\u00e3o da burocracia, e o fortalecimento do programa Desenvolve Jundia\u00ed, que objetiva agilizar os procedimentos administrativos de aprova\u00e7\u00e3o de empreendimentos\u201d, pontua.<\/p>\n<p>Outra a\u00e7\u00e3o relevante no fomento aos investimentos na cidade \u00e9 o \u201cCaf\u00e9 com o prefeito\u201d, iniciado em maio do ano passado. O projeto promove reuni\u00f5es semanais entre o chefe do Executivo, gestores e representantes das maiores empresas instaladas em Jundia\u00ed. \u201cA ideia \u00e9 entender as demandas de grandes empregadores e, desta forma, aproximar o Poder P\u00fablico da iniciativa privada em favor do desenvolvimento do Munic\u00edpio\u201d, completa Parimoschi.<\/p>\n<p>O diretor do Departamento de Com\u00e9rcio e Servi\u00e7os, J\u00falio Cesar Durante, explica que, atualmente, \u00e9 poss\u00edvel obter um alvar\u00e1 de funcionamento no mesmo dia do pedido. \u201cDependendo da atividade, se for uma empresa de baixo risco e que atende todos os requisitos da Prefeitura, o alvar\u00e1 \u00e9 emitido no mesmo dia. Tamb\u00e9m existe a possibilidade de emiss\u00e3o imediata da certid\u00e3o de uso de solo. E tudo pode ser feito de forma eletr\u00f4nica\u201d, salienta.<\/p>\n<p>No caso de empresas um pouco maiores, o tempo m\u00e9dio de emiss\u00e3o de um alvar\u00e1 fica entre 5 e 10 dias. \u201cO processo s\u00f3 \u00e9 um pouco mais demorado quando a empresa precisa apresentar projeto, porque a agilidade, nesse caso, depende do empres\u00e1rio\u201d, acrescenta o diretor. Segundo Durante, est\u00e1 em estudo a implementa\u00e7\u00e3o do processo eletr\u00f4nico para apresenta\u00e7\u00e3o do projeto, que vai agilizar o processo tamb\u00e9m para empresas de grande porte.<\/p>\n<p><strong>Empregos<\/strong><\/p>\n<p>Somente com a chegada de grandes empresas \u00e0 cidade em 2017, cerca de 1,7 mil postos de trabalho foram criados. Entre as novas marcas instaladas no Munic\u00edpio est\u00e3o a Pochet, Varian, Coexpan, Havan, Tauste, MRS, WAGO, Cavanna, Tenda e Voa SP.<\/p>\n<p><em>Fonte: Prefeitura de Jundia\u00ed<\/em><\/p>\n","protected":false},"excerpt":{"rendered":"<p>Entre janeiro e mar\u00e7o de 2018 foram abertas 1.903 empresas no munic\u00edpio<\/p>\n","protected":false},"author":10,"featured_media":10555,"comment_status":"closed","ping_status":"closed","sticky":false,"template":"","format":"standard","meta":{"footnotes":""},"categories":[2834,2829],"tags":[37,5,15,3204],"class_list":["post-10554","post","type-post","status-publish","format-standard","has-post-thumbnail","hentry","category-cidades","category-economia","tag-emprego","tag-jundiai","tag-tvtec","tag-wago"],"_links":{"self":[{"href":"https:\/\/tvtecjundiai.com.br\/news\/wp-json\/wp\/v2\/posts\/10554","targetHints":{"allow":["GET"]}}],"collection":[{"href":"https:\/\/tvtecjundiai.com.br\/news\/wp-json\/wp\/v2\/posts"}],"about":[{"href":"https:\/\/tvtecjundiai.com.br\/news\/wp-json\/wp\/v2\/types\/post"}],"author":[{"embeddable":true,"href":"https:\/\/tvtecjundiai.com.br\/news\/wp-json\/wp\/v2\/users\/10"}],"replies":[{"embeddable":true,"href":"https:\/\/tvtecjundiai.com.br\/news\/wp-json\/wp\/v2\/comments?post=10554"}],"version-history":[{"count":1,"href":"https:\/\/tvtecjundiai.com.br\/news\/wp-json\/wp\/v2\/posts\/10554\/revisions"}],"predecessor-version":[{"id":10556,"href":"https:\/\/tvtecjundiai.com.br\/news\/wp-json\/wp\/v2\/posts\/10554\/revisions\/10556"}],"wp:featuredmedia":[{"embeddable":true,"href":"https:\/\/tvtecjundiai.com.br\/news\/wp-json\/wp\/v2\/media\/10555"}],"wp:attachment":[{"href":"https:\/\/tvtecjundiai.com.br\/news\/wp-json\/wp\/v2\/media?parent=10554"}],"wp:term":[{"taxonomy":"category","embeddable":true,"href":"https:\/\/tvtecjundiai.com.br\/news\/wp-json\/wp\/v2\/categories?post=10554"},{"taxonomy":"post_tag","embeddable":true,"href":"https:\/\/tvtecjundiai.com.br\/news\/wp-json\/wp\/v2\/tags?post=10554"}],"curies":[{"name":"wp","href":"https:\/\/api.w.org\/{rel}","templated":true}]}}