{"id":105546,"date":"2023-02-27T16:34:47","date_gmt":"2023-02-27T19:34:47","guid":{"rendered":"https:\/\/tvtecjundiai.com.br\/news\/?p=105546"},"modified":"2023-02-27T16:34:48","modified_gmt":"2023-02-27T19:34:48","slug":"prefeito-e-moradores-vistoriam-obra-da-clinica-da-familia-e-pa-ponte-sao-joao","status":"publish","type":"post","link":"https:\/\/tvtecjundiai.com.br\/news\/2023\/02\/27\/prefeito-e-moradores-vistoriam-obra-da-clinica-da-familia-e-pa-ponte-sao-joao\/","title":{"rendered":"Prefeito e moradores vistoriam obra da Cl\u00ednica da Fam\u00edlia e PA Ponte S\u00e3o Jo\u00e3o"},"content":{"rendered":"\n<p>\u201c\u00c9 importante ver o quanto essa constru\u00e7\u00e3o est\u00e1 andando. \u00c9 uma solicita\u00e7\u00e3o antiga\u201d, comentou o instrutor Jos\u00e9 Carlos Iop, um dos moradores da regi\u00e3o Leste que acompanharam o prefeito Luiz Fernando Machado em vistoria \u00e0 obra da Cl\u00ednica da Fam\u00edlia e Pronto Atendimento Ponte S\u00e3o Jo\u00e3o, na manh\u00e3 desta segunda-feira (27). A recupera\u00e7\u00e3o e adapta\u00e7\u00e3o da edifica\u00e7\u00e3o recebe cerca de R$ 13 milh\u00f5es de investimento da Prefeitura. Al\u00e9m de ofertar assist\u00eancia completa em Aten\u00e7\u00e3o B\u00e1sica para o territ\u00f3rio, ser\u00e1 mais um servi\u00e7o de Urg\u00eancia e Emerg\u00eancia para Jundia\u00ed.<\/p>\n\n\n\n<p>\u201cA sa\u00fade \u00e9 a nossa prioridade e esse complexo ter\u00e1 um modelo eficiente de atendimento, seguindo o exemplo dos equipamentos da Vila Hortol\u00e2ndia e do Novo Horizonte, bem avaliados pela popula\u00e7\u00e3o. Mais de 100 mil vidas ser\u00e3o atendidas, e estamos monitorando e trabalhando com a empresa para essa importante entrega\u201d, ressaltou o chefe do Executivo.<\/p>\n\n\n<div class=\"wp-block-image\">\n<figure class=\"aligncenter size-large is-resized\"><img loading=\"lazy\" decoding=\"async\" src=\"https:\/\/tvtecjundiai.com.br\/news\/wp-content\/uploads\/sites\/2\/2023\/02\/prefeito_visita_obras_clinica_da_familia_ponte_sao_joao_pa-44-1200x801.jpg\" alt=\"\" class=\"wp-image-105548\" width=\"689\" height=\"459\" srcset=\"https:\/\/tvtecjundiai.com.br\/news\/wp-content\/uploads\/sites\/2\/2023\/02\/prefeito_visita_obras_clinica_da_familia_ponte_sao_joao_pa-44-1200x801.jpg 1200w, https:\/\/tvtecjundiai.com.br\/news\/wp-content\/uploads\/sites\/2\/2023\/02\/prefeito_visita_obras_clinica_da_familia_ponte_sao_joao_pa-44-300x200.jpg 300w, https:\/\/tvtecjundiai.com.br\/news\/wp-content\/uploads\/sites\/2\/2023\/02\/prefeito_visita_obras_clinica_da_familia_ponte_sao_joao_pa-44-768x512.jpg 768w, https:\/\/tvtecjundiai.com.br\/news\/wp-content\/uploads\/sites\/2\/2023\/02\/prefeito_visita_obras_clinica_da_familia_ponte_sao_joao_pa-44.jpg 1280w\" sizes=\"auto, (max-width: 689px) 100vw, 689px\" \/><figcaption class=\"wp-element-caption\">A obra recebe investimento de cerca de R$ 13 milh\u00f5es<\/figcaption><\/figure>\n<\/div>\n\n\n<p>Ser\u00e3o dois pavimentos, que totalizam 2.774,87m\u00b2 de constru\u00e7\u00e3o. No t\u00e9rreo, com entrada pela avenida Luiz Zorzetti, ficar\u00e1 o PA com a oferta de cl\u00ednica m\u00e9dica, pediatria e ortopedia, e contando com equipamentos de raio-X e ultrassonografia.<\/p>\n\n\n\n<p>J\u00e1 no primeiro andar, com entrada pela avenida Doutor Antenor Soares Gandra, ficar\u00e1 a Cl\u00ednica da Fam\u00edlia com modelo de atendimento na Aten\u00e7\u00e3o B\u00e1sica baseado na Estrat\u00e9gia de Sa\u00fade da Fam\u00edlia (ESF), com seis equipes completas formadas por multiprofissionais \u2013 m\u00e9dicos, enfermeiros, odont\u00f3logos, etc \u2013 e com o Acesso Avan\u00e7ado, garantindo em, no m\u00e1ximo, at\u00e9 48 horas atendimento pela equipe de sa\u00fade, sem a necessidade de agendamento.<\/p>\n\n\n\n<p>\u201cAtenderemos toda a necessidade de sa\u00fade da popula\u00e7\u00e3o da regi\u00e3o Leste. Essa regionaliza\u00e7\u00e3o, proposta pelo Munic\u00edpio, com equipamentos espec\u00edficos em cada ponto da cidade, amplia a oferta de servi\u00e7os e as a\u00e7\u00f5es com vistas \u00e0 promo\u00e7\u00e3o da sa\u00fade das pessoas\u201d, enfatizou o gestor de Promo\u00e7\u00e3o da Sa\u00fade, Tiago Texera.<\/p>\n\n\n<div class=\"wp-block-image\">\n<figure class=\"aligncenter size-large is-resized\"><img loading=\"lazy\" decoding=\"async\" src=\"https:\/\/tvtecjundiai.com.br\/news\/wp-content\/uploads\/sites\/2\/2023\/02\/prefeito_visita_obras_clinica_da_familia_ponte_sao_joao_pa-79-1-1200x801.jpg\" alt=\"\" class=\"wp-image-105549\" width=\"662\" height=\"441\" srcset=\"https:\/\/tvtecjundiai.com.br\/news\/wp-content\/uploads\/sites\/2\/2023\/02\/prefeito_visita_obras_clinica_da_familia_ponte_sao_joao_pa-79-1-1200x801.jpg 1200w, https:\/\/tvtecjundiai.com.br\/news\/wp-content\/uploads\/sites\/2\/2023\/02\/prefeito_visita_obras_clinica_da_familia_ponte_sao_joao_pa-79-1-300x200.jpg 300w, https:\/\/tvtecjundiai.com.br\/news\/wp-content\/uploads\/sites\/2\/2023\/02\/prefeito_visita_obras_clinica_da_familia_ponte_sao_joao_pa-79-1-768x512.jpg 768w, https:\/\/tvtecjundiai.com.br\/news\/wp-content\/uploads\/sites\/2\/2023\/02\/prefeito_visita_obras_clinica_da_familia_ponte_sao_joao_pa-79-1.jpg 1280w\" sizes=\"auto, (max-width: 662px) 100vw, 662px\" \/><figcaption class=\"wp-element-caption\">O novo equipamento amplia a oferta de servi\u00e7os de sa\u00fade no Munic\u00edpio<\/figcaption><\/figure>\n<\/div>\n\n\n<p><strong>Mais a\u00e7\u00f5es<\/strong><br>O gestor de Governo e Finan\u00e7as, Jos\u00e9 Ant\u00f4nio Parimoschi, salientou que Jundia\u00ed tamb\u00e9m d\u00e1 andamento, com investimento de mais de R$ 14,2 milh\u00f5es, \u00e0 obra do Centro de Especialidades M\u00e9dicas e Diagn\u00f3sticos e Pronto Atendimento Vila Progresso.<\/p>\n\n\n\n<p>\u201cCom planejamento e organiza\u00e7\u00e3o, o governo prossegue para entregar, at\u00e9 2024, equipamentos que estavam parados em 2017. Al\u00e9m disso, seguimos com o programa de amplia\u00e7\u00e3o e reforma de diversas Unidades B\u00e1sicas de Sa\u00fade espalhadas pela cidade, como a Morada das Vinhas, a Sarapiranga, a Vila Rio Branco e a Guanabara. A sa\u00fade \u00e9 estruturada para garantir efici\u00eancia, resolutividade e atendimento humanizado\u201d, frisou.<\/p>\n\n\n\n<p><br>A vistoria tamb\u00e9m foi acompanhada pelo vice-prefeito Gustavo Martinelli; pelos gestores de Infraestrutura e Servi\u00e7os P\u00fablicos, Adilson Rosa, e Inova\u00e7\u00e3o e Rela\u00e7\u00e3o com o Cidad\u00e3o, Thiago Maia; pelos vereadores Qu\u00e9zia de Lucca, M\u00e1rcio Pentecostes de Sousa (M\u00e1rcio Cabeleireiro), Enivaldo Ramos de Freitas (Val) e Jos\u00e9 Ant\u00f4nio Kachan J\u00fanior.<\/p>\n\n\n\n<p><strong><em>(Fonte\/Imagem: Prefeitura de Jundia\u00ed)<\/em><\/strong><\/p>\n","protected":false},"excerpt":{"rendered":"<p>A obra recebe investimento de cerca de R$ 13 milh\u00f5es<\/p>\n","protected":false},"author":30,"featured_media":105547,"comment_status":"closed","ping_status":"0","sticky":false,"template":"","format":"standard","meta":{"footnotes":""},"categories":[8356,1,2839,8355],"tags":[],"class_list":["post-105546","post","type-post","status-publish","format-standard","has-post-thumbnail","hentry","category-jundiai","category-noticias","category-saude","category-saude-3"],"_links":{"self":[{"href":"https:\/\/tvtecjundiai.com.br\/news\/wp-json\/wp\/v2\/posts\/105546","targetHints":{"allow":["GET"]}}],"collection":[{"href":"https:\/\/tvtecjundiai.com.br\/news\/wp-json\/wp\/v2\/posts"}],"about":[{"href":"https:\/\/tvtecjundiai.com.br\/news\/wp-json\/wp\/v2\/types\/post"}],"author":[{"embeddable":true,"href":"https:\/\/tvtecjundiai.com.br\/news\/wp-json\/wp\/v2\/users\/30"}],"replies":[{"embeddable":true,"href":"https:\/\/tvtecjundiai.com.br\/news\/wp-json\/wp\/v2\/comments?post=105546"}],"version-history":[{"count":1,"href":"https:\/\/tvtecjundiai.com.br\/news\/wp-json\/wp\/v2\/posts\/105546\/revisions"}],"predecessor-version":[{"id":105551,"href":"https:\/\/tvtecjundiai.com.br\/news\/wp-json\/wp\/v2\/posts\/105546\/revisions\/105551"}],"wp:featuredmedia":[{"embeddable":true,"href":"https:\/\/tvtecjundiai.com.br\/news\/wp-json\/wp\/v2\/media\/105547"}],"wp:attachment":[{"href":"https:\/\/tvtecjundiai.com.br\/news\/wp-json\/wp\/v2\/media?parent=105546"}],"wp:term":[{"taxonomy":"category","embeddable":true,"href":"https:\/\/tvtecjundiai.com.br\/news\/wp-json\/wp\/v2\/categories?post=105546"},{"taxonomy":"post_tag","embeddable":true,"href":"https:\/\/tvtecjundiai.com.br\/news\/wp-json\/wp\/v2\/tags?post=105546"}],"curies":[{"name":"wp","href":"https:\/\/api.w.org\/{rel}","templated":true}]}}