{"id":105563,"date":"2023-02-27T16:59:01","date_gmt":"2023-02-27T19:59:01","guid":{"rendered":"https:\/\/tvtecjundiai.com.br\/news\/?p=105563"},"modified":"2023-02-27T16:59:05","modified_gmt":"2023-02-27T19:59:05","slug":"sistema-de-gestao-de-prioridades-da-prefeitura-de-jundiai-vai-ganhar-mais-agilidade","status":"publish","type":"post","link":"https:\/\/tvtecjundiai.com.br\/news\/2023\/02\/27\/sistema-de-gestao-de-prioridades-da-prefeitura-de-jundiai-vai-ganhar-mais-agilidade\/","title":{"rendered":"Sistema de gest\u00e3o de prioridades da Prefeitura de Jundia\u00ed vai ganhar mais agilidade"},"content":{"rendered":"\n<p>Desde a implanta\u00e7\u00e3o do modelo de gest\u00e3o em plataformas, em 2017, a Prefeitura de Jundia\u00ed, a partir da Unidade de Gest\u00e3o de Governo e Finan\u00e7as (UGGF) implantou o sistema de Governan\u00e7a Web (GW), com funcionalidades para o acompanhamento dos projetos e obras priorit\u00e1rios da cidade. Nesta segunda-feira (27), foram apresentados os novos pain\u00e9is de monitoramento aos gestores e gerentes de projetos durante a 20\u00aa Reuni\u00e3o de Plataformas, realizada na Sala de Situa\u00e7\u00e3o. Ainda durante o encontro foram avaliados os avan\u00e7os de cada um dos projetos priorit\u00e1rios cujas obras est\u00e3o espalhsdas por toda a cidade.<\/p>\n\n\n\n<p>\u201cAs informa\u00e7\u00f5es precisam ser cada vez mais assertivas, para auxiliar na tomada de decis\u00f5es pela gest\u00e3o. Com as novas ferramentas apresentadas e os recursos gr\u00e1ficos dispon\u00edveis, a Unidade Central de Entregas, que \u00e9 a respons\u00e1vel pelo gerenciamento das informa\u00e7\u00f5es, conseguir\u00e1 ampliar as an\u00e1lises e direcionar esfor\u00e7os para os projetos priorit\u00e1rios que estejam com necessidades especiais. Ainda \u00e9 importante destacar a figura do gerente de projetos, que \u00e9 um servidor de carreira destacado para acompanhar as prioridades de cada Unidade de Gest\u00e3o para cuidar do avan\u00e7o de cada investimento\u201d, detalha o gestor da UGGF, Jos\u00e9 Antonio Parimoschi, que presidiu a reuni\u00e3o.<\/p>\n\n\n\n<p>De acordo com o diretor de Entregas, Jo\u00e3o Anhesini, o sistema digital concentra dados de todas as unidades envolvidas nos processos de uma obra. \u201cAntes da execu\u00e7\u00e3o de qualquer obra \u00e9 necess\u00e1rio ter o projeto, a licita\u00e7\u00e3o, os tr\u00e2mites da licita\u00e7\u00e3o, o in\u00edcio da obra, acompanhamento at\u00e9 a entrega. Em todos, v\u00e1rias unidades atuam de maneira conjunta. Por isso, o sistema \u00e9 essencial para monitorar o andamento\u201d, detalha. A popula\u00e7\u00e3o tamb\u00e9m pode acompanhar os dados a partir do Observat\u00f3rio Jundia\u00ed, onde s\u00e3o publicadas as informa\u00e7\u00f5es dos investimentos e a sua evolu\u00e7\u00e3o, com a possibilidade de visualizar por unidades de gest\u00e3o ou plataformas.<\/p>\n\n\n\n<figure class=\"wp-block-image size-large\"><img loading=\"lazy\" decoding=\"async\" width=\"1200\" height=\"801\" src=\"https:\/\/tvtecjundiai.com.br\/news\/wp-content\/uploads\/sites\/2\/2023\/02\/20-reuniao-de-plataforma_fm_-68-1200x801.jpg\" alt=\"\" class=\"wp-image-105564\" srcset=\"https:\/\/tvtecjundiai.com.br\/news\/wp-content\/uploads\/sites\/2\/2023\/02\/20-reuniao-de-plataforma_fm_-68-1200x801.jpg 1200w, https:\/\/tvtecjundiai.com.br\/news\/wp-content\/uploads\/sites\/2\/2023\/02\/20-reuniao-de-plataforma_fm_-68-300x200.jpg 300w, https:\/\/tvtecjundiai.com.br\/news\/wp-content\/uploads\/sites\/2\/2023\/02\/20-reuniao-de-plataforma_fm_-68-768x512.jpg 768w, https:\/\/tvtecjundiai.com.br\/news\/wp-content\/uploads\/sites\/2\/2023\/02\/20-reuniao-de-plataforma_fm_-68.jpg 1280w\" sizes=\"auto, (max-width: 1200px) 100vw, 1200px\" \/><figcaption class=\"wp-element-caption\">Reuni\u00e3o de plataformas apresentou demandas e avalia\u00e7\u00e3o<\/figcaption><\/figure>\n\n\n\n<p><strong>Obras<br><\/strong>A reuni\u00e3o contou com a participa\u00e7\u00e3o das Unidades de Gest\u00e3o, autarquias e funda\u00e7\u00f5es que fazem parte das Plataformas de Desenvolvimento Sustent\u00e1vel, Desenvolvimento Econ\u00f4mico, Tecnologia e Emprego e Inclus\u00e3o e Desenvolvimento Social, al\u00e9m de Governan\u00e7a, Finan\u00e7as e Transpar\u00eancia.<\/p>\n\n\n\n<p>Entre as obras em andamento, est\u00e3o em destaque a constru\u00e7\u00e3o do Complexo Vi\u00e1rio da Regi\u00e3o Sul, que nesta semana ultrapassar\u00e1 os 40% de execu\u00e7\u00e3o; a Cl\u00ednica da Fam\u00edlia da Ponte S\u00e3o Jo\u00e3o (que recebeu vistoria da equipe de gest\u00e3o e do Prefeito, na manh\u00e3 desta segunda-feira), o Centro M\u00e9dico de Especialidades e Pronto Atendimento da Vila Progresso. Ainda foram apresentados dados sobre a troca do telhado de galp\u00e3o do Expressa (antigo Complexo Fepasa), reformas nos terminais, revitaliza\u00e7\u00e3o da regi\u00e3o central e interven\u00e7\u00f5es no S\u00e3o Camilo.<\/p>\n\n\n\n<p><strong><em>(Fonte\/Imagem: Prefeitura de Jundia\u00ed)<\/em><\/strong><\/p>\n","protected":false},"excerpt":{"rendered":"<p>Ainda durante o encontro foram avaliados os avan\u00e7os de cada um dos projetos priorit\u00e1rios<\/p>\n","protected":false},"author":30,"featured_media":105565,"comment_status":"closed","ping_status":"0","sticky":false,"template":"","format":"standard","meta":{"footnotes":""},"categories":[8356,1],"tags":[],"class_list":["post-105563","post","type-post","status-publish","format-standard","has-post-thumbnail","hentry","category-jundiai","category-noticias"],"_links":{"self":[{"href":"https:\/\/tvtecjundiai.com.br\/news\/wp-json\/wp\/v2\/posts\/105563","targetHints":{"allow":["GET"]}}],"collection":[{"href":"https:\/\/tvtecjundiai.com.br\/news\/wp-json\/wp\/v2\/posts"}],"about":[{"href":"https:\/\/tvtecjundiai.com.br\/news\/wp-json\/wp\/v2\/types\/post"}],"author":[{"embeddable":true,"href":"https:\/\/tvtecjundiai.com.br\/news\/wp-json\/wp\/v2\/users\/30"}],"replies":[{"embeddable":true,"href":"https:\/\/tvtecjundiai.com.br\/news\/wp-json\/wp\/v2\/comments?post=105563"}],"version-history":[{"count":1,"href":"https:\/\/tvtecjundiai.com.br\/news\/wp-json\/wp\/v2\/posts\/105563\/revisions"}],"predecessor-version":[{"id":105566,"href":"https:\/\/tvtecjundiai.com.br\/news\/wp-json\/wp\/v2\/posts\/105563\/revisions\/105566"}],"wp:featuredmedia":[{"embeddable":true,"href":"https:\/\/tvtecjundiai.com.br\/news\/wp-json\/wp\/v2\/media\/105565"}],"wp:attachment":[{"href":"https:\/\/tvtecjundiai.com.br\/news\/wp-json\/wp\/v2\/media?parent=105563"}],"wp:term":[{"taxonomy":"category","embeddable":true,"href":"https:\/\/tvtecjundiai.com.br\/news\/wp-json\/wp\/v2\/categories?post=105563"},{"taxonomy":"post_tag","embeddable":true,"href":"https:\/\/tvtecjundiai.com.br\/news\/wp-json\/wp\/v2\/tags?post=105563"}],"curies":[{"name":"wp","href":"https:\/\/api.w.org\/{rel}","templated":true}]}}