{"id":105579,"date":"2023-02-28T12:33:24","date_gmt":"2023-02-28T15:33:24","guid":{"rendered":"https:\/\/tvtecjundiai.com.br\/news\/?p=105579"},"modified":"2023-03-01T08:44:18","modified_gmt":"2023-03-01T11:44:18","slug":"podtrampo-traz-empreendedoras-que-participaram-do-galpao","status":"publish","type":"post","link":"https:\/\/tvtecjundiai.com.br\/news\/2023\/02\/28\/podtrampo-traz-empreendedoras-que-participaram-do-galpao\/","title":{"rendered":"PodTrampo traz empreendedoras que participaram do Galp\u00e3o Criativo"},"content":{"rendered":"\n<p>O PodTrampo, podcast da Funda\u00e7\u00e3o Escola TVTEC, recebeu nesta ter\u00e7a-feira (28) as empreendedoras Marinilce Gomes, da S\u00e1lvia Rainha, e Regina Lazarini, da Aromas by Regina Lazarini, para um bate-papo sobre empreendedorismo. Al\u00e9m de contar suas experi\u00eancias na \u00e1rea do &#8216;fazer com as m\u00e3os&#8217;, as participantes do segundo Galp\u00e3o Criativo mostraram que \u00e9 poss\u00edvel empreender com qualidade, mas valorizando o produto e isto significa pre\u00e7o justo. <\/p>\n\n\n\n<p>Com foco no croch\u00ea contempor\u00e2neo, mas utilizando diferentes materiais, como fios de cobre, sobras de mangueiras e fios el\u00e9tricos, a professora aposentada Marinilce Gomes, conta que come\u00e7ou a intensificar seu trabalho em 2020, mas sempre teve esta veia de fazer o diferente. Como o croch\u00ea sempre fez parte de sua vida, a professora de artes come\u00e7ou a vender seus produtos. Entendeu que empreender \u00e9 diferente de vender e precisava de mais, ali\u00e1s, muito mais.&#8221;<\/p>\n\n\n\n<p>A professora confessa que j\u00e1 fez v\u00e1rias cursos na TVTEC o que abriu &#8216;portas&#8217; para que ela pudesse ampliar seus conhecimentos e mostrar seu trabalho. &#8220;Recebi o convite para participar da mostra e queria mostrar por aqui, quer dizer, mostrar o produto local, incentivar o trabalho do pequeno. \u00c9 interessante estimular  consumo local, mesmo pequeno \u00e9 interessante estimular este trabalho&#8221;, refor\u00e7ando sobre seu trabalho de customiza\u00e7\u00e3o de roupas e acess\u00f3rios. <\/p>\n\n\n\n<p>Aten\u00e7\u00e3o e entrega devem ser priorit\u00e1rias tamb\u00e9m dentro do trabalho artesanal. &#8220;Precisamos de aten\u00e7\u00e3o para executar e n\u00e3o posso ficar pensando em outras coisas, temos que estar totalmente dedicadas. Tudo que a gente faz vai com aquele produto, por isso procuro toda amorosidade, todo meu carinho. N\u00e3o fa\u00e7o o poss\u00edvel, fa\u00e7o o melhor porque corre o risco de cair na mediocridade.&#8221;<\/p>\n\n\n\n<figure class=\"wp-block-image size-large\"><img loading=\"lazy\" decoding=\"async\" width=\"1200\" height=\"800\" src=\"https:\/\/tvtecjundiai.com.br\/news\/wp-content\/uploads\/sites\/2\/2023\/02\/pod-trampo2-1200x800.jpg\" alt=\"\" class=\"wp-image-105618\" srcset=\"https:\/\/tvtecjundiai.com.br\/news\/wp-content\/uploads\/sites\/2\/2023\/02\/pod-trampo2-1200x800.jpg 1200w, https:\/\/tvtecjundiai.com.br\/news\/wp-content\/uploads\/sites\/2\/2023\/02\/pod-trampo2-300x200.jpg 300w, https:\/\/tvtecjundiai.com.br\/news\/wp-content\/uploads\/sites\/2\/2023\/02\/pod-trampo2-768x512.jpg 768w, https:\/\/tvtecjundiai.com.br\/news\/wp-content\/uploads\/sites\/2\/2023\/02\/pod-trampo2.jpg 1280w\" sizes=\"auto, (max-width: 1200px) 100vw, 1200px\" \/><figcaption class=\"wp-element-caption\">Marinilce Gomes sempre quis fazer o diferente em seus trabalhos e pe\u00e7as <\/figcaption><\/figure>\n\n\n\n<p>Pela primeira vez no Galp\u00e3o Criativo, a empres\u00e1ria Regina Lazarini, diz que o trabalho manual sempre fez parte de sua vida. Apesar de ser empres\u00e1ria no setor de moda, inclusive com lojas e artigos para beb\u00ea, ela conta que suas primeiras &#8216;aventuras&#8217; no setor de artesanato, foram com as velas e no setor de sabonetes. &#8220;Comecei a fazer algumas pe\u00e7as e as pessoas gostaram muito. Fiz algumas postagens e ai come\u00e7aram as encomendas. Quando soube do Galp\u00e3o Criativo pedi para participar e foi muito bom porque \u00e9 a minha primeira feira e eu amei.&#8221;<\/p>\n\n\n\n<p>Cremes, aromatizadores, difusores e creme para as m\u00e3os s\u00e3o alguns dos produtos comercializados pela Regina. O cheiro e aromas fazem a diferen\u00e7a quando o assunto \u00e9 atrair a aten\u00e7\u00e3o pelas mem\u00f3rias afetivas. &#8220;J\u00e1 estou trabalhando com uma vela que pode ser utilizada para hidratar o cabelo e unha. Uma linha para o rosto tamb\u00e9m est\u00e1 sendo estudada. Ali\u00e1s, uma coisa leva a outra, por isso os cursos e as pesquisas s\u00e3o importantes.&#8221;<\/p>\n\n\n\n<figure class=\"wp-block-image size-large\"><img loading=\"lazy\" decoding=\"async\" width=\"1200\" height=\"800\" src=\"https:\/\/tvtecjundiai.com.br\/news\/wp-content\/uploads\/sites\/2\/2023\/02\/pod-trampo3-1200x800.jpg\" alt=\"\" class=\"wp-image-105619\" srcset=\"https:\/\/tvtecjundiai.com.br\/news\/wp-content\/uploads\/sites\/2\/2023\/02\/pod-trampo3-1200x800.jpg 1200w, https:\/\/tvtecjundiai.com.br\/news\/wp-content\/uploads\/sites\/2\/2023\/02\/pod-trampo3-300x200.jpg 300w, https:\/\/tvtecjundiai.com.br\/news\/wp-content\/uploads\/sites\/2\/2023\/02\/pod-trampo3-768x512.jpg 768w, https:\/\/tvtecjundiai.com.br\/news\/wp-content\/uploads\/sites\/2\/2023\/02\/pod-trampo3.jpg 1280w\" sizes=\"auto, (max-width: 1200px) 100vw, 1200px\" \/><figcaption class=\"wp-element-caption\">Regina Lazarini participou pela primeira vez do Galp\u00e3o Criativo e aprovou o que viu e sentiu<\/figcaption><\/figure>\n\n\n\n<p>Precificar com qualidade<\/p>\n\n\n\n<p>Independente do trabalho e do produto, \u00e9 preciso saber qualificar, <span style=\"font-size: revert;color: initial\">precificar e aprender a divulgar seu produto. &#8220;Independente se \u00e9 a primeira op\u00e7\u00e3o de renda, do trabalho, temos que valorizar nosso trabalho. O galp\u00e3o me trouxe o brilho dos olhos, nenhuma barreira pode me segurar. Eu estou dentro e estou dentro mesmo. Quem menos se valoriza \u00e9 o pr\u00f3prio artes\u00e3o&#8221;, lamenta Marinilce.<\/span><\/p>\n\n\n\n<p>Quando se faz os cursos da TVTEC, tudo fica mais f\u00e1cil, tanto na disposi\u00e7\u00e3o dos produtos quanto na precifica\u00e7\u00e3o. &#8220;Quando <span style=\"font-size: revert;color: initial\">a pessoa veio no primeiro e no segundo, sentiu a diferen\u00e7a. Meu diferencial n\u00e3o pode ser apenas no pre\u00e7o. As pessoas que desejam menor pre\u00e7o \u00e9 que nunca &#8216;pexinxam&#8217; em outras coisas&#8217;. Eu sei o trabalho que d\u00e1, como eu estruturo, eu n\u00e3o quero apenas que comprem meu produto e depois joguem fora. Quero que seja dur\u00e1vel, atemporal, que podem seguir uma tend\u00eancia, mas n\u00e3o s\u00e3o moda ou datadas, mas sim usar o tempo todo.&#8221;<\/span><\/p>\n\n\n\n<p>J\u00e1 para Regina, o produto deve ser valorizado. &#8220;O pre\u00e7o n\u00e3o \u00e9 t\u00e3o f\u00e1cil de ser colocado, mesmo assim temos que pensar no nosso tempo, trabalho, mat\u00e9ria-prima. O melhor que se pode pagar, a beleza \u00e9 necess\u00e1ria, mas \u00e9 preciso ter consci\u00eancia ambiental com materiais que podem ser reutilizados. Eu busco a melhor qualidade&#8221;, diz Regina.<\/p>\n\n\n\n<p>O podcast completo pode ser conferida no <a href=\"https:\/\/www.facebook.com\/tvtecjundiai\/videos\/2062807097509219\">Facebook<\/a> e <a href=\"https:\/\/www.youtube.com\/watch?v=gqaq5CLbo0k\">YouTube<\/a> da TVTEC Jundia\u00ed.<\/p>\n\n\n\n<p><strong><em>(Fonte\/Imagens: TVTEC Jundia\u00ed)<\/em><\/strong><\/p>\n\n\n\n<p><\/p>\n","protected":false},"excerpt":{"rendered":"<p>Bate-papo foi importante para mostrar que a qualifica\u00e7\u00e3o \u00e9 essencial<\/p>\n","protected":false},"author":30,"featured_media":105617,"comment_status":"closed","ping_status":"0","sticky":false,"template":"","format":"standard","meta":{"footnotes":""},"categories":[2834,29,8356],"tags":[],"class_list":["post-105579","post","type-post","status-publish","format-standard","has-post-thumbnail","hentry","category-cidades","category-destaque","category-jundiai"],"_links":{"self":[{"href":"https:\/\/tvtecjundiai.com.br\/news\/wp-json\/wp\/v2\/posts\/105579","targetHints":{"allow":["GET"]}}],"collection":[{"href":"https:\/\/tvtecjundiai.com.br\/news\/wp-json\/wp\/v2\/posts"}],"about":[{"href":"https:\/\/tvtecjundiai.com.br\/news\/wp-json\/wp\/v2\/types\/post"}],"author":[{"embeddable":true,"href":"https:\/\/tvtecjundiai.com.br\/news\/wp-json\/wp\/v2\/users\/30"}],"replies":[{"embeddable":true,"href":"https:\/\/tvtecjundiai.com.br\/news\/wp-json\/wp\/v2\/comments?post=105579"}],"version-history":[{"count":3,"href":"https:\/\/tvtecjundiai.com.br\/news\/wp-json\/wp\/v2\/posts\/105579\/revisions"}],"predecessor-version":[{"id":105656,"href":"https:\/\/tvtecjundiai.com.br\/news\/wp-json\/wp\/v2\/posts\/105579\/revisions\/105656"}],"wp:featuredmedia":[{"embeddable":true,"href":"https:\/\/tvtecjundiai.com.br\/news\/wp-json\/wp\/v2\/media\/105617"}],"wp:attachment":[{"href":"https:\/\/tvtecjundiai.com.br\/news\/wp-json\/wp\/v2\/media?parent=105579"}],"wp:term":[{"taxonomy":"category","embeddable":true,"href":"https:\/\/tvtecjundiai.com.br\/news\/wp-json\/wp\/v2\/categories?post=105579"},{"taxonomy":"post_tag","embeddable":true,"href":"https:\/\/tvtecjundiai.com.br\/news\/wp-json\/wp\/v2\/tags?post=105579"}],"curies":[{"name":"wp","href":"https:\/\/api.w.org\/{rel}","templated":true}]}}