{"id":105593,"date":"2023-02-28T09:39:48","date_gmt":"2023-02-28T12:39:48","guid":{"rendered":"https:\/\/tvtecjundiai.com.br\/news\/?p=105593"},"modified":"2023-02-28T09:39:48","modified_gmt":"2023-02-28T12:39:48","slug":"ciempi-recebe-a-exposicao-espacos-do-sim-entre-marco-e-abril","status":"publish","type":"post","link":"https:\/\/tvtecjundiai.com.br\/news\/2023\/02\/28\/ciempi-recebe-a-exposicao-espacos-do-sim-entre-marco-e-abril\/","title":{"rendered":"CIEMPI recebe a exposi\u00e7\u00e3o \u201cEspa\u00e7os do Sim\u201d entre mar\u00e7o e abril"},"content":{"rendered":"\n<p>No per\u00edodo&nbsp;de 11 de mar\u00e7o a 12 de abril de 2023,&nbsp;a Unidade de Gest\u00e3o de Educa\u00e7\u00e3o (UGE)&nbsp;realizar\u00e1 a Exposi\u00e7\u00e3o \u201cEspa\u00e7os do Sim\u201d. A exposi\u00e7\u00e3o acontecer\u00e1 no&nbsp;Centro Internacional de Estudos, Mem\u00f3rias e Pesquisas da Inf\u00e2ncia&nbsp;(CIEMPI) e \u00e9 fruto de uma&nbsp;parceria com&nbsp;o Ateli\u00ea Quero-Quero.<\/p>\n\n\n\n<p>A cerim\u00f4nia de abertura acontecer\u00e1 no dia 10 de mar\u00e7o, \u00e0s 17h,&nbsp;com a presen\u00e7a da diretoria do Ateli\u00ea Quero Quero, Karine Rodrigues Ramos, da Gestora de Educa\u00e7\u00e3o Vast\u00ed Ferrari Marques,&nbsp;e demais convidados.<\/p>\n\n\n\n<p>Com&nbsp;ambientes espa\u00e7osos, inventivos, l\u00fadicos e vers\u00e1teis, a&nbsp;mostra ser\u00e1 destinada a educadores, fam\u00edlias, crian\u00e7as, gestores p\u00fablicos, profissionais, pesquisadores e demais interessados na centralidade dos espa\u00e7os e materiais para a qualidade da&nbsp;educa\u00e7\u00e3o.<\/p>\n\n\n<div class=\"wp-block-image\">\n<figure class=\"aligncenter size-large is-resized\"><img loading=\"lazy\" decoding=\"async\" src=\"https:\/\/tvtecjundiai.com.br\/news\/wp-content\/uploads\/sites\/2\/2023\/02\/jnet1637-1200x801.jpg\" alt=\"\" class=\"wp-image-105594\" width=\"733\" height=\"489\" srcset=\"https:\/\/tvtecjundiai.com.br\/news\/wp-content\/uploads\/sites\/2\/2023\/02\/jnet1637-1200x801.jpg 1200w, https:\/\/tvtecjundiai.com.br\/news\/wp-content\/uploads\/sites\/2\/2023\/02\/jnet1637-300x200.jpg 300w, https:\/\/tvtecjundiai.com.br\/news\/wp-content\/uploads\/sites\/2\/2023\/02\/jnet1637-768x512.jpg 768w, https:\/\/tvtecjundiai.com.br\/news\/wp-content\/uploads\/sites\/2\/2023\/02\/jnet1637.jpg 1280w\" sizes=\"auto, (max-width: 733px) 100vw, 733px\" \/><figcaption class=\"wp-element-caption\">CIEMP se prepara para receber a exposi\u00e7\u00e3o \u201cEspa\u00e7os do Sim\u201d em mar\u00e7o<\/figcaption><\/figure>\n<\/div>\n\n\n<p>Ser\u00e3o apresentados espa\u00e7os completos, com mobili\u00e1rio das Cole\u00e7\u00f5es do Ateli\u00ea Quero Quero e com materiais multissensoriais, espec\u00edficos para cada faixa et\u00e1ria. Compondo ambientes org\u00e2nicos, com elementos da cultura da inf\u00e2ncia e naturais, elementos expressivos, os contextos buscam o bem estar e ao mesmo tempo potencializam as investiga\u00e7\u00f5es infantis.<\/p>\n\n\n\n<p>Al\u00e9m da exposi\u00e7\u00e3o, a parceria prev\u00ea a realiza\u00e7\u00e3o de Encontros Formativos para&nbsp;a equipe t\u00e9cnica da UGE (09\/03) e para&nbsp;educadores das escolas p\u00fablicas municipais (24\/03).&nbsp;<\/p>\n\n\n\n<p>O Centro Internacional de Estudos, Mem\u00f3rias e Pesquisas da Inf\u00e2ncia-\u00a0CIEMPI,\u00a0Jundia\u00ed, est\u00e1 localizado na avenida Dr. Cavalcanti, Vila Argos. Tel. 4526-7774. A visita\u00e7\u00e3o ser\u00e1 gratuita e estar\u00e1 aberta ao p\u00fablico de ter\u00e7a a sexta, das 9h \u00e0s 17h e aos s\u00e1bados, das 9h \u00e0s 13h.<\/p>\n\n\n\n<p><strong><em>(Fonte\/Imagem: Prefeitura de Jundia\u00ed)<\/em><\/strong><\/p>\n","protected":false},"excerpt":{"rendered":"<p>A cerim\u00f4nia de abertura acontecer\u00e1 no dia 10 de mar\u00e7o, \u00e0s 17h<\/p>\n","protected":false},"author":30,"featured_media":105594,"comment_status":"closed","ping_status":"0","sticky":false,"template":"","format":"standard","meta":{"footnotes":""},"categories":[2828,8356,1],"tags":[],"class_list":["post-105593","post","type-post","status-publish","format-standard","has-post-thumbnail","hentry","category-educacao","category-jundiai","category-noticias"],"_links":{"self":[{"href":"https:\/\/tvtecjundiai.com.br\/news\/wp-json\/wp\/v2\/posts\/105593","targetHints":{"allow":["GET"]}}],"collection":[{"href":"https:\/\/tvtecjundiai.com.br\/news\/wp-json\/wp\/v2\/posts"}],"about":[{"href":"https:\/\/tvtecjundiai.com.br\/news\/wp-json\/wp\/v2\/types\/post"}],"author":[{"embeddable":true,"href":"https:\/\/tvtecjundiai.com.br\/news\/wp-json\/wp\/v2\/users\/30"}],"replies":[{"embeddable":true,"href":"https:\/\/tvtecjundiai.com.br\/news\/wp-json\/wp\/v2\/comments?post=105593"}],"version-history":[{"count":2,"href":"https:\/\/tvtecjundiai.com.br\/news\/wp-json\/wp\/v2\/posts\/105593\/revisions"}],"predecessor-version":[{"id":105596,"href":"https:\/\/tvtecjundiai.com.br\/news\/wp-json\/wp\/v2\/posts\/105593\/revisions\/105596"}],"wp:featuredmedia":[{"embeddable":true,"href":"https:\/\/tvtecjundiai.com.br\/news\/wp-json\/wp\/v2\/media\/105594"}],"wp:attachment":[{"href":"https:\/\/tvtecjundiai.com.br\/news\/wp-json\/wp\/v2\/media?parent=105593"}],"wp:term":[{"taxonomy":"category","embeddable":true,"href":"https:\/\/tvtecjundiai.com.br\/news\/wp-json\/wp\/v2\/categories?post=105593"},{"taxonomy":"post_tag","embeddable":true,"href":"https:\/\/tvtecjundiai.com.br\/news\/wp-json\/wp\/v2\/tags?post=105593"}],"curies":[{"name":"wp","href":"https:\/\/api.w.org\/{rel}","templated":true}]}}