{"id":105604,"date":"2023-02-28T10:02:01","date_gmt":"2023-02-28T13:02:01","guid":{"rendered":"https:\/\/tvtecjundiai.com.br\/news\/?p=105604"},"modified":"2023-02-28T10:02:02","modified_gmt":"2023-02-28T13:02:02","slug":"projeto-caminho-da-alegria-esta-com-inscricoes-abertas-para-voluntarios","status":"publish","type":"post","link":"https:\/\/tvtecjundiai.com.br\/news\/2023\/02\/28\/projeto-caminho-da-alegria-esta-com-inscricoes-abertas-para-voluntarios\/","title":{"rendered":"Projeto Caminho da Alegria est\u00e1 com inscri\u00e7\u00f5es abertas para volunt\u00e1rios"},"content":{"rendered":"\n<p>O projeto Caminho da Alegria, do N\u00facleo Assistencial Casa do Caminho, est\u00e1 aceitando inscri\u00e7\u00f5es para novos volunt\u00e1rios at\u00e9 esta quarta-feira (1). O grupo, atualmente formado por 14 doutores palha\u00e7os, leva alegria para pacientes do Hospital S\u00e3o Vicente e do Hospital Universit\u00e1rio de Jundia\u00ed aos s\u00e1bados.<\/p>\n\n\n<div class=\"wp-block-image\">\n<figure class=\"aligncenter size-full is-resized\"><img loading=\"lazy\" decoding=\"async\" src=\"https:\/\/tvtecjundiai.com.br\/news\/wp-content\/uploads\/sites\/2\/2023\/01\/caminho-da-alegria-3.jpg\" alt=\"\" class=\"wp-image-103796\" width=\"579\" height=\"434\" srcset=\"https:\/\/tvtecjundiai.com.br\/news\/wp-content\/uploads\/sites\/2\/2023\/01\/caminho-da-alegria-3.jpg 960w, https:\/\/tvtecjundiai.com.br\/news\/wp-content\/uploads\/sites\/2\/2023\/01\/caminho-da-alegria-3-300x225.jpg 300w, https:\/\/tvtecjundiai.com.br\/news\/wp-content\/uploads\/sites\/2\/2023\/01\/caminho-da-alegria-3-768x576.jpg 768w\" sizes=\"auto, (max-width: 579px) 100vw, 579px\" \/><\/figure>\n<\/div>\n\n\n<p><\/p>\n\n\n\n<p>O objetivo da a\u00e7\u00e3o \u00e9 aliviar o estresse, dor e cansa\u00e7o dos pacientes e colaboradores do hospital. \u201cPara o palha\u00e7o n\u00e3o h\u00e1 dor, tristeza, certo, errado. Ele \u00e9 inocente, ing\u00eanuo e verdadeiro. Temos depoimentos que mostram que, realmente, conseguimos ajudar no processo de cura e recupera\u00e7\u00e3o das pessoas\u201d, afirma Silmara Leme do Prado, coordenadora e volunt\u00e1ria do projeto.<\/p>\n\n\n\n<p>Para se inscrever, basta enviar at\u00e9 esta quarta-feira (1) um e-mail para inscricaocasadocaminho@gmail.com com o nome e contato de WhatsApp do interessado. <\/p>\n\n\n<div class=\"wp-block-image\">\n<figure class=\"aligncenter size-large is-resized\"><img loading=\"lazy\" decoding=\"async\" src=\"https:\/\/tvtecjundiai.com.br\/news\/wp-content\/uploads\/sites\/2\/2023\/01\/caminho-da-alegria-foto-legal-960x960.jpg\" alt=\"\" class=\"wp-image-103798\" width=\"441\" height=\"441\" srcset=\"https:\/\/tvtecjundiai.com.br\/news\/wp-content\/uploads\/sites\/2\/2023\/01\/caminho-da-alegria-foto-legal-960x960.jpg 960w, https:\/\/tvtecjundiai.com.br\/news\/wp-content\/uploads\/sites\/2\/2023\/01\/caminho-da-alegria-foto-legal-300x300.jpg 300w, https:\/\/tvtecjundiai.com.br\/news\/wp-content\/uploads\/sites\/2\/2023\/01\/caminho-da-alegria-foto-legal-100x100.jpg 100w, https:\/\/tvtecjundiai.com.br\/news\/wp-content\/uploads\/sites\/2\/2023\/01\/caminho-da-alegria-foto-legal-768x768.jpg 768w, https:\/\/tvtecjundiai.com.br\/news\/wp-content\/uploads\/sites\/2\/2023\/01\/caminho-da-alegria-foto-legal.jpg 1280w\" sizes=\"auto, (max-width: 441px) 100vw, 441px\" \/><\/figure>\n<\/div>\n\n\n<p><\/p>\n\n\n\n<p><strong>Requisitos para participar do projeto: <\/strong><\/p>\n\n\n\n<ul class=\"wp-block-list\">\n<li>Ser maior de 21 anos<\/li>\n\n\n\n<li>Ter tomado ao menos tr\u00eas doses da vacina contra a COVID-19<\/li>\n\n\n\n<li>Ter disponibilidade para trabalhar voluntariamente aos s\u00e1bados \u00e0 tarde<\/li>\n\n\n\n<li>Deixar reservado o dia 11 de mar\u00e7o para a seletiva presencial<\/li>\n<\/ul>\n\n\n<div class=\"wp-block-image\">\n<figure class=\"aligncenter size-full is-resized\"><img loading=\"lazy\" decoding=\"async\" src=\"https:\/\/tvtecjundiai.com.br\/news\/wp-content\/uploads\/sites\/2\/2023\/01\/caminho-da-alegria.jpg\" alt=\"\" class=\"wp-image-103800\" width=\"579\" height=\"434\" srcset=\"https:\/\/tvtecjundiai.com.br\/news\/wp-content\/uploads\/sites\/2\/2023\/01\/caminho-da-alegria.jpg 780w, https:\/\/tvtecjundiai.com.br\/news\/wp-content\/uploads\/sites\/2\/2023\/01\/caminho-da-alegria-300x225.jpg 300w, https:\/\/tvtecjundiai.com.br\/news\/wp-content\/uploads\/sites\/2\/2023\/01\/caminho-da-alegria-768x576.jpg 768w\" sizes=\"auto, (max-width: 579px) 100vw, 579px\" \/><\/figure>\n<\/div>\n\n\n<p><\/p>\n\n\n\n<p>O N\u00facleo Assistencial Casa do Caminho mant\u00e9m o Caminho da Alegria e demais projetos com doa\u00e7\u00f5es. Est\u00e1 localizado na rua Martim Afonso de Souza, 25, Jardim Santa J\u00falia. O telefone \u00e9 (11) 4492-4397. A chave pix para doa\u00e7\u00f5es \u00e9 o CNPJ 07.364.004\/0001-06.<\/p>\n\n\n\n<p>Instagram:&nbsp;<a href=\"https:\/\/www.instagram.com\/nucleocasadocaminho\/\">@nucleocasadocaminho<\/a>&nbsp;e&nbsp;<a href=\"https:\/\/www.instagram.com\/caminhodaalegriaoficial\/\">@caminhodaalegriaoficial<\/a><\/p>\n\n\n\n<p><em><strong>(Fonte: TVTEC Jundia\u00ed\/Imagens: Divulga\u00e7\u00e3o\/N\u00facleo Assistencial Casa do Caminho)<\/strong><\/em><\/p>\n","protected":false},"excerpt":{"rendered":"<p>Para se inscrever, basta enviar at\u00e9 esta quarta (1) um e-mail para o N\u00facleo Assistencial Casa do Caminho<\/p>\n","protected":false},"author":30,"featured_media":103800,"comment_status":"closed","ping_status":"0","sticky":false,"template":"","format":"standard","meta":{"footnotes":""},"categories":[8356,1],"tags":[],"class_list":["post-105604","post","type-post","status-publish","format-standard","has-post-thumbnail","hentry","category-jundiai","category-noticias"],"_links":{"self":[{"href":"https:\/\/tvtecjundiai.com.br\/news\/wp-json\/wp\/v2\/posts\/105604","targetHints":{"allow":["GET"]}}],"collection":[{"href":"https:\/\/tvtecjundiai.com.br\/news\/wp-json\/wp\/v2\/posts"}],"about":[{"href":"https:\/\/tvtecjundiai.com.br\/news\/wp-json\/wp\/v2\/types\/post"}],"author":[{"embeddable":true,"href":"https:\/\/tvtecjundiai.com.br\/news\/wp-json\/wp\/v2\/users\/30"}],"replies":[{"embeddable":true,"href":"https:\/\/tvtecjundiai.com.br\/news\/wp-json\/wp\/v2\/comments?post=105604"}],"version-history":[{"count":1,"href":"https:\/\/tvtecjundiai.com.br\/news\/wp-json\/wp\/v2\/posts\/105604\/revisions"}],"predecessor-version":[{"id":105605,"href":"https:\/\/tvtecjundiai.com.br\/news\/wp-json\/wp\/v2\/posts\/105604\/revisions\/105605"}],"wp:featuredmedia":[{"embeddable":true,"href":"https:\/\/tvtecjundiai.com.br\/news\/wp-json\/wp\/v2\/media\/103800"}],"wp:attachment":[{"href":"https:\/\/tvtecjundiai.com.br\/news\/wp-json\/wp\/v2\/media?parent=105604"}],"wp:term":[{"taxonomy":"category","embeddable":true,"href":"https:\/\/tvtecjundiai.com.br\/news\/wp-json\/wp\/v2\/categories?post=105604"},{"taxonomy":"post_tag","embeddable":true,"href":"https:\/\/tvtecjundiai.com.br\/news\/wp-json\/wp\/v2\/tags?post=105604"}],"curies":[{"name":"wp","href":"https:\/\/api.w.org\/{rel}","templated":true}]}}