{"id":105626,"date":"2023-02-28T15:30:49","date_gmt":"2023-02-28T18:30:49","guid":{"rendered":"https:\/\/tvtecjundiai.com.br\/news\/?p=105626"},"modified":"2023-02-28T15:30:49","modified_gmt":"2023-02-28T18:30:49","slug":"kalimera-hortifruti-esta-com-vagas-de-emprego-abertas-em-jundiai-2","status":"publish","type":"post","link":"https:\/\/tvtecjundiai.com.br\/news\/2023\/02\/28\/kalimera-hortifruti-esta-com-vagas-de-emprego-abertas-em-jundiai-2\/","title":{"rendered":"Kalimera Hortifruti est\u00e1 com vagas de emprego abertas em Jundia\u00ed"},"content":{"rendered":"\n<p>A rede Kalimera Hortifruti est\u00e1 com vagas de emprego abertas em sua unidade na rua do Retiro, em Jundia\u00ed. As oportunidades s\u00e3o para estoquista, a\u00e7ougueiro, repositor, atendente balconista, empacotador a m\u00e3o e auxiliar de cozinha.<\/p>\n\n\n\n<p>Os interessados podem se inscrever pelo\u00a0<a href=\"https:\/\/web.jundiai.sp.gov.br\/PMJ\/emprega\/Vaga#\">portal Jundia\u00ed Empreendedora<\/a>, da Prefeitura de Jundia\u00ed. Para encontrar as vagas, basta digitar \u201cKalimera Hortifruti\u201d no campo de buscas. N\u00e3o h\u00e1 n\u00edvel de escolaridade m\u00ednimo exigido para se candidatar.<\/p>\n\n\n<div class=\"wp-block-image\">\n<figure class=\"aligncenter size-large is-resized\"><img loading=\"lazy\" decoding=\"async\" src=\"https:\/\/tvtecjundiai.com.br\/news\/wp-content\/uploads\/sites\/2\/2022\/12\/kalimera-2-1200x900.jpg\" alt=\"\" class=\"wp-image-103040\" width=\"601\" height=\"451\" srcset=\"https:\/\/tvtecjundiai.com.br\/news\/wp-content\/uploads\/sites\/2\/2022\/12\/kalimera-2-1200x900.jpg 1200w, https:\/\/tvtecjundiai.com.br\/news\/wp-content\/uploads\/sites\/2\/2022\/12\/kalimera-2-300x225.jpg 300w, https:\/\/tvtecjundiai.com.br\/news\/wp-content\/uploads\/sites\/2\/2022\/12\/kalimera-2-768x576.jpg 768w, https:\/\/tvtecjundiai.com.br\/news\/wp-content\/uploads\/sites\/2\/2022\/12\/kalimera-2.jpg 1280w\" sizes=\"auto, (max-width: 601px) 100vw, 601px\" \/><\/figure>\n<\/div>\n\n\n<p><\/p>\n\n\n\n<p><strong>Vagas \u2013 Kalimera Hortifruti<\/strong><\/p>\n\n\n\n<ul class=\"wp-block-list\">\n<li>Estoquista \u2013 1 vaga<\/li>\n\n\n\n<li>A\u00e7ougueiro \u2013 1 vaga<\/li>\n\n\n\n<li>Repositor \u2013 1 vaga<\/li>\n\n\n\n<li>Empacotador a m\u00e3o \u2013 1 vaga (para Pessoa com Defici\u00eancia &#8211; PCD)<\/li>\n\n\n\n<li>Atendente balconista \u2013 2 vagas<\/li>\n\n\n\n<li>Operador de caixa \u2013 1 vaga<\/li>\n<\/ul>\n\n\n\n<p><em><strong>(Fonte: TVTEC Jundia\u00ed\/Imagem: Divulga\u00e7\u00e3o\/Kalimera Hortifruti)<\/strong><\/em><\/p>\n","protected":false},"excerpt":{"rendered":"<p>Os interessados podem se inscrever pelo\u00a0portal Jundia\u00ed Empreendedora<\/p>\n","protected":false},"author":30,"featured_media":103040,"comment_status":"closed","ping_status":"0","sticky":false,"template":"","format":"standard","meta":{"footnotes":""},"categories":[5038,8363,8356,1],"tags":[],"class_list":["post-105626","post","type-post","status-publish","format-standard","has-post-thumbnail","hentry","category-emprego","category-emprego-2","category-jundiai","category-noticias"],"_links":{"self":[{"href":"https:\/\/tvtecjundiai.com.br\/news\/wp-json\/wp\/v2\/posts\/105626","targetHints":{"allow":["GET"]}}],"collection":[{"href":"https:\/\/tvtecjundiai.com.br\/news\/wp-json\/wp\/v2\/posts"}],"about":[{"href":"https:\/\/tvtecjundiai.com.br\/news\/wp-json\/wp\/v2\/types\/post"}],"author":[{"embeddable":true,"href":"https:\/\/tvtecjundiai.com.br\/news\/wp-json\/wp\/v2\/users\/30"}],"replies":[{"embeddable":true,"href":"https:\/\/tvtecjundiai.com.br\/news\/wp-json\/wp\/v2\/comments?post=105626"}],"version-history":[{"count":1,"href":"https:\/\/tvtecjundiai.com.br\/news\/wp-json\/wp\/v2\/posts\/105626\/revisions"}],"predecessor-version":[{"id":105627,"href":"https:\/\/tvtecjundiai.com.br\/news\/wp-json\/wp\/v2\/posts\/105626\/revisions\/105627"}],"wp:featuredmedia":[{"embeddable":true,"href":"https:\/\/tvtecjundiai.com.br\/news\/wp-json\/wp\/v2\/media\/103040"}],"wp:attachment":[{"href":"https:\/\/tvtecjundiai.com.br\/news\/wp-json\/wp\/v2\/media?parent=105626"}],"wp:term":[{"taxonomy":"category","embeddable":true,"href":"https:\/\/tvtecjundiai.com.br\/news\/wp-json\/wp\/v2\/categories?post=105626"},{"taxonomy":"post_tag","embeddable":true,"href":"https:\/\/tvtecjundiai.com.br\/news\/wp-json\/wp\/v2\/tags?post=105626"}],"curies":[{"name":"wp","href":"https:\/\/api.w.org\/{rel}","templated":true}]}}