{"id":105668,"date":"2023-03-01T09:17:38","date_gmt":"2023-03-01T12:17:38","guid":{"rendered":"https:\/\/tvtecjundiai.com.br\/news\/?p=105668"},"modified":"2023-03-01T09:17:44","modified_gmt":"2023-03-01T12:17:44","slug":"jundiai-comeca-a-aplicar-vacina-bivalente-da-pfizer-contra-a-covid-19","status":"publish","type":"post","link":"https:\/\/tvtecjundiai.com.br\/news\/2023\/03\/01\/jundiai-comeca-a-aplicar-vacina-bivalente-da-pfizer-contra-a-covid-19\/","title":{"rendered":"Jundia\u00ed come\u00e7a a aplicar vacina bivalente da Pfizer contra a COVID-19"},"content":{"rendered":"\n<p>Jundia\u00ed iniciou nesta ter\u00e7a-feira (28) a aplica\u00e7\u00e3o da vacina bivalente contra a COVID-19, fabricada pela Pfizer para maiores de 70 anos. A vacina \u00e9 uma\u00a0atualiza\u00e7\u00e3o dos primeiros imunizantes\u00a0fabricados contra a COVID-19\u00a0e\u00a0protege contra a cepa original do coronav\u00edrus, al\u00e9m das subvariantes \u00f4micron. Para tomar a dose bivalente, a pessoa deve ter recebido, no m\u00ednimo, duas doses da vacina monovalente (Janssen, Pfizer, CoronaVac ou Astrazeneca) e ter tomado a \u00faltima dose h\u00e1, pelo menos, quatro meses.<\/p>\n\n\n\n<p>Nesta primeira fase, conforme documento t\u00e9cnico do Minist\u00e9rio da Sa\u00fade, os primeiros a serem imunizados ser\u00e3o os idosos acima de 70 anos; pessoas vivendo em Institui\u00e7\u00f5es de Longa Perman\u00eancia (ILPI\u2019s) a partir de 12 anos; e pessoas imunocomprometidas a partir de 12 anos.<\/p>\n\n\n\n<p>Lino Loiola, de 70 anos, foi um dos primeiros a receber a nova vacina. \u201cTomei as outras quatro doses, e agora a bivalente\u201d, comemorou. J\u00e1 a sua esposa Sandra , que tem 63 anos, ter\u00e1 de esperar a sua vez para receber a dose bivalente. \u201cAssim que liberar, tomarei tamb\u00e9m\u201d, comentou, satisfeita pela rapidez com que a vacina\u00e7\u00e3o foi realizada.<\/p>\n\n\n\n<p>Manoel Ant\u00f4nio do Nascimento, de 70 anos, tamb\u00e9m aproveitou o sistema de aplica\u00e7\u00e3o em drive para receber a nova dose. \u201cSinto maior seguran\u00e7a tomando as doses sempre em dia e pedi para minha sobrinha me trazer\u201d, contou o aposentado.<\/p>\n\n\n\n<figure class=\"wp-block-image size-large\"><img loading=\"lazy\" decoding=\"async\" width=\"1200\" height=\"675\" src=\"https:\/\/tvtecjundiai.com.br\/news\/wp-content\/uploads\/sites\/2\/2023\/03\/manoel-vacina-1200x675.jpeg\" alt=\"\" class=\"wp-image-105669\" srcset=\"https:\/\/tvtecjundiai.com.br\/news\/wp-content\/uploads\/sites\/2\/2023\/03\/manoel-vacina-1200x675.jpeg 1200w, https:\/\/tvtecjundiai.com.br\/news\/wp-content\/uploads\/sites\/2\/2023\/03\/manoel-vacina-300x169.jpeg 300w, https:\/\/tvtecjundiai.com.br\/news\/wp-content\/uploads\/sites\/2\/2023\/03\/manoel-vacina-768x432.jpeg 768w, https:\/\/tvtecjundiai.com.br\/news\/wp-content\/uploads\/sites\/2\/2023\/03\/manoel-vacina.jpeg 1280w\" sizes=\"auto, (max-width: 1200px) 100vw, 1200px\" \/><figcaption class=\"wp-element-caption\">O aposentado Manoel Nascimento pediu para a sobrinha lev\u00e1-lo para a vacina\u00e7\u00e3o<\/figcaption><\/figure>\n\n\n\n<p><\/p>\n\n\n\n<p><strong>Aplica\u00e7\u00e3o<\/strong><br>Em sistema drive-thru no Parque da Uva, a aplica\u00e7\u00e3o continua nesta quarta-feira (1\u00ba), das 17h \u00e0s 20h30. A entrada ser\u00e1 pelo port\u00e3o 13, localizado na avenida Manoela Lacerda de Vergueiro, s\/n.<\/p>\n\n\n\n<p>At\u00e9 o final da tarde desta ter\u00e7a-feira (28), restavam cerca de 30% das vagas para aplica\u00e7\u00e3o no s\u00e1bado (04), em UBSs de Jundia\u00ed. O agendamento pode ser feito pelo&nbsp;<a href=\"https:\/\/vacina.jundiai.sp.gov.br\/agendamento\/?rand=375062215830\">Site da Prefeitura de Jundia\u00ed<\/a>, com a escolha de hor\u00e1rio, das 8h30 \u00e0s 16h, e de um dos 11 equipamentos de sa\u00fade: Cl\u00ednica da Fam\u00edlia Hortol\u00e2ndia; Cl\u00ednica da Fam\u00edlia 2; UBS Eloy Chaves, Nova UBS Retiro, UBS Rami, Nova UBS Santa Gertrudes; Nova UBS Agapeama; UBS Col\u00f4nia; UBS Tarum\u00e3; UBS Ivoturucaia; e UBS Morada das Vinhas.<\/p>\n\n\n\n<p>\u00c0 medida que a cidade receber novos lotes da Pfizer Bivalente ser\u00e1 ampliado tanto o agendamento como a popula\u00e7\u00e3o apta a receber o imunizante.<\/p>\n\n\n\n<figure class=\"wp-block-image size-large\"><img loading=\"lazy\" decoding=\"async\" width=\"1200\" height=\"675\" src=\"https:\/\/tvtecjundiai.com.br\/news\/wp-content\/uploads\/sites\/2\/2023\/03\/lino-vacina-1200x675.jpeg\" alt=\"\" class=\"wp-image-105670\" srcset=\"https:\/\/tvtecjundiai.com.br\/news\/wp-content\/uploads\/sites\/2\/2023\/03\/lino-vacina-1200x675.jpeg 1200w, https:\/\/tvtecjundiai.com.br\/news\/wp-content\/uploads\/sites\/2\/2023\/03\/lino-vacina-300x169.jpeg 300w, https:\/\/tvtecjundiai.com.br\/news\/wp-content\/uploads\/sites\/2\/2023\/03\/lino-vacina-768x432.jpeg 768w, https:\/\/tvtecjundiai.com.br\/news\/wp-content\/uploads\/sites\/2\/2023\/03\/lino-vacina.jpeg 1280w\" sizes=\"auto, (max-width: 1200px) 100vw, 1200px\" \/><figcaption class=\"wp-element-caption\">Lino Loiola foi ao drive do Parque da Uva receber sua aplica\u00e7\u00e3o, ele levou a esposa, que ainda n\u00e3o est\u00e1 na faixa et\u00e1ria habilitada<\/figcaption><\/figure>\n\n\n\n<p><\/p>\n\n\n\n<p><strong><em>(Fonte\/Imagens: Prefeitura de Jundia\u00ed)<\/em><\/strong><\/p>\n","protected":false},"excerpt":{"rendered":"<p>A dose protege contra a cepa original do coronav\u00edrus, al\u00e9m das subvariantes \u00f4micron<\/p>\n","protected":false},"author":30,"featured_media":105670,"comment_status":"closed","ping_status":"0","sticky":false,"template":"","format":"standard","meta":{"footnotes":""},"categories":[8356,1,2839,8355],"tags":[],"class_list":["post-105668","post","type-post","status-publish","format-standard","has-post-thumbnail","hentry","category-jundiai","category-noticias","category-saude","category-saude-3"],"_links":{"self":[{"href":"https:\/\/tvtecjundiai.com.br\/news\/wp-json\/wp\/v2\/posts\/105668","targetHints":{"allow":["GET"]}}],"collection":[{"href":"https:\/\/tvtecjundiai.com.br\/news\/wp-json\/wp\/v2\/posts"}],"about":[{"href":"https:\/\/tvtecjundiai.com.br\/news\/wp-json\/wp\/v2\/types\/post"}],"author":[{"embeddable":true,"href":"https:\/\/tvtecjundiai.com.br\/news\/wp-json\/wp\/v2\/users\/30"}],"replies":[{"embeddable":true,"href":"https:\/\/tvtecjundiai.com.br\/news\/wp-json\/wp\/v2\/comments?post=105668"}],"version-history":[{"count":1,"href":"https:\/\/tvtecjundiai.com.br\/news\/wp-json\/wp\/v2\/posts\/105668\/revisions"}],"predecessor-version":[{"id":105671,"href":"https:\/\/tvtecjundiai.com.br\/news\/wp-json\/wp\/v2\/posts\/105668\/revisions\/105671"}],"wp:featuredmedia":[{"embeddable":true,"href":"https:\/\/tvtecjundiai.com.br\/news\/wp-json\/wp\/v2\/media\/105670"}],"wp:attachment":[{"href":"https:\/\/tvtecjundiai.com.br\/news\/wp-json\/wp\/v2\/media?parent=105668"}],"wp:term":[{"taxonomy":"category","embeddable":true,"href":"https:\/\/tvtecjundiai.com.br\/news\/wp-json\/wp\/v2\/categories?post=105668"},{"taxonomy":"post_tag","embeddable":true,"href":"https:\/\/tvtecjundiai.com.br\/news\/wp-json\/wp\/v2\/tags?post=105668"}],"curies":[{"name":"wp","href":"https:\/\/api.w.org\/{rel}","templated":true}]}}