{"id":105672,"date":"2023-03-01T09:24:05","date_gmt":"2023-03-01T12:24:05","guid":{"rendered":"https:\/\/tvtecjundiai.com.br\/news\/?p=105672"},"modified":"2023-03-01T09:24:11","modified_gmt":"2023-03-01T12:24:11","slug":"transportadores-escolares-recebem-capacitacao-voltada-ao-tratamento-as-criancas","status":"publish","type":"post","link":"https:\/\/tvtecjundiai.com.br\/news\/2023\/03\/01\/transportadores-escolares-recebem-capacitacao-voltada-ao-tratamento-as-criancas\/","title":{"rendered":"Transportadores Escolares recebem capacita\u00e7\u00e3o voltada ao tratamento \u00e0s crian\u00e7as"},"content":{"rendered":"\n<p>Uma a\u00e7\u00e3o conjunta entre a Unidade de Gest\u00e3o de Cultura (UGC), a Unidade de Gest\u00e3o de Educa\u00e7\u00e3o (UGE) e a Unidade de Gest\u00e3o de Mobilidade e Transporte (UGMT) realizou um treinamento com transportadores escolares de Jundia\u00ed voltado ao tema Cidade das Crian\u00e7as e \u00e0 capacita\u00e7\u00e3o no atendimento aos pequenos da rede municipal de ensino.<\/p>\n\n\n\n<p>A a\u00e7\u00e3o aconteceu na UNIP e contou diferentes palestras e apresenta\u00e7\u00f5es. Participaram cerca de 200 condutores, que posteriormente receber\u00e3o um Selo certificando que realizaram a capacita\u00e7\u00e3o. O encontro tamb\u00e9m faz parte dos preparativos para o evento internacional da Rede Latino-Americana Cidade das Crian\u00e7as e da rede Urban95, da Funda\u00e7\u00e3o Bernard Van Leer, que acontece entre 18 e 24 de mar\u00e7o em Jundia\u00ed e t\u00eam foco espec\u00edfico na divulga\u00e7\u00e3o e discuss\u00e3o de pol\u00edticas da primeira inf\u00e2ncia.<\/p>\n\n\n\n<p>O diretor de Transporte da Unidade de Gest\u00e3o de Mobilidade e Transporte (UGMT), Leslie Litano Tealdi, afirma que o treinamento \u00e9 importante para aperfei\u00e7oar as a\u00e7\u00f5es que promovem a conviv\u00eancia saud\u00e1vel entre crian\u00e7as e seus cuidadores, um dos principais prop\u00f3sitos do projeto Jundia\u00ed, Cidade das Crian\u00e7as, inclusive, com o curso de primeiros socorros, para atua\u00e7\u00e3o r\u00e1pida em caso de eventual necessidade.<\/p>\n\n\n\n<figure class=\"wp-block-image size-large\"><img loading=\"lazy\" decoding=\"async\" width=\"1200\" height=\"900\" src=\"https:\/\/tvtecjundiai.com.br\/news\/wp-content\/uploads\/sites\/2\/2023\/03\/unip-certa-1280x960-1-1200x900.jpg\" alt=\"\" class=\"wp-image-105673\" srcset=\"https:\/\/tvtecjundiai.com.br\/news\/wp-content\/uploads\/sites\/2\/2023\/03\/unip-certa-1280x960-1-1200x900.jpg 1200w, https:\/\/tvtecjundiai.com.br\/news\/wp-content\/uploads\/sites\/2\/2023\/03\/unip-certa-1280x960-1-300x225.jpg 300w, https:\/\/tvtecjundiai.com.br\/news\/wp-content\/uploads\/sites\/2\/2023\/03\/unip-certa-1280x960-1-768x576.jpg 768w, https:\/\/tvtecjundiai.com.br\/news\/wp-content\/uploads\/sites\/2\/2023\/03\/unip-certa-1280x960-1.jpg 1280w\" sizes=\"auto, (max-width: 1200px) 100vw, 1200px\" \/><figcaption class=\"wp-element-caption\">Diretor Leslie palestra durante a capacita\u00e7\u00e3o para os transportadores escolares de Jundia\u00ed<\/figcaption><\/figure>\n\n\n\n<p><\/p>\n\n\n\n<p>\u201cEstender essa troca de experi\u00eancias entre profissionais \u00e9 uma das prioridades da gest\u00e3o municipal, promovendo o cuidado e o desenvolvimento das crian\u00e7as, em todos os meios em que elas convivem. No caso dos transportadores escolares, que est\u00e3o diariamente com os alunos, tamb\u00e9m \u00e9 mais um refor\u00e7o para a seguran\u00e7a no tr\u00e2nsito\u201d, aponta.<\/p>\n\n\n\n<p>O objetivo da capacita\u00e7\u00e3o foi o de compartilhar as concep\u00e7\u00f5es sobre as inf\u00e2ncias com os condutores de transportes escolares, ampliando seus olhares para as crian\u00e7as e, principalmente, gerando mudan\u00e7as de comportamento no atendimento que realizam. Durante o encontro, os profissionais foram informados sobre os diversos projetos e pol\u00edticas p\u00fablicas que tornam Jundia\u00ed refer\u00eancia como Cidade das Crian\u00e7as, sendo o primeiro Munic\u00edpio do Estado a integrar a Rede Latino-Americana \u2013 Projeto Cidade das Crian\u00e7as.<\/p>\n\n\n\n<p><strong><em>(Fonte\/Imagem: Prefeitura de Jundia\u00ed)<\/em><\/strong><\/p>\n","protected":false},"excerpt":{"rendered":"<p>Treinamento \u00e9 importante para promover a conviv\u00eancia saud\u00e1vel entre crian\u00e7as e seus cuidadores<\/p>\n","protected":false},"author":30,"featured_media":105673,"comment_status":"closed","ping_status":"0","sticky":false,"template":"","format":"standard","meta":{"footnotes":""},"categories":[2828,8356,1],"tags":[],"class_list":["post-105672","post","type-post","status-publish","format-standard","has-post-thumbnail","hentry","category-educacao","category-jundiai","category-noticias"],"_links":{"self":[{"href":"https:\/\/tvtecjundiai.com.br\/news\/wp-json\/wp\/v2\/posts\/105672","targetHints":{"allow":["GET"]}}],"collection":[{"href":"https:\/\/tvtecjundiai.com.br\/news\/wp-json\/wp\/v2\/posts"}],"about":[{"href":"https:\/\/tvtecjundiai.com.br\/news\/wp-json\/wp\/v2\/types\/post"}],"author":[{"embeddable":true,"href":"https:\/\/tvtecjundiai.com.br\/news\/wp-json\/wp\/v2\/users\/30"}],"replies":[{"embeddable":true,"href":"https:\/\/tvtecjundiai.com.br\/news\/wp-json\/wp\/v2\/comments?post=105672"}],"version-history":[{"count":1,"href":"https:\/\/tvtecjundiai.com.br\/news\/wp-json\/wp\/v2\/posts\/105672\/revisions"}],"predecessor-version":[{"id":105674,"href":"https:\/\/tvtecjundiai.com.br\/news\/wp-json\/wp\/v2\/posts\/105672\/revisions\/105674"}],"wp:featuredmedia":[{"embeddable":true,"href":"https:\/\/tvtecjundiai.com.br\/news\/wp-json\/wp\/v2\/media\/105673"}],"wp:attachment":[{"href":"https:\/\/tvtecjundiai.com.br\/news\/wp-json\/wp\/v2\/media?parent=105672"}],"wp:term":[{"taxonomy":"category","embeddable":true,"href":"https:\/\/tvtecjundiai.com.br\/news\/wp-json\/wp\/v2\/categories?post=105672"},{"taxonomy":"post_tag","embeddable":true,"href":"https:\/\/tvtecjundiai.com.br\/news\/wp-json\/wp\/v2\/tags?post=105672"}],"curies":[{"name":"wp","href":"https:\/\/api.w.org\/{rel}","templated":true}]}}