{"id":105676,"date":"2023-03-01T09:48:12","date_gmt":"2023-03-01T12:48:12","guid":{"rendered":"https:\/\/tvtecjundiai.com.br\/news\/?p=105676"},"modified":"2023-03-01T11:04:06","modified_gmt":"2023-03-01T14:04:06","slug":"jundiai-empreendedora-marca-presenca-na-fens-2023","status":"publish","type":"post","link":"https:\/\/tvtecjundiai.com.br\/news\/2023\/03\/01\/jundiai-empreendedora-marca-presenca-na-fens-2023\/","title":{"rendered":"Jundia\u00ed Empreendedora marca presen\u00e7a na FENS 2023"},"content":{"rendered":"\n<p>Os servi\u00e7os do Jundia\u00ed Empreendedora estar\u00e3o \u00e0 disposi\u00e7\u00e3o de trabalhadores e empres\u00e1rios durante a&nbsp;<a rel=\"noreferrer noopener\" href=\"https:\/\/jundiai.sp.gov.br\/fens\/\" target=\"_blank\">FENS 2023 \u2013 Feira do Empreendedor, Neg\u00f3cios e Servi\u00e7os<\/a>, que come\u00e7a na pr\u00f3xima sexta (3), com abertura oficial marcada para as 11h, no Parque Comendador Ant\u00f4nio Carbonari (Parque da Uva). Para a popula\u00e7\u00e3o, os port\u00f5es estar\u00e3o abertos a partir do meio-dia. A entrada \u00e9 gratuita.<\/p>\n\n\n\n<p>Os atendimentos do PAT (Posto de Atendimento do Trabalhador) e do Banco do Povo Paulista estar\u00e3o dispon\u00edveis nos dois finais de semana do evento \u2013 3, 4, 5, 10, 11 e 12 de mar\u00e7o. \u201cVamos ter todos esses servi\u00e7os \u00e0 disposi\u00e7\u00e3o de quem estiver na FENS, auxiliando os empreendedores e tamb\u00e9m quem busca uma oportunidade de emprego\u201d, declarou Cristiano Lopes, gestor de Desenvolvimento Econ\u00f4mico, Ci\u00eancia e Tecnologia e idealizador do evento.<\/p>\n\n\n\n<p>O PAT vai cadastrar os curr\u00edculos daqueles que buscam recoloca\u00e7\u00e3o profissional, al\u00e9m de fazer a orienta\u00e7\u00e3o na procura de vagas dispon\u00edveis no&nbsp;<a href=\"https:\/\/negocios.jundiai.sp.gov.br\/\" target=\"_blank\" rel=\"noreferrer noopener\">portal Jundia\u00ed Empreendedora<\/a>. H\u00e1 uma m\u00e9dia di\u00e1ria de 1,8 mil vagas oferecidas por empresas de Jundia\u00ed e regi\u00e3o.<\/p>\n\n\n<div class=\"wp-block-image\">\n<figure class=\"aligncenter size-large is-resized\"><img loading=\"lazy\" decoding=\"async\" src=\"https:\/\/tvtecjundiai.com.br\/news\/wp-content\/uploads\/sites\/2\/2023\/03\/jundiai-empreendedora-carteia-de-trabalho_fm_-42-1280x853-1-1200x800.jpg\" alt=\"\" class=\"wp-image-105679\" width=\"680\" height=\"453\" srcset=\"https:\/\/tvtecjundiai.com.br\/news\/wp-content\/uploads\/sites\/2\/2023\/03\/jundiai-empreendedora-carteia-de-trabalho_fm_-42-1280x853-1-1200x800.jpg 1200w, https:\/\/tvtecjundiai.com.br\/news\/wp-content\/uploads\/sites\/2\/2023\/03\/jundiai-empreendedora-carteia-de-trabalho_fm_-42-1280x853-1-300x200.jpg 300w, https:\/\/tvtecjundiai.com.br\/news\/wp-content\/uploads\/sites\/2\/2023\/03\/jundiai-empreendedora-carteia-de-trabalho_fm_-42-1280x853-1-768x512.jpg 768w, https:\/\/tvtecjundiai.com.br\/news\/wp-content\/uploads\/sites\/2\/2023\/03\/jundiai-empreendedora-carteia-de-trabalho_fm_-42-1280x853-1.jpg 1280w\" sizes=\"auto, (max-width: 680px) 100vw, 680px\" \/><figcaption class=\"wp-element-caption\">Cadastro de curr\u00edculos na plataforma digital ser\u00e1 um dos servi\u00e7os oferecidos no Parque da Uva \u00e0 popula\u00e7\u00e3o<\/figcaption><\/figure>\n<\/div>\n\n\n<p><strong>Banco do Povo<\/strong><\/p>\n\n\n\n<p>O Banco do Povo tamb\u00e9m ter\u00e1 atendimento durante a FENS, com possibilidades de financiamento para os empreendedores. Em 2022, foram disponibilizados aproximadamente R$ 1,4 milh\u00e3o para compra de m\u00e1quinas e equipamentos, entre outros.<\/p>\n\n\n\n<p>\u201cO governo se dedica para desburocratizar os servi\u00e7os p\u00fablicos e agilizar a abertura de novos neg\u00f3cios. Jundia\u00ed investe na constru\u00e7\u00e3o de um ecossistema de inova\u00e7\u00e3o para potencializar a vinda de novos neg\u00f3cios para o munic\u00edpio, al\u00e9m de estimular o empreendedorismo local. Esse ciclo virtuoso traz empregos de boa qualidade e gera oportunidades e empregos. Tudo isso mostra que estamos no caminho certo\u201d, pontuou Jos\u00e9 Antonio Parimoschi, gestor de Governo e Finan\u00e7as.<\/p>\n\n\n\n<p>A feira reserva ainda espa\u00e7os para a Associa\u00e7\u00e3o Comercial Empresarial de Jundia\u00ed (ACE), Sindicato do Com\u00e9rcio Varejista de Jundia\u00ed e Regi\u00e3o (Sincomercio), C\u00e2mara de Dirigentes Lojistas de Jundia\u00ed (CDL), Fatec Deputado Ary Fossen, ETEC Benedito Storani e Ciesp (Centro das Ind\u00fastrias do Estado de S\u00e3o Paulo).<\/p>\n\n\n\n<p><strong>Servi\u00e7o<\/strong><\/p>\n\n\n\n<p>FENS 2023<\/p>\n\n\n\n<p>Data: Dias 3, 4, 5, 10, 11 e 12 de mar\u00e7o<\/p>\n\n\n\n<p>Hor\u00e1rio: \u00e0s sextas, das 12h \u00e0s 22h; aos s\u00e1bados, das 9h \u00e0s 22h; domingos, das 9h \u00e0s 18h<\/p>\n\n\n\n<p>Local: Parque Comendador Ant\u00f4nio Carbonari (avenida Jundia\u00ed, s\/n, Anhangaba\u00fa)<\/p>\n\n\n\n<p>\u00c1rea de alimenta\u00e7\u00e3o, atra\u00e7\u00f5es culturais, m\u00fasica ao vivo, espa\u00e7o kids<\/p>\n\n\n\n<p>Entrada gratuita<\/p>\n\n\n\n<p>Mais informa\u00e7\u00f5es e descontos exclusivos:&nbsp;<a href=\"https:\/\/jundiai.sp.gov.br\/fens\/\">https:\/\/jundiai.sp.gov.br\/fens\/<\/a><\/p>\n\n\n\n<p><em><strong>(Fonte\/Imagem: Prefeitura de Jundia\u00ed)<\/strong><\/em><\/p>\n","protected":false},"excerpt":{"rendered":"<p>Para a popula\u00e7\u00e3o, os port\u00f5es estar\u00e3o abertos a partir do meio-dia<\/p>\n","protected":false},"author":30,"featured_media":105679,"comment_status":"closed","ping_status":"0","sticky":false,"template":"","format":"standard","meta":{"footnotes":""},"categories":[8362,8356,1],"tags":[],"class_list":["post-105676","post","type-post","status-publish","format-standard","has-post-thumbnail","hentry","category-empreendedorismo","category-jundiai","category-noticias"],"_links":{"self":[{"href":"https:\/\/tvtecjundiai.com.br\/news\/wp-json\/wp\/v2\/posts\/105676","targetHints":{"allow":["GET"]}}],"collection":[{"href":"https:\/\/tvtecjundiai.com.br\/news\/wp-json\/wp\/v2\/posts"}],"about":[{"href":"https:\/\/tvtecjundiai.com.br\/news\/wp-json\/wp\/v2\/types\/post"}],"author":[{"embeddable":true,"href":"https:\/\/tvtecjundiai.com.br\/news\/wp-json\/wp\/v2\/users\/30"}],"replies":[{"embeddable":true,"href":"https:\/\/tvtecjundiai.com.br\/news\/wp-json\/wp\/v2\/comments?post=105676"}],"version-history":[{"count":2,"href":"https:\/\/tvtecjundiai.com.br\/news\/wp-json\/wp\/v2\/posts\/105676\/revisions"}],"predecessor-version":[{"id":105685,"href":"https:\/\/tvtecjundiai.com.br\/news\/wp-json\/wp\/v2\/posts\/105676\/revisions\/105685"}],"wp:featuredmedia":[{"embeddable":true,"href":"https:\/\/tvtecjundiai.com.br\/news\/wp-json\/wp\/v2\/media\/105679"}],"wp:attachment":[{"href":"https:\/\/tvtecjundiai.com.br\/news\/wp-json\/wp\/v2\/media?parent=105676"}],"wp:term":[{"taxonomy":"category","embeddable":true,"href":"https:\/\/tvtecjundiai.com.br\/news\/wp-json\/wp\/v2\/categories?post=105676"},{"taxonomy":"post_tag","embeddable":true,"href":"https:\/\/tvtecjundiai.com.br\/news\/wp-json\/wp\/v2\/tags?post=105676"}],"curies":[{"name":"wp","href":"https:\/\/api.w.org\/{rel}","templated":true}]}}